{"id":38651,"date":"2024-09-18T04:31:45","date_gmt":"2024-09-18T04:31:45","guid":{"rendered":"https:\/\/tvbrazilusa.com\/2024\/09\/18\/governo-lula-planeja-nova-revisao-do-bolsa-familia-para-2025\/"},"modified":"2024-09-18T04:31:46","modified_gmt":"2024-09-18T04:31:46","slug":"governo-lula-planeja-nova-revisao-do-bolsa-familia-para-2025","status":"publish","type":"post","link":"https:\/\/tvbrazilusa.com\/pt\/2024\/09\/18\/governo-lula-planeja-nova-revisao-do-bolsa-familia-para-2025\/","title":{"rendered":"Governo Lula planeja nova revis\u00e3o do Bolsa Fam\u00edlia para 2025"},"content":{"rendered":"<p> <script async src=\"https:\/\/pagead2.googlesyndication.com\/pagead\/js\/adsbygoogle.js?client=ca-pub-8864793242727901\"\r\n     crossorigin=\"anonymous\"><\/script><br \/>\n<\/p>\n<div id=\"taboola-read-more\" style=\"display:block; width:100%\">\n<p>A partir de janeiro de 2025, o Programa Bolsa Fam\u00edlia passar\u00e1 por uma nova revis\u00e3o, com \u00eanfase nas fam\u00edlias unipessoais (aquelas compostas por uma \u00fanica pessoa) e na atualiza\u00e7\u00e3o dos cadastros desatualizados no Cad\u00danico (Cadastro \u00danico para Programas Sociais). A informa\u00e7\u00e3o \u00e9 do jornal Folha de S. Paulo.<\/p>\n<p>Esse processo de revis\u00e3o tem como objetivo auxiliar o cumprimento das metas da proposta or\u00e7ament\u00e1ria para 2025, que prev\u00ea um corte de R$ 2,3 bilh\u00f5es no or\u00e7amento do programa em compara\u00e7\u00e3o a 2024, reduzindo o total de R$ 168,6 bilh\u00f5es para R$ 166,3 bilh\u00f5es.<\/p>\n<p>Em agosto de 2024, o programa beneficiou 21,1 milh\u00f5es de fam\u00edlias, com pagamentos totais de R$ 14,25 bilh\u00f5es. Atualmente, mais de 4 milh\u00f5es de fam\u00edlias unipessoais s\u00e3o atendidas, conforme dados do Minist\u00e9rio do Desenvolvimento e Assist\u00eancia Social, Fam\u00edlia e Combate \u00e0 Fome (MDS).<\/p>\n<p>O aumento no n\u00famero de benefici\u00e1rios unipessoais e as inconsist\u00eancias no Cad\u00danico, que ainda apresenta um grande n\u00famero de fam\u00edlias com dados desatualizados h\u00e1 mais de quatro anos \u2014 sendo que a lei exige atualiza\u00e7\u00e3o a cada dois anos sob pena de suspens\u00e3o do benef\u00edcio \u2014 foram apontados como preocupantes pelo Tribunal de Contas da Uni\u00e3o (TCU). Em 2022, o relat\u00f3rio do TCU recomendou a readequa\u00e7\u00e3o do programa, a investiga\u00e7\u00e3o dos problemas de focaliza\u00e7\u00e3o, a regulariza\u00e7\u00e3o da gest\u00e3o dos dados do Cad\u00danico e a corre\u00e7\u00e3o do planejamento para a implementa\u00e7\u00e3o dos benef\u00edcios pendentes.<\/p>\n<p>Desde 2023, o minist\u00e9rio tem realizado revis\u00f5es constantes, com foco especial nas fam\u00edlias unipessoais, devido ao aumento desse perfil de benefici\u00e1rios em 2022, ano eleitoral.<\/p>\n<p><strong>Gazeta Brasil\u00a0<\/strong><\/p>\n<\/p><\/div>\n<p><br \/>\n<br \/><a href=\"https:\/\/diariodobrasilnoticias.com.br\/noticia\/governo-lula-planeja-nova-revisao-do-bolsa-familia-para-2025-66e9ee886f45b\">Source link <\/a><\/p>","protected":false},"excerpt":{"rendered":"<p>A partir de janeiro de 2025, o Programa Bolsa Fam\u00edlia passar\u00e1 por uma nova revis\u00e3o, com \u00eanfase nas fam\u00edlias unipessoais (aquelas compostas por uma \u00fanica pessoa) e na atualiza\u00e7\u00e3o dos&hellip;<\/p>","protected":false},"author":1,"featured_media":38652,"comment_status":"closed","ping_status":"open","sticky":false,"template":"","format":"standard","meta":{"content-type":"","footnotes":""},"categories":[16],"tags":[123,2448,5313,1267],"class_list":["post-38651","post","type-post","status-publish","format-standard","has-post-thumbnail","hentry","category-noticias","tag-brasil","tag-diario","tag-noticia","tag-noticias"],"_links":{"self":[{"href":"https:\/\/tvbrazilusa.com\/pt\/wp-json\/wp\/v2\/posts\/38651","targetHints":{"allow":["GET"]}}],"collection":[{"href":"https:\/\/tvbrazilusa.com\/pt\/wp-json\/wp\/v2\/posts"}],"about":[{"href":"https:\/\/tvbrazilusa.com\/pt\/wp-json\/wp\/v2\/types\/post"}],"author":[{"embeddable":true,"href":"https:\/\/tvbrazilusa.com\/pt\/wp-json\/wp\/v2\/users\/1"}],"replies":[{"embeddable":true,"href":"https:\/\/tvbrazilusa.com\/pt\/wp-json\/wp\/v2\/comments?post=38651"}],"version-history":[{"count":1,"href":"https:\/\/tvbrazilusa.com\/pt\/wp-json\/wp\/v2\/posts\/38651\/revisions"}],"predecessor-version":[{"id":38653,"href":"https:\/\/tvbrazilusa.com\/pt\/wp-json\/wp\/v2\/posts\/38651\/revisions\/38653"}],"wp:featuredmedia":[{"embeddable":true,"href":"https:\/\/tvbrazilusa.com\/pt\/wp-json\/wp\/v2\/media\/38652"}],"wp:attachment":[{"href":"https:\/\/tvbrazilusa.com\/pt\/wp-json\/wp\/v2\/media?parent=38651"}],"wp:term":[{"taxonomy":"category","embeddable":true,"href":"https:\/\/tvbrazilusa.com\/pt\/wp-json\/wp\/v2\/categories?post=38651"},{"taxonomy":"post_tag","embeddable":true,"href":"https:\/\/tvbrazilusa.com\/pt\/wp-json\/wp\/v2\/tags?post=38651"}],"curies":[{"name":"wp","href":"https:\/\/api.w.org\/{rel}","templated":true}]}}