{"id":38654,"date":"2024-09-18T04:45:14","date_gmt":"2024-09-18T04:45:14","guid":{"rendered":"https:\/\/tvbrazilusa.com\/2024\/09\/18\/prepare-o-bolso-carne-bovina-vai-ficar-mais-cara-a-partir-de-2025\/"},"modified":"2024-09-18T04:45:15","modified_gmt":"2024-09-18T04:45:15","slug":"prepare-o-bolso-carne-bovina-vai-ficar-mais-cara-a-partir-de-2025","status":"publish","type":"post","link":"https:\/\/tvbrazilusa.com\/pt\/2024\/09\/18\/prepare-o-bolso-carne-bovina-vai-ficar-mais-cara-a-partir-de-2025\/","title":{"rendered":"Prepare o bolso: carne bovina vai ficar mais cara a partir de 2025"},"content":{"rendered":"<p> <script async src=\"https:\/\/pagead2.googlesyndication.com\/pagead\/js\/adsbygoogle.js?client=ca-pub-8864793242727901\"\r\n     crossorigin=\"anonymous\"><\/script><br \/>\n<\/p>\n<div>\n<figure class=\"post-image\">\n<\/figure>\n<p><span style=\"font-size: 12px\">Wenderson Araujo\/Trilux\/CNA<\/span><\/p>\n<div id=\"taboola-read-more\" style=\"display:block; width:100%\">\n<p>Os pre\u00e7os da carne bovina, que est\u00e3o se mantendo est\u00e1veis desde fim de 2022, devem come\u00e7ar a subir a partir de 2025. A proje\u00e7\u00e3o da consultoria Datagro prev\u00ea que em 2025, o abate de animais no Brasil deve cair 4,6% e em 2026, 7,5%. Esse retorno das altas no pre\u00e7o da carne se deve, principalmente, ao in\u00edcio da invers\u00e3o do ciclo da pecu\u00e1ria. Na pr\u00e1tica, \u00e9 quando a produ\u00e7\u00e3o come\u00e7a a cair e, por isso, os pre\u00e7os devem subir.<\/p>\n<p>A expectativa do setor \u00e9 que 2024 termine com o abate de 37 milh\u00f5es de cabe\u00e7as de gado que, se confirmado, ser\u00e1 o maior volume de abates j\u00e1 registrado no pa\u00eds.<\/p>\n<div>\n<div>\n<p>De acordo com dados do Instituto Brasileiro de Geografia e Estat\u00edstica (IBGE), no segundo trimestre de 2024, o Brasil marcou um novo recorde no abate de bovinos: 9,96 milh\u00f5es de cabe\u00e7as, alta de 17,5% em rela\u00e7\u00e3o ao mesmo per\u00edodo de 2023 e 6,7% em rela\u00e7\u00e3o ao primeiro trimestre. Esse resultado \u00e9 reflexo da forte demanda, dos mercados interno e externo, mas principalmente da grande disponibilidade de gado para abate.<\/p>\n<\/div>\n<\/div>\n<div>\n<div>\n<p>Nesta ter\u00e7a-feira (17), o Imea (Instituto Matogrossense de Economia) apontou que Mato Grosso, que \u00e9 o estado com o maior rebanho no Brasil, bateu um recorde, com 949,58 mil toneladas da prote\u00edna no 1\u00ba semestre de 2024.<\/p>\n<\/div>\n<\/div>\n<div>\n<div>\n<p>Especialistas em pecu\u00e1ria do Ita\u00fa BBA apontam que a oferta de carne bovina, em 2024 deve encerrar o ano com alta de 13%, o que far\u00e1 com que o consumidor brasileiro tamb\u00e9m tenha aumentado a m\u00e9dia de consumo de carne bovina, com 32 quilos de carne por habitante.<\/p>\n<\/div>\n<\/div>\n<div>\n<p><h2>O que \u00e9 ciclo da pecu\u00e1ria: sobe e desce dos pre\u00e7os da carne de boi<\/h2>\n<\/p>\n<\/div>\n<div>\n<div>\n<div>\n<div>\n<p>O\u00a0<strong>ciclo da pecu\u00e1ria<\/strong>\u00a0\u00e9 um fen\u00f4meno que se caracteriza por<strong>\u00a0flutua\u00e7\u00f5es peri\u00f3dicas nos pre\u00e7os da carne e do gado no campo<\/strong>, com per\u00edodos de alta e de baixa. Esse ciclo \u00e9 determinado pela produ\u00e7\u00e3o. Com o aumento de bezerros no campo, os pre\u00e7os caem e h\u00e1 um aumento no ritmo de abates de f\u00eameas (o que ocorreu em 2022, 2023 e 2024) e por isso, os pre\u00e7os caem. Com a redu\u00e7\u00e3o no rebanho dispon\u00edvel para abates, os pecuaristas come\u00e7am a reduzir a venda de gado para os frigor\u00edficos, ou seja, a oferta diminuiu, e os pre\u00e7os voltam a subir, o que deve come\u00e7ar a ocorrer\u00a0<strong>a partir de 2025 at\u00e9 2027<\/strong>, quando de fato, o ciclo se inverte.<\/p>\n<\/div>\n<\/div>\n<div>\n<div>\n<p>De acordo com a Embrapa Gado de Corte, a dura\u00e7\u00e3o do ciclo da pecu\u00e1ria est\u00e1 diminuindo ao longo dos anos, mas atualmente no Brasil, ainda gira em torno de 5 a 6 anos. Com o aumento da produtividade no campo (animais engordando mais r\u00e1pido), os abates tamb\u00e9m come\u00e7am a ocorrer mais cedo.<\/p>\n<p><strong>Band<\/strong><\/p>\n<\/div>\n<\/div>\n<\/div>\n<\/div><\/div>\n<div class=\"row mt-3\">\n<div class=\"col-sm-6\">\n<p><a href=\"https:\/\/chat.whatsapp.com\/GwURnmOyPiN1XheGYvCspN\" target=\"_blank\" rel=\"noopener\"><br \/>\n<img decoding=\"async\" src=\"https:\/\/diariodobrasilnoticias.com.br\/assets-site\/images\/bot_whatsapp.png\"\/><\/a>\n<\/div>\n<div class=\"col-sm-6\">\n<a href=\"https:\/\/t.me\/+_4gTmi5LKo03OTM5\" target=\"_blank\" rel=\"noopener\"><br \/>\n<img decoding=\"async\" src=\"https:\/\/diariodobrasilnoticias.com.br\/assets-site\/images\/bot_telegram.png\"\/><\/a>\n<\/div>\n<\/div>\n<\/div>\n<p><br \/>\n<br \/><a href=\"https:\/\/diariodobrasilnoticias.com.br\/noticia\/prepare-o-bolso-carne-bovina-vai-ficar-mais-cara-a-partir-de-2025-66ea0211aabba\">Source link <\/a><\/p>","protected":false},"excerpt":{"rendered":"<p>Wenderson Araujo\/Trilux\/CNA Os pre\u00e7os da carne bovina, que est\u00e3o se mantendo est\u00e1veis desde fim de 2022, devem come\u00e7ar a subir a partir de 2025. A proje\u00e7\u00e3o da consultoria Datagro prev\u00ea&hellip;<\/p>","protected":false},"author":1,"featured_media":38655,"comment_status":"closed","ping_status":"open","sticky":false,"template":"","format":"standard","meta":{"content-type":"","footnotes":""},"categories":[16],"tags":[123,2448,5313,1267],"class_list":["post-38654","post","type-post","status-publish","format-standard","has-post-thumbnail","hentry","category-noticias","tag-brasil","tag-diario","tag-noticia","tag-noticias"],"_links":{"self":[{"href":"https:\/\/tvbrazilusa.com\/pt\/wp-json\/wp\/v2\/posts\/38654","targetHints":{"allow":["GET"]}}],"collection":[{"href":"https:\/\/tvbrazilusa.com\/pt\/wp-json\/wp\/v2\/posts"}],"about":[{"href":"https:\/\/tvbrazilusa.com\/pt\/wp-json\/wp\/v2\/types\/post"}],"author":[{"embeddable":true,"href":"https:\/\/tvbrazilusa.com\/pt\/wp-json\/wp\/v2\/users\/1"}],"replies":[{"embeddable":true,"href":"https:\/\/tvbrazilusa.com\/pt\/wp-json\/wp\/v2\/comments?post=38654"}],"version-history":[{"count":1,"href":"https:\/\/tvbrazilusa.com\/pt\/wp-json\/wp\/v2\/posts\/38654\/revisions"}],"predecessor-version":[{"id":38656,"href":"https:\/\/tvbrazilusa.com\/pt\/wp-json\/wp\/v2\/posts\/38654\/revisions\/38656"}],"wp:featuredmedia":[{"embeddable":true,"href":"https:\/\/tvbrazilusa.com\/pt\/wp-json\/wp\/v2\/media\/38655"}],"wp:attachment":[{"href":"https:\/\/tvbrazilusa.com\/pt\/wp-json\/wp\/v2\/media?parent=38654"}],"wp:term":[{"taxonomy":"category","embeddable":true,"href":"https:\/\/tvbrazilusa.com\/pt\/wp-json\/wp\/v2\/categories?post=38654"},{"taxonomy":"post_tag","embeddable":true,"href":"https:\/\/tvbrazilusa.com\/pt\/wp-json\/wp\/v2\/tags?post=38654"}],"curies":[{"name":"wp","href":"https:\/\/api.w.org\/{rel}","templated":true}]}}