{"id":38660,"date":"2024-09-18T05:15:15","date_gmt":"2024-09-18T05:15:15","guid":{"rendered":"https:\/\/tvbrazilusa.com\/2024\/09\/18\/governo-lula-condena-ataque-ao-hezbollah-com-pagers-explosivos\/"},"modified":"2024-09-18T05:15:16","modified_gmt":"2024-09-18T05:15:16","slug":"governo-lula-condena-ataque-ao-hezbollah-com-pagers-explosivos","status":"publish","type":"post","link":"https:\/\/tvbrazilusa.com\/pt\/2024\/09\/18\/governo-lula-condena-ataque-ao-hezbollah-com-pagers-explosivos\/","title":{"rendered":"Governo Lula condena ataque ao Hezbollah com pagers explosivos"},"content":{"rendered":"<p> <script async src=\"https:\/\/pagead2.googlesyndication.com\/pagead\/js\/adsbygoogle.js?client=ca-pub-8864793242727901\"\r\n     crossorigin=\"anonymous\"><\/script><br \/>\n<\/p>\n<div id=\"taboola-read-more\" style=\"display:block; width:100%\">\n<p>O governo brasileiro condenou o ataque cibern\u00e9tico que resultou na xplos\u00e3o de pagers no L\u00edbano. A s\u00e9rie de explos\u00f5es coordenadas e simult\u00e2neas de centenas de aparelhos eletr\u00f4nicos, nesta ter\u00e7a-feira (17\/9), resultou na morte de ao menos 11 pessoas e deixou centenas de feridos.<\/p>\n<p>\u201cTais atos conduzem a escalada significativa de tens\u00f5es na regi\u00e3o e exacerbam o risco de alastramento do conflito. Demonstram, tamb\u00e9m, que, lamentavelmente, t\u00eam sido in\u00f3cuos os m\u00faltiplos apelos da comunidade internacional para que atores no Oriente M\u00e9dio exer\u00e7am m\u00e1xima conten\u00e7\u00e3o\u201d, afirma nota divulgada pelo Minist\u00e9rio das Rela\u00e7\u00f5es Exteriores.<\/p>\n<p>O Itamaraty ainda frisou que o Brasil reitera o car\u00e1ter imperativo do pleno respeito \u00e0 soberania e \u00e0 integridade territorial dos pa\u00edses e reafirma sua defesa do estrito cumprimento da Resolu\u00e7\u00e3o 1701 do Conselho de Seguran\u00e7a das Na\u00e7\u00f5es Unidas.<\/p>\n<p>\u00a0<\/p>\n<p>\u201cA embaixada do Brasil em Beirute n\u00e3o tem registro de nacionais brasileiros entre as v\u00edtimas e est\u00e1 empenhada em prestar as orienta\u00e7\u00f5es devidas \u00e0 comunidade brasileira na delicada situa\u00e7\u00e3o securit\u00e1ria em que se encontra o L\u00edbano\u201d, finaliza.<\/p>\n<p>O ataque cibern\u00e9tico elevou a tens\u00e3o no Oriente M\u00e9dio. Durante a a\u00e7\u00e3o, pagers explodiram simultaneamente em diversas regi\u00f5es do L\u00edbano, assim como em \u00e1reas da S\u00edria.<\/p>\n<p>De acordo com um comunicado do Hezbollah, diversos dispositivos eletr\u00f4nicos utilizados por membros do grupo xiita explodiram por volta de 15h30 (hor\u00e1rio local). O grupo liban\u00eas responsabilizou Israel pela a\u00e7\u00e3o.<\/p>\n<p><strong>Metr\u00f3poles\u00a0<\/strong><\/p>\n<\/p><\/div>\n<p><br \/>\n<br \/><a href=\"https:\/\/diariodobrasilnoticias.com.br\/noticia\/governo-brasileiro-condenou-ataque-ao-hezbollah-com-pagers-explosivos-66ea16969e80a\">Source link <\/a><\/p>","protected":false},"excerpt":{"rendered":"<p>O governo brasileiro condenou o ataque cibern\u00e9tico que resultou na xplos\u00e3o de pagers no L\u00edbano. A s\u00e9rie de explos\u00f5es coordenadas e simult\u00e2neas de centenas de aparelhos eletr\u00f4nicos, nesta ter\u00e7a-feira (17\/9),&hellip;<\/p>","protected":false},"author":1,"featured_media":38661,"comment_status":"closed","ping_status":"open","sticky":false,"template":"","format":"standard","meta":{"content-type":"","footnotes":""},"categories":[16],"tags":[123,2448,5313,1267],"class_list":["post-38660","post","type-post","status-publish","format-standard","has-post-thumbnail","hentry","category-noticias","tag-brasil","tag-diario","tag-noticia","tag-noticias"],"_links":{"self":[{"href":"https:\/\/tvbrazilusa.com\/pt\/wp-json\/wp\/v2\/posts\/38660","targetHints":{"allow":["GET"]}}],"collection":[{"href":"https:\/\/tvbrazilusa.com\/pt\/wp-json\/wp\/v2\/posts"}],"about":[{"href":"https:\/\/tvbrazilusa.com\/pt\/wp-json\/wp\/v2\/types\/post"}],"author":[{"embeddable":true,"href":"https:\/\/tvbrazilusa.com\/pt\/wp-json\/wp\/v2\/users\/1"}],"replies":[{"embeddable":true,"href":"https:\/\/tvbrazilusa.com\/pt\/wp-json\/wp\/v2\/comments?post=38660"}],"version-history":[{"count":1,"href":"https:\/\/tvbrazilusa.com\/pt\/wp-json\/wp\/v2\/posts\/38660\/revisions"}],"predecessor-version":[{"id":38662,"href":"https:\/\/tvbrazilusa.com\/pt\/wp-json\/wp\/v2\/posts\/38660\/revisions\/38662"}],"wp:featuredmedia":[{"embeddable":true,"href":"https:\/\/tvbrazilusa.com\/pt\/wp-json\/wp\/v2\/media\/38661"}],"wp:attachment":[{"href":"https:\/\/tvbrazilusa.com\/pt\/wp-json\/wp\/v2\/media?parent=38660"}],"wp:term":[{"taxonomy":"category","embeddable":true,"href":"https:\/\/tvbrazilusa.com\/pt\/wp-json\/wp\/v2\/categories?post=38660"},{"taxonomy":"post_tag","embeddable":true,"href":"https:\/\/tvbrazilusa.com\/pt\/wp-json\/wp\/v2\/tags?post=38660"}],"curies":[{"name":"wp","href":"https:\/\/api.w.org\/{rel}","templated":true}]}}