{"id":3867,"date":"2024-07-18T21:42:00","date_gmt":"2024-07-18T21:42:00","guid":{"rendered":"https:\/\/tvbrazilusa.com\/2024\/07\/18\/maria-corina-machado-denuncia-atentado-contra-ela-paulo-figueiredo\/"},"modified":"2024-07-19T13:43:07","modified_gmt":"2024-07-19T13:43:07","slug":"maria-corina-machado-denuncia-atentado-contra-ela-paulo-figueiredo","status":"publish","type":"post","link":"https:\/\/tvbrazilusa.com\/pt\/2024\/07\/18\/maria-corina-machado-denuncia-atentado-contra-ela-paulo-figueiredo\/","title":{"rendered":"Mar\u00eda Corina Machado denuncia atentado contra ela &#8211; Paulo Figueiredo"},"content":{"rendered":"<p> <script async src=\"https:\/\/pagead2.googlesyndication.com\/pagead\/js\/adsbygoogle.js?client=ca-pub-8864793242727901\"\r\n     crossorigin=\"anonymous\"><\/script><br \/>\n<\/p>\n<div id=\"wtr-content\" data-bg=\"#FFFFFF\" data-fg=\"#006d91\" data-width=\"25\" data-mute=\"1\" data-fgopacity=\"1.00\" data-mutedopacity=\"0.5\" data-placement=\"bottom\" data-placement-offset=\"0\" data-content-offset=\"262\" data-placement-touch=\"bottom\" data-placement-offset-touch=\"0\" data-transparent=\"\" data-shadow=\"0\" data-touch=\"1\" data-non-touch=\"1\" data-comments=\"0\" data-commentsbg=\"transparent\" data-location=\"page\" data-mutedfg=\"#006d91\" data-endfg=\"#006d91\" data-rtl=\"\">\n<h3 class=\"wp-block-heading\">L\u00edder da oposi\u00e7\u00e3o culpou a campanha do ditador Nicol\u00e1s Maduro<\/h3>\n<p>A l\u00edder da oposi\u00e7\u00e3o da Venezuela, Mar\u00eda Corina Machado, denunciou, nesta quinta-feira, 18, um atentado contra ela e sua equipe.<\/p>\n<p>\u201cNesta manh\u00e3, cometeram um ataque contra mim e minha equipe em Barquisimeto, Estado de Lara\u201d, disse a ex-deputada, no Twitter\/X. \u201cNossos carros foram vandalizados e a mangueira do freio, cortada. Agentes do regime seguiram-nos desde Portuguesa e cercaram o local onde pernoitamos. A campanha de Maduro \u00e9 violenta, e ele \u00e9 respons\u00e1vel por qualquer dano \u00e0 nossa integridade f\u00edsica. N\u00e3o v\u00e3o nos impedir.\u201d<\/p>\n<figure class=\"wp-block-embed is-type-rich is-provider-twitter wp-block-embed-twitter\">\n<div class=\"wp-block-embed__wrapper\">\n<blockquote class=\"twitter-tweet\" data-width=\"550\" data-dnt=\"true\">\n<p lang=\"es\" dir=\"ltr\">ALERTA MUNDIAL <\/p>\n<p>Esta madrugada cometieron un atentado contra m\u00ed y mi equipo en Barquisimeto, estado Lara. Nuestros carros fueron vandalizados y cortaron la manguera de los frenos.<br \/>Agentes del r\u00e9gimen nos siguieron desde Portuguesa y rodearon la urbanizaci\u00f3n donde pernoctamos.<br \/>La\u2026 <a href=\"https:\/\/t.co\/D40gXm9lsT\">pic.twitter.com\/D40gXm9lsT<\/a><\/p>\n<p>\u2014 Mar\u00eda Corina Machado (@MariaCorinaYA) <a href=\"https:\/\/twitter.com\/MariaCorinaYA\/status\/1813913866037756069?ref_src=twsrc%5Etfw\">July 18, 2024<\/a><\/p><\/blockquote>\n<\/div>\n<\/figure>\n<p><strong><a href=\"https:\/\/revistaoeste.com\/mundo\/maria-corina-machado-denuncia-atentado-contra-ela\/\">Source link<\/a><\/strong><\/p>\n<\/div>\n<p><script async src=\"\/\/platform.twitter.com\/widgets.js\" charset=\"utf-8\"><\/script><br \/>\n<br \/><br \/>\n<br \/><a href=\"https:\/\/paulofigueiredoshow.com\/maria-corina-machado-denuncia-atentado-contra-ela\/\">Source link <\/a><\/p>","protected":false},"excerpt":{"rendered":"<p>L\u00edder da oposi\u00e7\u00e3o culpou a campanha do ditador Nicol\u00e1s Maduro A l\u00edder da oposi\u00e7\u00e3o da Venezuela, Mar\u00eda Corina Machado, denunciou, nesta quinta-feira, 18, um atentado contra ela e sua equipe.&hellip;<\/p>","protected":false},"author":1,"featured_media":3868,"comment_status":"closed","ping_status":"open","sticky":false,"template":"","format":"standard","meta":{"content-type":"","footnotes":""},"categories":[16],"tags":[],"class_list":["post-3867","post","type-post","status-publish","format-standard","has-post-thumbnail","hentry","category-noticias"],"_links":{"self":[{"href":"https:\/\/tvbrazilusa.com\/pt\/wp-json\/wp\/v2\/posts\/3867","targetHints":{"allow":["GET"]}}],"collection":[{"href":"https:\/\/tvbrazilusa.com\/pt\/wp-json\/wp\/v2\/posts"}],"about":[{"href":"https:\/\/tvbrazilusa.com\/pt\/wp-json\/wp\/v2\/types\/post"}],"author":[{"embeddable":true,"href":"https:\/\/tvbrazilusa.com\/pt\/wp-json\/wp\/v2\/users\/1"}],"replies":[{"embeddable":true,"href":"https:\/\/tvbrazilusa.com\/pt\/wp-json\/wp\/v2\/comments?post=3867"}],"version-history":[{"count":1,"href":"https:\/\/tvbrazilusa.com\/pt\/wp-json\/wp\/v2\/posts\/3867\/revisions"}],"predecessor-version":[{"id":3869,"href":"https:\/\/tvbrazilusa.com\/pt\/wp-json\/wp\/v2\/posts\/3867\/revisions\/3869"}],"wp:featuredmedia":[{"embeddable":true,"href":"https:\/\/tvbrazilusa.com\/pt\/wp-json\/wp\/v2\/media\/3868"}],"wp:attachment":[{"href":"https:\/\/tvbrazilusa.com\/pt\/wp-json\/wp\/v2\/media?parent=3867"}],"wp:term":[{"taxonomy":"category","embeddable":true,"href":"https:\/\/tvbrazilusa.com\/pt\/wp-json\/wp\/v2\/categories?post=3867"},{"taxonomy":"post_tag","embeddable":true,"href":"https:\/\/tvbrazilusa.com\/pt\/wp-json\/wp\/v2\/tags?post=3867"}],"curies":[{"name":"wp","href":"https:\/\/api.w.org\/{rel}","templated":true}]}}