{"id":38689,"date":"2024-09-18T10:53:59","date_gmt":"2024-09-18T10:53:59","guid":{"rendered":"https:\/\/tvbrazilusa.com\/2024\/09\/18\/deputados-americanos-protocolam-projeto-que-pode-barrar-entrada-de-moraes-nos-eua\/"},"modified":"2024-09-18T10:54:00","modified_gmt":"2024-09-18T10:54:00","slug":"deputados-americanos-protocolam-projeto-que-pode-barrar-entrada-de-moraes-nos-eua","status":"publish","type":"post","link":"https:\/\/tvbrazilusa.com\/pt\/2024\/09\/18\/deputados-americanos-protocolam-projeto-que-pode-barrar-entrada-de-moraes-nos-eua\/","title":{"rendered":"Deputados americanos protocolam projeto que pode barrar entrada de Moraes nos EUA"},"content":{"rendered":"<p> <script async src=\"https:\/\/pagead2.googlesyndication.com\/pagead\/js\/adsbygoogle.js?client=ca-pub-8864793242727901\"\r\n     crossorigin=\"anonymous\"><\/script><br \/>\n<\/p>\n<div>\n<figure class=\"post-image\">\n<\/figure>\n<p><span style=\"font-size: 12px\">Foto: Igo Estrela\/Metr\u00f3poles @igoestrela<\/span><\/p>\n<div id=\"taboola-read-more\" style=\"display:block; width:100%\">\n<p>Um projeto de lei protocolado na segunda-feira (16\/9) por dois congressistas dos Estados Unidos teria como um dos alvos o ministro do STF <a href=\"https:\/\/www.metropoles.com\/tag\/alexandre-de-moraes\">Alexandre de Moraes<\/a>.<\/p>\n<p data-gtm-vis-recent-on-screen104869357_94=\"47716\" data-gtm-vis-first-on-screen104869357_94=\"47716\" data-gtm-vis-total-visible-time104869357_94=\"100\" data-gtm-vis-has-fired104869357_94=\"1\">O projeto foi protocolado pelos deputados republicanos\u00a0<a href=\"http:\/\/salazar.house.gov\/\" target=\"_blank\" rel=\"noopener noreferrer\">Maria Elvira Salazar<\/a>\u00a0e\u00a0<a href=\"http:\/\/issa.house.gov\/\" target=\"_blank\" rel=\"noopener noreferrer\">Darrell Issa<\/a>\u00a0e prev\u00ea que qualquer autoridade estrangeira que promova censura contra cidad\u00e3os americanos n\u00e3o seja aceita nos Estados Unidos.<\/p>\n<p>Segundo\u00a0 congressitas, uma dos motivos do projeto seria Alexandre de Moraes, que determinou a suspens\u00e3o do X no Brasil. Para eles, a decis\u00e3o do magistrado seria uma viola\u00e7\u00e3o dos direitos do bilion\u00e1rio <a href=\"https:\/\/www.metropoles.com\/tag\/elon-musk\" target=\"_blank\" rel=\"noopener noreferrer\">Elon Musk<\/a>.<\/p>\n<p>\u00a0<\/p>\n<p>Dono do X em todo o mundo e de outras empresas, como a Starlink e a SpaceX, Musk nasceu em junho de 1971 na \u00c1frica do Sul, mas tem cidadania americana.<\/p>\n<blockquote>\n<p>\u201cO ministro do Supremo Tribunal Federal do Brasil Alexandre de Moraes \u00e9 a vanguarda de um ataque internacional \u00e0 liberdade de express\u00e3o contra cidad\u00e3os americanos como Elon Musk\u201d, disse Salazar em seu\u00a0<a href=\"https:\/\/salazar.house.gov\/media\/press-releases\/salazar-and-issa-introduce-legislation-deny-visas-foreign-officials-violate\" target=\"_blank\" rel=\"noopener noreferrer\">site oficial<\/a>.<\/p>\n<p>De acordo com a deputada, \u201cos agentes da censura n\u00e3o s\u00e3o bem-vindos na terra da liberdade, os Estados Unidos\u201d. Para ela, o projeto serviria como um \u201caviso\u201d para autoridades estrangeiras que tomarem decis\u00f5es contra americanos.<\/p>\n<blockquote>\n<p>\u201cTodos n\u00f3s estamos cientes do abuso de poder por parte do Supremo Tribunal Federal no Brasil, que est\u00e1 atacando Elon Musk e bloqueando o acesso ao X, uma empresa americana de capital fechado. Mas os direitos de liberdade de express\u00e3o dos americanos tamb\u00e9m est\u00e3o sob ataque em todo o mundo, e em muitos pa\u00edses que talvez n\u00e3o esper\u00e1ssemos\u201d, declarou Darrell Issa.<\/p>\n<p><strong>Fonte: Metr\u00f3poles<\/strong><\/p>\n<\/blockquote>\n<\/blockquote>\n<\/div>\n<\/div>\n<p><br \/>\n<br \/><a href=\"https:\/\/diariodobrasilnoticias.com.br\/noticia\/deputados-americanos-protocolam-projeto-que-pode-barrar-entrada-de-moraes-nos-eua-66eaae1e3d8f7\">Source link <\/a><\/p>","protected":false},"excerpt":{"rendered":"<p>Foto: Igo Estrela\/Metr\u00f3poles @igoestrela Um projeto de lei protocolado na segunda-feira (16\/9) por dois congressistas dos Estados Unidos teria como um dos alvos o ministro do STF Alexandre de Moraes.&hellip;<\/p>","protected":false},"author":1,"featured_media":38690,"comment_status":"closed","ping_status":"open","sticky":false,"template":"","format":"standard","meta":{"content-type":"","footnotes":""},"categories":[16],"tags":[123,2448,5313,1267],"class_list":["post-38689","post","type-post","status-publish","format-standard","has-post-thumbnail","hentry","category-noticias","tag-brasil","tag-diario","tag-noticia","tag-noticias"],"_links":{"self":[{"href":"https:\/\/tvbrazilusa.com\/pt\/wp-json\/wp\/v2\/posts\/38689","targetHints":{"allow":["GET"]}}],"collection":[{"href":"https:\/\/tvbrazilusa.com\/pt\/wp-json\/wp\/v2\/posts"}],"about":[{"href":"https:\/\/tvbrazilusa.com\/pt\/wp-json\/wp\/v2\/types\/post"}],"author":[{"embeddable":true,"href":"https:\/\/tvbrazilusa.com\/pt\/wp-json\/wp\/v2\/users\/1"}],"replies":[{"embeddable":true,"href":"https:\/\/tvbrazilusa.com\/pt\/wp-json\/wp\/v2\/comments?post=38689"}],"version-history":[{"count":1,"href":"https:\/\/tvbrazilusa.com\/pt\/wp-json\/wp\/v2\/posts\/38689\/revisions"}],"predecessor-version":[{"id":38691,"href":"https:\/\/tvbrazilusa.com\/pt\/wp-json\/wp\/v2\/posts\/38689\/revisions\/38691"}],"wp:featuredmedia":[{"embeddable":true,"href":"https:\/\/tvbrazilusa.com\/pt\/wp-json\/wp\/v2\/media\/38690"}],"wp:attachment":[{"href":"https:\/\/tvbrazilusa.com\/pt\/wp-json\/wp\/v2\/media?parent=38689"}],"wp:term":[{"taxonomy":"category","embeddable":true,"href":"https:\/\/tvbrazilusa.com\/pt\/wp-json\/wp\/v2\/categories?post=38689"},{"taxonomy":"post_tag","embeddable":true,"href":"https:\/\/tvbrazilusa.com\/pt\/wp-json\/wp\/v2\/tags?post=38689"}],"curies":[{"name":"wp","href":"https:\/\/api.w.org\/{rel}","templated":true}]}}