{"id":38706,"date":"2024-09-18T12:07:38","date_gmt":"2024-09-18T12:07:38","guid":{"rendered":"https:\/\/tvbrazilusa.com\/2024\/09\/18\/quaest-no-rio-paes-tem-57-ramagem-18-e-tarcisio-4\/"},"modified":"2024-09-18T12:07:39","modified_gmt":"2024-09-18T12:07:39","slug":"quaest-no-rio-paes-tem-57-ramagem-18-e-tarcisio-4","status":"publish","type":"post","link":"https:\/\/tvbrazilusa.com\/pt\/2024\/09\/18\/quaest-no-rio-paes-tem-57-ramagem-18-e-tarcisio-4\/","title":{"rendered":"Quaest no Rio: Paes tem 57%; Ramagem, 18%; e Tarc\u00edsio, 4%"},"content":{"rendered":"<p> <script async src=\"https:\/\/pagead2.googlesyndication.com\/pagead\/js\/adsbygoogle.js?client=ca-pub-8864793242727901\"\r\n     crossorigin=\"anonymous\"><\/script><br \/>\n<\/p>\n<div id=\"chunk-f0tmm\">\n<p>Pesquisa <strong>Quaest<\/strong> contratada pela <strong>Globo<\/strong> e divulgada nesta quarta-feira (18) com as inten\u00e7\u00f5es de voto para a Prefeitura do <a class=\"\" href=\"https:\/\/g1.globo.com\/rj\/rio-de-janeiro\/cidade\/rio-de-janeiro\/\">Rio de Janeiro<\/a> aponta que o candidato \u00e0 reelei\u00e7\u00e3o, <a class=\"\" href=\"https:\/\/g1.globo.com\/politica\/politico\/eduardo-paes\/\"><span class=\"highlight\">Eduardo Paes<\/span><\/a><span class=\"highlight\"> (<\/span><a class=\"\" href=\"https:\/\/g1.globo.com\/politica\/partido\/psd\/\"><span class=\"highlight\">PSD<\/span><\/a><span class=\"highlight\">), segue com folga na lideran\u00e7a, com <\/span><strong><span class=\"highlight\">57% <\/span><\/strong><span class=\"highlight\">das inten\u00e7\u00f5es de voto<\/span>.<\/p>\n<\/div>\n<div id=\"chunk-8q0ac\">\n<p>\u00a0<\/p>\n<div id=\"chunk-9thvc\">\n<p>Esses n\u00fameros se referem a um <strong>cen\u00e1rio estimulado<\/strong>, em que s\u00e3o apresentadas op\u00e7\u00f5es para o entrevistado.<\/p>\n<\/div>\n<div id=\"chunk-2plc1\">\n<p>A pesquisa entrevistou presencialmente<strong>1.140 eleitores<\/strong> de 16 anos ou mais no Rio, entre 15 e 17 de setembro. A margem de erro \u00e9 de 3 pontos percentuais. A pesquisa foi registrada junto \u00e0 Justi\u00e7a Eleitoral e protocolada com o n\u00famero: RJ<strong>&#8211;<\/strong><a href=\"https:\/\/diariodobrasilnoticias.com.br\/noticia\/tel:02944\/2024\">02944\/2024<\/a>. O n\u00edvel de confian\u00e7a \u00e9 de 95%.<\/p>\n<\/div>\n<div id=\"chunk-40nge\">\n<p><h2>Inten\u00e7\u00e3o de voto para prefeito do Rio (estimulada)<\/h2>\n<\/p>\n<\/div>\n<div id=\"chunk-bk5lp\">\n<ul class=\"content-unordered-list\">\n<li>Eduardo Paes (PSD): <strong>57%<\/strong> (tinha 64% em 11\/9, 60% em agosto, 49% em julho e 51% em junho);<\/li>\n<li>Alexandre Ramagem (PL): <strong>18%<\/strong> (tinha 13% em 11\/9, 9% em agosto, 13% em julho e 11% em junho);<\/li>\n<li>Tarc\u00edsio Motta (PSOL): <strong>4%<\/strong> (tinha 4% em 11\/9, 5% em agosto, 7% em julho e 8% em junho);<\/li>\n<li><a class=\"\" href=\"https:\/\/g1.globo.com\/politica\/politico\/rodrigo-de-amorim-pinto\/\">Rodrigo Amorim<\/a> (<a class=\"\" href=\"https:\/\/g1.globo.com\/politica\/partido\/uniao-brasil\/\">Uni\u00e3o Brasil<\/a>): <strong>1%;<\/strong><\/li>\n<li><a class=\"\" href=\"https:\/\/g1.globo.com\/politica\/politico\/marcelo-robson-queiroz-moura\/\">Marcelo Queiroz<\/a> (<a class=\"\" href=\"https:\/\/g1.globo.com\/politica\/partido\/pp\/\">PP<\/a>): <strong>1%;<\/strong><\/li>\n<li><a class=\"\" href=\"https:\/\/g1.globo.com\/politica\/politico\/cyro-garcia\/\">Cyro Garcia<\/a> (<a class=\"\" href=\"https:\/\/g1.globo.com\/politica\/partido\/pstu\/\">PSTU<\/a>): <strong>2%<\/strong><\/li>\n<li>Juliete Panjota (UP): <strong>0%<\/strong><\/li>\n<li>Carol Sponza (<a class=\"\" href=\"https:\/\/g1.globo.com\/politica\/partido\/novo\/\">Novo<\/a>): <strong>1%<\/strong><\/li>\n<li><a class=\"\" href=\"https:\/\/g1.globo.com\/politica\/politico\/henrique-simonard\/\">Henrique Simonard<\/a> (<a class=\"\" href=\"https:\/\/g1.globo.com\/politica\/partido\/pco\/\">PCO<\/a>): <strong>0% <\/strong><\/li>\n<li>Em branco\/nulo\/nenhum: 10<strong>%<\/strong><\/li>\n<li>Indecisos: 6<strong>%<\/strong><\/li>\n<\/ul>\n<p><strong>Fonte: G1<\/strong><\/p>\n<\/div>\n<\/div>\n<p><br \/>\n<br \/><a href=\"https:\/\/diariodobrasilnoticias.com.br\/noticia\/quaest-no-rio-paes-tem-57-ramagem-18-e-tarcisio-4-66eaaf99181bc\">Source link <\/a><\/p>","protected":false},"excerpt":{"rendered":"<p>Pesquisa Quaest contratada pela Globo e divulgada nesta quarta-feira (18) com as inten\u00e7\u00f5es de voto para a Prefeitura do Rio de Janeiro aponta que o candidato \u00e0 reelei\u00e7\u00e3o, Eduardo Paes&hellip;<\/p>","protected":false},"author":1,"featured_media":38707,"comment_status":"closed","ping_status":"open","sticky":false,"template":"","format":"standard","meta":{"content-type":"","footnotes":""},"categories":[16],"tags":[123,2448,5313,1267],"class_list":["post-38706","post","type-post","status-publish","format-standard","has-post-thumbnail","hentry","category-noticias","tag-brasil","tag-diario","tag-noticia","tag-noticias"],"_links":{"self":[{"href":"https:\/\/tvbrazilusa.com\/pt\/wp-json\/wp\/v2\/posts\/38706","targetHints":{"allow":["GET"]}}],"collection":[{"href":"https:\/\/tvbrazilusa.com\/pt\/wp-json\/wp\/v2\/posts"}],"about":[{"href":"https:\/\/tvbrazilusa.com\/pt\/wp-json\/wp\/v2\/types\/post"}],"author":[{"embeddable":true,"href":"https:\/\/tvbrazilusa.com\/pt\/wp-json\/wp\/v2\/users\/1"}],"replies":[{"embeddable":true,"href":"https:\/\/tvbrazilusa.com\/pt\/wp-json\/wp\/v2\/comments?post=38706"}],"version-history":[{"count":1,"href":"https:\/\/tvbrazilusa.com\/pt\/wp-json\/wp\/v2\/posts\/38706\/revisions"}],"predecessor-version":[{"id":38708,"href":"https:\/\/tvbrazilusa.com\/pt\/wp-json\/wp\/v2\/posts\/38706\/revisions\/38708"}],"wp:featuredmedia":[{"embeddable":true,"href":"https:\/\/tvbrazilusa.com\/pt\/wp-json\/wp\/v2\/media\/38707"}],"wp:attachment":[{"href":"https:\/\/tvbrazilusa.com\/pt\/wp-json\/wp\/v2\/media?parent=38706"}],"wp:term":[{"taxonomy":"category","embeddable":true,"href":"https:\/\/tvbrazilusa.com\/pt\/wp-json\/wp\/v2\/categories?post=38706"},{"taxonomy":"post_tag","embeddable":true,"href":"https:\/\/tvbrazilusa.com\/pt\/wp-json\/wp\/v2\/tags?post=38706"}],"curies":[{"name":"wp","href":"https:\/\/api.w.org\/{rel}","templated":true}]}}