{"id":38709,"date":"2024-09-18T12:01:35","date_gmt":"2024-09-18T12:01:35","guid":{"rendered":"https:\/\/tvbrazilusa.com\/2024\/09\/18\/dolphins-colocam-tua-tagovailoa-na-reserva-de-lesionados-apos-a-ultima-concussao\/"},"modified":"2024-09-18T12:14:11","modified_gmt":"2024-09-18T12:14:11","slug":"dolphins-colocam-tua-tagovailoa-na-reserva-de-lesionados-apos-a-ultima-concussao","status":"publish","type":"post","link":"https:\/\/tvbrazilusa.com\/pt\/2024\/09\/18\/dolphins-colocam-tua-tagovailoa-na-reserva-de-lesionados-apos-a-ultima-concussao\/","title":{"rendered":"Dolphins colocam Tua Tagovailoa na reserva de lesionados ap\u00f3s a \u00faltima concuss\u00e3o"},"content":{"rendered":"<p> <script async src=\"https:\/\/pagead2.googlesyndication.com\/pagead\/js\/adsbygoogle.js?client=ca-pub-8864793242727901\"\r\n     crossorigin=\"anonymous\"><\/script><br \/>\n<\/p>\n<div id=\"\">\n<header class=\"m-article-header m-article-header--standard\">\n\t\t\t\t\t\t\t\t\t\t\t\t<span id=\"article-header-primary-term\"><br \/>\n\t\t\t\t\t\t\t\t<a class=\"a-term a-term--primary\" href=\"https:\/\/www.boston.com\/tag\/nfl\/\"><\/p>\n<p>\t\t\t\t\t\t\t\tNFL\t\t\t\t\t\t\t\t<\/a><br \/>\n\t\t\t\t\t\t\t<\/span><\/p>\n<h2 class=\"m-article-header__sub-headline\">O quarterback ficar\u00e1 afastado por pelo menos quatro jogos ap\u00f3s sofrer sua terceira concuss\u00e3o em dois anos.<\/h2>\n<figure class=\"a-photo m-article-header__photo\"><figcaption class=\"a-photo__caption\">\n<p>\tO t\u00e9cnico dos Dolphins, Mike McDaniel, conversa com Tua Tagovailoa ao deixar o jogo ap\u00f3s sofrer uma concuss\u00e3o durante uma partida contra os Bills.<em> AP Photo \/ Rebecca Blackwell<\/em>\t<\/figcaption><\/figure>\n<div class=\"m-article-header__meta\">\n<div class=\"m-article-header__byline\">\n<p class=\"m-article-header__author\">\n<p>\t\t\t\t\t\t\t\tPor ALANIS THAMES, Associated Press\t\t\t\t\t\t\t<\/p>\n<p>\t\t\t\t\t\t    \t\t\t\t\t\t\t<time class=\"m-article-header__date\"><\/p>\n<p>        \t\t\t\t\t\t\t18 de setembro de 2024 | 8:01 AM    \t\t\t\t\t\t\t<\/time><\/p><\/div>\n<\/p><\/div>\n<\/header>\n<p>MIAMI GARDENS, Fl\u00f3rida (AP) \u2014 O Miami Dolphins colocou Tua Tagovailoa na reserva de lesionados na ter\u00e7a-feira depois que o quarterback foi diagnosticado com sua <a href=\"https:\/\/www.boston.com\/sports\/sports-news\/2024\/09\/13\/tua-tagovailoa-concussion-hits-head-on-turf\/\">terceira concuss\u00e3o em dois anos<\/a>.<\/p>\n<p>Tagovailoa ficar\u00e1 afastado por pelo menos quatro jogos. Ele estar\u00e1 qualificado para retornar na Semana 8, quando os Dolphins receberem o Arizona, mas tem que completar uma s\u00e9rie de testes e avalia\u00e7\u00f5es exigidos pelo <a href=\"https:\/\/www.boston.com\/tag\/nfl\/\">NFL<\/a>protocolo de concuss\u00e3o antes que ele possa retornar ao campo.<\/p>\n<p>Tagovailoa se machucou na noite da \u00faltima quinta-feira quando colidiu com o defensive back do Buffalo, Damar Hamlin. Ele correu para um first down e ent\u00e3o iniciou o contato abaixando seu ombro em Hamlin em vez de deslizar.<\/p>\n<p>Jogadores de ambos os times imediatamente sinalizaram que Tagovailoa estava machucado, e enquanto ele estava deitado no gramado o quarterback exibiu alguns sinais tipicamente associados a uma les\u00e3o cerebral traum\u00e1tica. Ele permaneceu no campo por alguns minutos, levantou-se e caminhou at\u00e9 a linha lateral. Os Dolphins o diagnosticaram com uma concuss\u00e3o alguns minutos depois.<\/p>\n<p>O t\u00e9cnico Mike McDaniel desde ent\u00e3o alertou contra especula\u00e7\u00f5es sobre o futuro do quarterback, enfatizando que ele est\u00e1 mais focado em Tagovailoa ficar saud\u00e1vel do que no que essa \u00faltima concuss\u00e3o significa para o time ou para sua carreira. Tagovailoa come\u00e7ou esta semana o processo de consultar neurologistas sobre sua sa\u00fade em meio a relatos de que ele n\u00e3o tem planos de se aposentar.<\/p>\n<p>Outros na NFL deram suas opini\u00f5es sobre o futuro de Tagovailoa, incluindo o t\u00e9cnico do Raiders, Antonio Pierce, que sugeriu que ele deveria se aposentar.<\/p>\n<p>\u201cNo que diz respeito \u00e0 carreira de Tua, acho que \u00e9 uma prioridade m\u00e1xima minha que Tua fale sobre a carreira de Tua\u201d, disse McDaniel na segunda-feira. \u201cRelat\u00f3rios s\u00e3o relat\u00f3rios. No que me diz respeito, estou apenas preocupado com o ser humano e onde ele est\u00e1 no dia a dia. Vou deixar Tua ser o campe\u00e3o de sua pr\u00f3pria carreira.\u201d<\/p>\n<p>McDaniel disse que Tagovailoa estava nas instala\u00e7\u00f5es de treinamento da equipe na segunda-feira, cumprimentando os companheiros e trabalhando com os treinadores.<\/p>\n<p>\u201cEle est\u00e1 indo bem, cara. Conversei com ele, ele est\u00e1 de bom humor\u201d, disse o recebedor Jaylen Waddle na segunda-feira. \u201c(Ele) deixou o time de bom humor e todos rezando por ele e torcendo (por sua) sa\u00fade.\u201d<\/p>\n<p>Les\u00f5es na cabe\u00e7a se tornaram uma ocorr\u00eancia familiar e assustadora ao longo da carreira de Tagovailoa.<\/p>\n<p>Em um jogo de setembro de 2022 contra o Bills, ele levou um golpe do linebacker Matt Milano, que o fez cair no ch\u00e3o. Ele pareceu desorientado depois e trope\u00e7ou ao tentar se levantar. Ele foi liberado para retornar ao jogo e depois disse que foi uma les\u00e3o nas costas que causou o trope\u00e7o. Ele n\u00e3o foi diagnosticado com concuss\u00e3o.<\/p>\n<p>Quatro dias depois, ele foi atingido novamente durante um jogo de quinta-feira \u00e0 noite em Cincinnati, no qual ele ficou brevemente inconsciente e foi retirado do campo em uma maca. Enquanto ele estava deitado no gramado, seus dedos pareciam exibir a &#8220;resposta de esgrima&#8221;, um movimento involunt\u00e1rio tipicamente associado a uma les\u00e3o cerebral. Naquela \u00e9poca, ele foi colocado no protocolo de concuss\u00e3o.<\/p>\n<p>A NFL e o sindicato dos jogadores fizeram mudan\u00e7as no <a href=\"https:\/\/www.boston.com\/sports\/new-england-patriots\/2018\/03\/07\/heres-how-the-nfls-concussion-protocol-really-works\/\">protocolo de concuss\u00e3o<\/a> depois desses dois incidentes com Tagovailoa. Jogadores que t\u00eam problemas de equil\u00edbrio ou estabilidade agora est\u00e3o proibidos de retornar a um jogo.<\/p>\n<p>Tagovailoa pensou brevemente em se aposentar, mas voltou e estudou maneiras de se proteger melhor em campo, incluindo aulas de jiu-jitsu antes da temporada de 2023.<\/p>\n<p>Tagovailoa disse que falou com v\u00e1rios neurologistas que lhe disseram que n\u00e3o acreditavam que ele seria mais suscet\u00edvel a ferimentos na cabe\u00e7a do que qualquer outro jogador no futuro, nem que ele teria um risco maior de encefalopatia traum\u00e1tica cr\u00f4nica (ETC), a doen\u00e7a cerebral associada a golpes repetidos na cabe\u00e7a. Ele tamb\u00e9m foi diagnosticado com uma concuss\u00e3o enquanto estava na faculdade no Alabama.<\/p>\n<p>Com Tagovailoa afastado, os Dolphins ir\u00e3o com o reserva Skylar Thompson quando jogarem em Seattle no domingo. Miami tamb\u00e9m contratou Tyler Huntley do elenco de treino dos Ravens.<\/p>\n<div class=\"m-block m-generic-cta\t m-generic-cta--post-content\t m-generic-cta--dark\t m-generic-cta--homepage\t m-generic-cta--email-signup\t\t m-generic-cta-block-style--default \tt-amp__generic-cta\"><\/p>\n<div class=\"m-generic-cta__wrap\">\n<div class=\"m-generic-cta__content\">\n<h3 class=\"m-generic-cta__title\">Receba as \u00faltimas not\u00edcias esportivas de Boston<\/h3>\n<p class=\"m-generic-cta__subtitle\">Receba atualiza\u00e7\u00f5es sobre seus times favoritos de Boston, diretamente da nossa reda\u00e7\u00e3o para sua caixa de entrada.<\/p>\n<\/p><\/div>\n<\/p><\/div>\n<\/div><\/div>\n<p><script>\n\t\tvar consent=\"grant\";\n\t\t\/* The above code is parsing the JSON data from the local storage and storing it in a variable. *\/\n\t\t\t\t\tconst onetrustStorageConsent = JSON.parse(localStorage.getItem( 'consent_one_trust_bdc' ) );\n\t\t\tif ( ( onetrustStorageConsent !== null ) ) {\n\t\t\t\t\/* Checking to see if the user has consented to the use of cookies.\n\t\t\t\t* If they have not, it is deleting the cookie.\n\t\t\t\t* This will comment for now, until further notice.\n\t\t\t\t*\/\n\t\t\t\t\/\/if ( onetrustStorageConsent.C0002 === false ) {\n\t\t\t\t\/\/\tdocument.cookie=\"_fbp=;expires=Thu, 01 Jan 2010 00:00:00 UTC; path=\/; domain=.boston.com\";\n\t\t\t\t\/\/}\n\t\t\t\t\/* Checking if the user has given consent for the cookie C0002.\n\t\t\t\t* If the user has given consent, the variable consent will be set to 'grant'.\n\t\t\t\t* If the user has not given consent,the variable consent will be set to 'revoke'.\n\t\t\t\t* Documentation https:\/\/developers.facebook.com\/docs\/meta-pixel\/implementation\/gdpr\n\t\t\t\t*\/\n\t\t\t\tif ( onetrustStorageConsent.C0002 !== true ) {\n\t\t\t\t\tconsent=\"revoke\";\n\t\t\t\t}\n\t\t\t}\n\t\t\t\t!function(f,b,e,v,n,t,s)\n\t\t{if(f.fbq)return;n=f.fbq=function(){n.callMethod?\n\t\tn.callMethod.apply(n,arguments):n.queue.push(arguments)};\n\t\tif(!f._fbq)f._fbq=n;n.push=n;n.loaded=!0;n.version='2.0';\n\t\tn.queue=[];t=b.createElement(e);t.async=!0;\n\t\tt.src=v;s=b.getElementsByTagName(e)[0];\n\t\ts.parentNode.insertBefore(t,s)}(window, document,'script',\n\t\t'https:\/\/connect.facebook.net\/en_US\/fbevents.js');\n\t\tfbq('consent', consent);\n\t\tfbq('init', '989222871864976');\n\t\tfbq('track', 'PageView');\n\t<\/script><script type=\"module\">\n\t\tvar consent=\"grant\";\n\t\t\/* The above code is parsing the JSON data from the local storage and storing it in a variable. *\/\n\t\t\tconst onetrustStorageConsent = JSON.parse(localStorage.getItem( 'consent_one_trust_bdc' ) );\n\t\t\t\/* Checking to see if the user has consented to the use of cookies.\n\t\t\t* If they have not, it is deleting the cookie.\n\t\t\t* This will comment for now, until further notice.\n\t\t\t*\/\n\t\t\t\/\/if ( onetrustStorageConsent.C0002 === false ) {\n\t\t\t\/\/\tdocument.cookie=\"_fbp=;expires=Thu, 01 Jan 2010 00:00:00 UTC; path=\/; domain=.boston.com\";\n\t\t\t\/\/}\n\t\t\t\/* Checking if the user has given consent for the cookie C0002.\n\t\t\t* If the user has given consent, the variable consent will be set to 'grant'.\n\t\t\t* If the user has not given consent,the variable consent will be set to 'revoke'.\n\t\t\t* Documentation https:\/\/developers.facebook.com\/docs\/meta-pixel\/implementation\/gdpr\n\t\t\t*\/\n\t\t\tif ( ( onetrustStorageConsent !== null ) && (onetrustStorageConsent.C0002 !== true ) ) {\n\t\t\t\tconsent=\"revoke\";\n\t\t\t}\n\t\t\t\t!function(f,b,e,v,n,t,s){if(f.fbq)return;n=f.fbq=function()\n\t\t{n.callMethod? n.callMethod.apply(n,arguments):n.queue.push(arguments)}\n\t\t;if(!f._fbq)f._fbq=n;\n\t\tn.push=n;n.loaded=!0;n.version='2.0';n.queue=[];t=b.createElement(e);t.async=!0;\n\t\tt.src=v;s=b.getElementsByTagName(e)[0];s.parentNode.insertBefore(t,s)}(window,\n\t\tdocument,'script','https:\/\/connect.facebook.net\/en_US\/fbevents.js');\n\t\tfbq('consent', consent);\n\t\tfbq('init', '813236348753005');\n\t\tfbq('track', \"PageView\");\n\t<\/script><br \/>\n<br \/><br \/>\n<br \/><a href=\"https:\/\/www.boston.com\/sports\/nfl\/2024\/09\/18\/tua-tagovailoa-injured-reserve-concussion-dolphins-nfl\/\">Source link <\/a><\/p>","protected":false},"excerpt":{"rendered":"<p>NFL O quarterback ficar\u00e1 afastado por pelo menos quatro jogos ap\u00f3s sofrer sua terceira concuss\u00e3o em dois anos. O t\u00e9cnico dos Dolphins, Mike McDaniel, conversa com Tua Tagovailoa ao deixar&hellip;<\/p>","protected":false},"author":1,"featured_media":38710,"comment_status":"closed","ping_status":"open","sticky":false,"template":"","format":"standard","meta":{"content-type":"","footnotes":""},"categories":[1],"tags":[],"class_list":["post-38709","post","type-post","status-publish","format-standard","has-post-thumbnail","hentry","category-uncategorized"],"_links":{"self":[{"href":"https:\/\/tvbrazilusa.com\/pt\/wp-json\/wp\/v2\/posts\/38709","targetHints":{"allow":["GET"]}}],"collection":[{"href":"https:\/\/tvbrazilusa.com\/pt\/wp-json\/wp\/v2\/posts"}],"about":[{"href":"https:\/\/tvbrazilusa.com\/pt\/wp-json\/wp\/v2\/types\/post"}],"author":[{"embeddable":true,"href":"https:\/\/tvbrazilusa.com\/pt\/wp-json\/wp\/v2\/users\/1"}],"replies":[{"embeddable":true,"href":"https:\/\/tvbrazilusa.com\/pt\/wp-json\/wp\/v2\/comments?post=38709"}],"version-history":[{"count":1,"href":"https:\/\/tvbrazilusa.com\/pt\/wp-json\/wp\/v2\/posts\/38709\/revisions"}],"predecessor-version":[{"id":38711,"href":"https:\/\/tvbrazilusa.com\/pt\/wp-json\/wp\/v2\/posts\/38709\/revisions\/38711"}],"wp:featuredmedia":[{"embeddable":true,"href":"https:\/\/tvbrazilusa.com\/pt\/wp-json\/wp\/v2\/media\/38710"}],"wp:attachment":[{"href":"https:\/\/tvbrazilusa.com\/pt\/wp-json\/wp\/v2\/media?parent=38709"}],"wp:term":[{"taxonomy":"category","embeddable":true,"href":"https:\/\/tvbrazilusa.com\/pt\/wp-json\/wp\/v2\/categories?post=38709"},{"taxonomy":"post_tag","embeddable":true,"href":"https:\/\/tvbrazilusa.com\/pt\/wp-json\/wp\/v2\/tags?post=38709"}],"curies":[{"name":"wp","href":"https:\/\/api.w.org\/{rel}","templated":true}]}}