{"id":38712,"date":"2024-09-18T12:15:00","date_gmt":"2024-09-18T12:15:00","guid":{"rendered":"https:\/\/tvbrazilusa.com\/2024\/09\/18\/mikel-jollett-do-airborne-toxic-event-fala-sobre-glory-antes-do-show-no-white-eagle-hall\/"},"modified":"2024-09-18T12:22:05","modified_gmt":"2024-09-18T12:22:05","slug":"mikel-jollett-do-airborne-toxic-event-fala-sobre-glory-antes-do-show-no-white-eagle-hall","status":"publish","type":"post","link":"https:\/\/tvbrazilusa.com\/pt\/2024\/09\/18\/mikel-jollett-do-airborne-toxic-event-fala-sobre-glory-antes-do-show-no-white-eagle-hall\/","title":{"rendered":"Mikel Jollett do Airborne Toxic Event fala sobre &#8220;Glory&#8221; antes do show no White Eagle Hall"},"content":{"rendered":"<script async src=\"https:\/\/pagead2.googlesyndication.com\/pagead\/js\/adsbygoogle.js?client=ca-pub-8864793242727901\"\r\n     crossorigin=\"anonymous\"><\/script>\n<div>\n<p class=\"article__paragraph article__paragraph--left\" id=\"TX4PEAQVVNCGZEZYTHKSSF7XHU\">Desde o lan\u00e7amento de seu novo \u00e1lbum \u201cGlory\u201d, a maioria das perguntas que Mikel Jollett, do The Airborne Toxic Event, recebe consistem em \u201cvoc\u00ea est\u00e1 bem?\u201d<\/p>\n<p class=\"article__paragraph article__paragraph--left\" id=\"L35PCE56XJAZZGLSIYIAUPJD44\">A banda de Los Angeles cujo nome vem do romance de Don DeLillo de 1985, \u201cWhite Noise\u201d, est\u00e1 atualmente em turn\u00ea para seu novo \u00e1lbum, lan\u00e7ado em 6 de setembro, e o grupo far\u00e1 uma parada no White Eagle Hall em Jersey City no domingo, 22 de setembro. A banda j\u00e1 havia se apresentado no local em junho de 2023.<\/p>\n<\/div>\n<p><br \/>\n<br \/><a href=\"https:\/\/www.nj.com\/hudson\/2024\/09\/airborne-toxic-events-mikel-jollett-talks-glory-before-white-eagle-hall-show.html\">Source link <\/a><\/p>","protected":false},"excerpt":{"rendered":"<p>Desde o lan\u00e7amento de seu novo \u00e1lbum \u201cGlory\u201d, a maioria das perguntas que Mikel Jollett, do The Airborne Toxic Event, recebe consistem em \u201cvoc\u00ea est\u00e1 bem?\u201d A banda de Los&hellip;<\/p>","protected":false},"author":1,"featured_media":38713,"comment_status":"closed","ping_status":"open","sticky":false,"template":"","format":"standard","meta":{"content-type":"","footnotes":""},"categories":[1],"tags":[],"class_list":["post-38712","post","type-post","status-publish","format-standard","has-post-thumbnail","hentry","category-uncategorized"],"_links":{"self":[{"href":"https:\/\/tvbrazilusa.com\/pt\/wp-json\/wp\/v2\/posts\/38712","targetHints":{"allow":["GET"]}}],"collection":[{"href":"https:\/\/tvbrazilusa.com\/pt\/wp-json\/wp\/v2\/posts"}],"about":[{"href":"https:\/\/tvbrazilusa.com\/pt\/wp-json\/wp\/v2\/types\/post"}],"author":[{"embeddable":true,"href":"https:\/\/tvbrazilusa.com\/pt\/wp-json\/wp\/v2\/users\/1"}],"replies":[{"embeddable":true,"href":"https:\/\/tvbrazilusa.com\/pt\/wp-json\/wp\/v2\/comments?post=38712"}],"version-history":[{"count":1,"href":"https:\/\/tvbrazilusa.com\/pt\/wp-json\/wp\/v2\/posts\/38712\/revisions"}],"predecessor-version":[{"id":38714,"href":"https:\/\/tvbrazilusa.com\/pt\/wp-json\/wp\/v2\/posts\/38712\/revisions\/38714"}],"wp:featuredmedia":[{"embeddable":true,"href":"https:\/\/tvbrazilusa.com\/pt\/wp-json\/wp\/v2\/media\/38713"}],"wp:attachment":[{"href":"https:\/\/tvbrazilusa.com\/pt\/wp-json\/wp\/v2\/media?parent=38712"}],"wp:term":[{"taxonomy":"category","embeddable":true,"href":"https:\/\/tvbrazilusa.com\/pt\/wp-json\/wp\/v2\/categories?post=38712"},{"taxonomy":"post_tag","embeddable":true,"href":"https:\/\/tvbrazilusa.com\/pt\/wp-json\/wp\/v2\/tags?post=38712"}],"curies":[{"name":"wp","href":"https:\/\/api.w.org\/{rel}","templated":true}]}}