{"id":38715,"date":"2024-09-18T12:29:15","date_gmt":"2024-09-18T12:29:15","guid":{"rendered":"https:\/\/tvbrazilusa.com\/2024\/09\/18\/justica-manda-marcal-apagar-video-em-que-acusa-nunes-de-agredir-esposa\/"},"modified":"2024-09-18T12:29:16","modified_gmt":"2024-09-18T12:29:16","slug":"justica-manda-marcal-apagar-video-em-que-acusa-nunes-de-agredir-esposa","status":"publish","type":"post","link":"https:\/\/tvbrazilusa.com\/pt\/2024\/09\/18\/justica-manda-marcal-apagar-video-em-que-acusa-nunes-de-agredir-esposa\/","title":{"rendered":"Justi\u00e7a manda Mar\u00e7al apagar v\u00eddeo em que acusa Nunes de agredir esposa"},"content":{"rendered":"<p> <script async src=\"https:\/\/pagead2.googlesyndication.com\/pagead\/js\/adsbygoogle.js?client=ca-pub-8864793242727901\"\r\n     crossorigin=\"anonymous\"><\/script><br \/>\n<\/p>\n<div id=\"taboola-read-more\" style=\"display:block; width:100%\">\n<p>A Justi\u00e7a Eleitoral determinou, nesta ter\u00e7a-feira (17\/9), que o candidato do PRTB \u00e0 Prefeitura de S\u00e3o Paulo, Pablo Mar\u00e7al, exclu\u00edsse do perfil dele no Instagram um v\u00eddeo em que acusa o atual prefeito da capital, Ricardo Nunes (MDB), de agress\u00e3o contra a esposa, Regina Nunes.<\/p>\n<p>O prazo para que a postagem fosse apagada era de 24 horas. \u00c0s 17h, o v\u00eddeo n\u00e3o aparecia mais na p\u00e1gina do candidato.<\/p>\n<p>Na grava\u00e7\u00e3o, feita na manh\u00e3 de segunda-feira (16\/9) em frente o Hospital S\u00edrio Liban\u00eas, no centro de S\u00e3o Paulo, Mar\u00e7al questionava se Nunes teria batido na esposa \u201cde m\u00e3o aberta ou fechada\u201d.<\/p>\n<p>Regina Nunes registrou, em 2011, um boletim de ocorr\u00eancia por agress\u00e3o de Ricardo Nunes. O caso n\u00e3o teve andamento porque ela preferiu n\u00e3o seguir com a acusa\u00e7\u00e3o. Nunes nega a vi0l\u00eancia e diz que o registro foi forjado.<\/p>\n<p>Na decis\u00e3o, o juiz Murillo Cotrim, da 2\u00aa Zona Eleitoral de S\u00e3o Paulo, disse que Mar\u00e7al propagou \u201cconte\u00fado injurioso\u201d que imputou a Nunes a conduta de agr3ss\u00e3o f\u00edsica.<\/p>\n<p><strong>Fonte: Met\u00f3poles<\/strong><\/p>\n<\/div>\n<p><br \/>\n<br \/><a href=\"https:\/\/diariodobrasilnoticias.com.br\/noticia\/justica-manda-marcal-apagar-video-em-que-acusa-nunes-de-agredir-esposa-66eab5d52c49d\">Source link <\/a><\/p>","protected":false},"excerpt":{"rendered":"<p>A Justi\u00e7a Eleitoral determinou, nesta ter\u00e7a-feira (17\/9), que o candidato do PRTB \u00e0 Prefeitura de S\u00e3o Paulo, Pablo Mar\u00e7al, exclu\u00edsse do perfil dele no Instagram um v\u00eddeo em que acusa&hellip;<\/p>","protected":false},"author":1,"featured_media":38716,"comment_status":"closed","ping_status":"open","sticky":false,"template":"","format":"standard","meta":{"content-type":"","footnotes":""},"categories":[16],"tags":[123,2448,5313,1267],"class_list":["post-38715","post","type-post","status-publish","format-standard","has-post-thumbnail","hentry","category-noticias","tag-brasil","tag-diario","tag-noticia","tag-noticias"],"_links":{"self":[{"href":"https:\/\/tvbrazilusa.com\/pt\/wp-json\/wp\/v2\/posts\/38715","targetHints":{"allow":["GET"]}}],"collection":[{"href":"https:\/\/tvbrazilusa.com\/pt\/wp-json\/wp\/v2\/posts"}],"about":[{"href":"https:\/\/tvbrazilusa.com\/pt\/wp-json\/wp\/v2\/types\/post"}],"author":[{"embeddable":true,"href":"https:\/\/tvbrazilusa.com\/pt\/wp-json\/wp\/v2\/users\/1"}],"replies":[{"embeddable":true,"href":"https:\/\/tvbrazilusa.com\/pt\/wp-json\/wp\/v2\/comments?post=38715"}],"version-history":[{"count":1,"href":"https:\/\/tvbrazilusa.com\/pt\/wp-json\/wp\/v2\/posts\/38715\/revisions"}],"predecessor-version":[{"id":38717,"href":"https:\/\/tvbrazilusa.com\/pt\/wp-json\/wp\/v2\/posts\/38715\/revisions\/38717"}],"wp:featuredmedia":[{"embeddable":true,"href":"https:\/\/tvbrazilusa.com\/pt\/wp-json\/wp\/v2\/media\/38716"}],"wp:attachment":[{"href":"https:\/\/tvbrazilusa.com\/pt\/wp-json\/wp\/v2\/media?parent=38715"}],"wp:term":[{"taxonomy":"category","embeddable":true,"href":"https:\/\/tvbrazilusa.com\/pt\/wp-json\/wp\/v2\/categories?post=38715"},{"taxonomy":"post_tag","embeddable":true,"href":"https:\/\/tvbrazilusa.com\/pt\/wp-json\/wp\/v2\/tags?post=38715"}],"curies":[{"name":"wp","href":"https:\/\/api.w.org\/{rel}","templated":true}]}}