{"id":3872,"date":"2023-08-19T14:48:25","date_gmt":"2023-08-19T14:48:25","guid":{"rendered":"https:\/\/tvbrazilusa.com\/2023\/08\/19\/semana-quente-cpmi-delacao-de-cid-novas-prisoes-e-a-cobertura-da-militancia-de-redacao\/"},"modified":"2023-08-19T14:48:25","modified_gmt":"2023-08-19T14:48:25","slug":"semana-quente-cpmi-delacao-de-cid-novas-prisoes-e-a-cobertura-da-militancia-de-redacao","status":"publish","type":"post","link":"https:\/\/tvbrazilusa.com\/pt\/2023\/08\/19\/semana-quente-cpmi-delacao-de-cid-novas-prisoes-e-a-cobertura-da-militancia-de-redacao\/","title":{"rendered":"Semana quente: CPMI, dela\u00e7\u00e3o de CID, novas pris\u00f5es e a cobertura da milit\u00e2ncia de reda\u00e7\u00e3o"},"content":{"rendered":"<p><iframe  width=\"580\" height=\"385\" src=\"https:\/\/www.youtube.com\/embed\/GMGCRx9vdRs?modestbranding=1\" frameborder=\"0\" allowfullscreen><\/iframe><br \/>\n<br \/>Desde o 08\/01, n\u00e3o t\u00ednhamos uma semana pol\u00edtica t\u00e3o intensa. Fica evidente o gigantesco esfor\u00e7o da esquerda e da sua milit\u00e2ncia de reda\u00e7\u00e3o para criminalizar a direita e consolidar o seu regime.<br \/>\n<br \/><a href=\"https:\/\/www.youtube.com\/watch?v=GMGCRx9vdRs\">source<\/a><\/p>","protected":false},"excerpt":{"rendered":"<p>Desde o 08\/01, n\u00e3o t\u00ednhamos uma semana pol\u00edtica t\u00e3o intensa. Fica evidente o gigantesco esfor\u00e7o da esquerda e da sua milit\u00e2ncia de reda\u00e7\u00e3o para criminalizar a direita e consolidar o&hellip;<\/p>","protected":false},"author":1,"featured_media":3873,"comment_status":"","ping_status":"open","sticky":false,"template":"","format":"standard","meta":{"content-type":"","footnotes":""},"categories":[1],"tags":[],"class_list":["post-3872","post","type-post","status-publish","format-standard","has-post-thumbnail","hentry","category-uncategorized"],"_links":{"self":[{"href":"https:\/\/tvbrazilusa.com\/pt\/wp-json\/wp\/v2\/posts\/3872","targetHints":{"allow":["GET"]}}],"collection":[{"href":"https:\/\/tvbrazilusa.com\/pt\/wp-json\/wp\/v2\/posts"}],"about":[{"href":"https:\/\/tvbrazilusa.com\/pt\/wp-json\/wp\/v2\/types\/post"}],"author":[{"embeddable":true,"href":"https:\/\/tvbrazilusa.com\/pt\/wp-json\/wp\/v2\/users\/1"}],"replies":[{"embeddable":true,"href":"https:\/\/tvbrazilusa.com\/pt\/wp-json\/wp\/v2\/comments?post=3872"}],"version-history":[{"count":0,"href":"https:\/\/tvbrazilusa.com\/pt\/wp-json\/wp\/v2\/posts\/3872\/revisions"}],"wp:featuredmedia":[{"embeddable":true,"href":"https:\/\/tvbrazilusa.com\/pt\/wp-json\/wp\/v2\/media\/3873"}],"wp:attachment":[{"href":"https:\/\/tvbrazilusa.com\/pt\/wp-json\/wp\/v2\/media?parent=3872"}],"wp:term":[{"taxonomy":"category","embeddable":true,"href":"https:\/\/tvbrazilusa.com\/pt\/wp-json\/wp\/v2\/categories?post=3872"},{"taxonomy":"post_tag","embeddable":true,"href":"https:\/\/tvbrazilusa.com\/pt\/wp-json\/wp\/v2\/tags?post=3872"}],"curies":[{"name":"wp","href":"https:\/\/api.w.org\/{rel}","templated":true}]}}