{"id":38746,"date":"2024-09-18T13:50:53","date_gmt":"2024-09-18T13:50:53","guid":{"rendered":"https:\/\/tvbrazilusa.com\/2024\/09\/18\/lider-do-mst-afirma-que-lula-deveria-estar-do-lado-de-maduro\/"},"modified":"2024-09-18T13:50:54","modified_gmt":"2024-09-18T13:50:54","slug":"lider-do-mst-afirma-que-lula-deveria-estar-do-lado-de-maduro","status":"publish","type":"post","link":"https:\/\/tvbrazilusa.com\/pt\/2024\/09\/18\/lider-do-mst-afirma-que-lula-deveria-estar-do-lado-de-maduro\/","title":{"rendered":"L\u00edder do MST afirma que Lula deveria estar do lado de Maduro"},"content":{"rendered":"<p> <script async src=\"https:\/\/pagead2.googlesyndication.com\/pagead\/js\/adsbygoogle.js?client=ca-pub-8864793242727901\"\r\n     crossorigin=\"anonymous\"><\/script><br \/>\n<\/p>\n<div id=\"taboola-read-more\" style=\"display:block; width:100%\">\n<p>L\u00edder do setor de internacionalismo Movimento dos Trabalhadores Rurais Sem Terra (MST), Milena Polini afirmou em entrevista \u00e0 R\u00e1dio Fran\u00e7a Internacional (RFI) que a reelei\u00e7\u00e3o do ditador Nicol\u00e1s Maduro, que a comunidade internacional considera fraudulenta, n\u00e3o altera o apoio do grupo de invasores ao venezuelano. A militante lamentou a posi\u00e7\u00e3o do presidente Luiz In\u00e1cio Lula da Silva de n\u00e3o reconhecer Maduro como o vencedor do pleito.<\/p>\n<p>\u201cPara n\u00f3s, \u00e9 triste a posi\u00e7\u00e3o do governo Lula; para n\u00f3s, do MST, seria muito mais proveitoso e importante se ele estivesse ao lado do Maduro\u201d, criticou. \u201cMas o Lula \u00e9 uma coisa, o PT \u00e9 outra, e o MST \u00e9 outra. Ent\u00e3o, a gente nem sempre vai estar alinhado nas mesmas ideias\u201d.<\/p>\n<p>Embora ainda n\u00e3o declare Maduro reeleito presidente, Lula alegou, em recente entrevista, que a Venezuela n\u00e3o \u00e9 uma ditadura. Tamb\u00e9m disse que seu aliado pol\u00edtico implementou no pa\u00eds apenas um regime \u201cmuito desagrad\u00e1vel\u201d.<\/p>\n<p>Milena disse ainda que a leitura do movimento \u00e9 de que a Venezuela \u00e9 um territ\u00f3rio de disputa do imperialismo. \u201cAssim como \u00e9 a Palestina, assim como \u00e9 a Ucr\u00e2nia, assim como tem outros territ\u00f3rios de disputa do imperialismo contra o sul global\u201d, comparou.<\/p>\n<p>A rela\u00e7\u00e3o do MST com a Venezuela foi outro ponto discutido pela l\u00edder. Ela informou que os invasores brasileiros mant\u00e9m uma \u201cbrigada de trabalho\u201d no pa\u00eds vizinho e anunciou um novo projeto de produ\u00e7\u00e3o de alimentos na regi\u00e3o.<\/p>\n<p>Milena participou da festa de l\u2019Humanit\u00e9, em Paris, que acontece sempre em setembro e re\u00fane pol\u00edticos e esquerdistas da Fran\u00e7a e de outros pa\u00edses. Organizada desde 1930 pelo jornal comunista franc\u00eas L\u2019Humanit\u00e9, a festa atrai mais de 400 mil militantes. O evento aconteceu no \u00faltimo fim de semana.<\/p>\n<p><strong>L\u00edder do MST fa\u00e7a sobre rela\u00e7\u00e3o com o governo Lula<\/strong><\/p>\n<p>A RFI tamb\u00e9m perguntou sobre a rela\u00e7\u00e3o do MST com o governo Lula. \u201cPodemos dizer que o projeto que venceu nas urnas n\u00e3o \u00e9 o projeto que est\u00e1 conseguindo ser implementado no governo\u201d, afirmou.<\/p>\n<p>Ela afirmou que a bancada ruralista \u00e9 que \u201cimpede a aplica\u00e7\u00e3o completa do projeto vencedor das elei\u00e7\u00f5es de 2022, que preconizava a preserva\u00e7\u00e3o ambiental e a amplia\u00e7\u00e3o das pol\u00edticas p\u00fablicas\u201d.<\/p>\n<p>\u201cTemos cr\u00edticas (ao governo), mas estamos trabalhando juntos\u201d, disse. \u201cNo entanto, pensamos que para realmente o projeto ser implementado, a gente precisa de organiza\u00e7\u00e3o social\u201d, declarou.<\/p>\n<p>Milena Polini participou de uma mesa redonda sobre o atual momento do MST, que completou 40 anos em janeiro de 2024. Ela relatou que o p\u00fablico estava interessado na hist\u00f3ria e no \u201cfuncionamento do MST\u201d, al\u00e9m de fazer perguntas sobre meio ambiente, as queimadas no Brasil e a rela\u00e7\u00e3o dos invasores com o governo.<\/p>\n<p>Fonte: Revista Oeste<\/p>\n<\/p><\/div>\n<p><br \/>\n<br \/><a href=\"https:\/\/diariodobrasilnoticias.com.br\/noticia\/lider-do-mst-afirma-que-lula-deveria-estar-do-lado-de-maduro-66eab9ccbb258\">Source link <\/a><\/p>","protected":false},"excerpt":{"rendered":"<p>L\u00edder do setor de internacionalismo Movimento dos Trabalhadores Rurais Sem Terra (MST), Milena Polini afirmou em entrevista \u00e0 R\u00e1dio Fran\u00e7a Internacional (RFI) que a reelei\u00e7\u00e3o do ditador Nicol\u00e1s Maduro, que&hellip;<\/p>","protected":false},"author":1,"featured_media":38747,"comment_status":"closed","ping_status":"open","sticky":false,"template":"","format":"standard","meta":{"content-type":"","footnotes":""},"categories":[16],"tags":[123,2448,5313,1267],"class_list":["post-38746","post","type-post","status-publish","format-standard","has-post-thumbnail","hentry","category-noticias","tag-brasil","tag-diario","tag-noticia","tag-noticias"],"_links":{"self":[{"href":"https:\/\/tvbrazilusa.com\/pt\/wp-json\/wp\/v2\/posts\/38746","targetHints":{"allow":["GET"]}}],"collection":[{"href":"https:\/\/tvbrazilusa.com\/pt\/wp-json\/wp\/v2\/posts"}],"about":[{"href":"https:\/\/tvbrazilusa.com\/pt\/wp-json\/wp\/v2\/types\/post"}],"author":[{"embeddable":true,"href":"https:\/\/tvbrazilusa.com\/pt\/wp-json\/wp\/v2\/users\/1"}],"replies":[{"embeddable":true,"href":"https:\/\/tvbrazilusa.com\/pt\/wp-json\/wp\/v2\/comments?post=38746"}],"version-history":[{"count":1,"href":"https:\/\/tvbrazilusa.com\/pt\/wp-json\/wp\/v2\/posts\/38746\/revisions"}],"predecessor-version":[{"id":38748,"href":"https:\/\/tvbrazilusa.com\/pt\/wp-json\/wp\/v2\/posts\/38746\/revisions\/38748"}],"wp:featuredmedia":[{"embeddable":true,"href":"https:\/\/tvbrazilusa.com\/pt\/wp-json\/wp\/v2\/media\/38747"}],"wp:attachment":[{"href":"https:\/\/tvbrazilusa.com\/pt\/wp-json\/wp\/v2\/media?parent=38746"}],"wp:term":[{"taxonomy":"category","embeddable":true,"href":"https:\/\/tvbrazilusa.com\/pt\/wp-json\/wp\/v2\/categories?post=38746"},{"taxonomy":"post_tag","embeddable":true,"href":"https:\/\/tvbrazilusa.com\/pt\/wp-json\/wp\/v2\/tags?post=38746"}],"curies":[{"name":"wp","href":"https:\/\/api.w.org\/{rel}","templated":true}]}}