{"id":38767,"date":"2024-09-18T14:08:59","date_gmt":"2024-09-18T14:08:59","guid":{"rendered":"https:\/\/tvbrazilusa.com\/2024\/09\/18\/perturbacao-tropical-pode-evoluir-para-tempestade-nomeada-nhc\/"},"modified":"2024-09-18T14:27:40","modified_gmt":"2024-09-18T14:27:40","slug":"perturbacao-tropical-pode-evoluir-para-tempestade-nomeada-nhc","status":"publish","type":"post","link":"https:\/\/tvbrazilusa.com\/pt\/2024\/09\/18\/perturbacao-tropical-pode-evoluir-para-tempestade-nomeada-nhc\/","title":{"rendered":"Perturba\u00e7\u00e3o tropical pode evoluir para tempestade nomeada: NHC"},"content":{"rendered":"<p> <script async src=\"https:\/\/pagead2.googlesyndication.com\/pagead\/js\/adsbygoogle.js?client=ca-pub-8864793242727901\"\r\n     crossorigin=\"anonymous\"><\/script><br \/>\n<\/p>\n<div>\n<p>FL\u00d3RIDA \u2014 Com a depress\u00e3o tropical Gordon enfraquecida se movendo lentamente para o norte no Atl\u00e2ntico, todos os olhos est\u00e3o voltados para um ponto no Mar do Caribe que pode se tornar a pr\u00f3xima tempestade da temporada de furac\u00f5es de 2024. <\/p>\n<\/div>\n<div>\n<p>Uma ampla \u00e1rea de baixa press\u00e3o pode se formar no final deste fim de semana ou no in\u00edcio da pr\u00f3xima semana no noroeste do Caribe, <a href=\"https:\/\/www.nhc.noaa.gov\/\" target=\"_blank\" rel=\"nofollow noopener\">o Centro Nacional de Furac\u00f5es<\/a> disse. <\/p>\n<p>Embora tenha apenas 20% de chance de forma\u00e7\u00e3o nos pr\u00f3ximos sete dias, o sistema pode se desenvolver lentamente at\u00e9 meados da pr\u00f3xima semana, \u00e0 medida que se move para o norte ou noroeste sobre o noroeste do Mar do Caribe ou o sudeste do Golfo do M\u00e9xico, de acordo com meteorologistas do NHC. <\/p>\n<\/div>\n<div>\n<p>A pr\u00f3xima tempestade com nome, a oitava da temporada, seria chamada Helene.<\/p>\n<p>A potencial tempestade pode ser estimulada pelo giro da Am\u00e9rica Central, que \u00e9 uma \u00e1rea ampla, mas fraca, de baixa press\u00e3o que \u00e0s vezes se forma sazonalmente no final da primavera ou no in\u00edcio do outono. <a href=\"https:\/\/weather.com\/storms\/hurricane\/news\/2024-06-14-central-american-gyre-explained\" target=\"_blank\" rel=\"nofollow noopener\">de acordo com o The Weather Channel<\/a>. Os giros se formam quando o vento t\u00edpico de leste a oeste e o fluxo de umidade do Caribe para o Pac\u00edfico Oriental retornam \u00e0 Am\u00e9rica Central, permitindo que a umidade se acumule e gire.<\/p>\n<\/div>\n<div>\n<p>&#8220;Considerando o qu\u00e3o quentes as \u00e1guas normalmente s\u00e3o na regi\u00e3o e a energia do giro da Am\u00e9rica Central, h\u00e1 potencial para que qualquer sistema que se forme sobre o Caribe ocidental at\u00e9 o Golfo central se intensifique rapidamente e chegue aos EUA&#8221;, disse Alex DaSilva. <a href=\"https:\/\/www.accuweather.com\/en\/hurricane\/new-tropical-threat-to-us-may-arise-next-week\/1692859?partner=web_patch_adc\" target=\"_blank\" rel=\"nofollow noopener\">O principal especialista em furac\u00f5es da AccuWeather disse<\/a>.<\/p>\n<p>Geralmente nesta \u00e9poca do ano \u2014 de meados ao final de setembro \u2014 tempestades tropicais ou furac\u00f5es s\u00e3o gerados a partir de ondas tropicais na costa da \u00c1frica, disse a AccuWeather. <br \/>Se essa \u00e1rea de baixa press\u00e3o se desenvolver, \u00e9 muito cedo para saber a trajet\u00f3ria potencial do sistema, disseram meteorologistas locais.<\/p>\n<\/div>\n<div>\n<p>\u201cAlgo para ficar de olho do meio ao fim da pr\u00f3xima semana. Espera-se que uma \u00e1rea geral de baixa press\u00e3o (giro) se desenvolva no Caribe ocidental. A maioria dos modelos est\u00e1 a bordo com um sistema tropical se formando dentro de um giro maior na atmosfera\u201d, escreveu Paul Dellegatto, da Fox 13, em <a href=\"https:\/\/www.facebook.com\/paul.dellegattofox\/\" target=\"_blank\" rel=\"nofollow noopener\">uma postagem no Facebook na ter\u00e7a \u00e0 noite<\/a>. \u201cN\u00e3o h\u00e1 tempestade agora. Apenas o potencial de uma. Se uma tempestade se desenvolver, ela pode tomar v\u00e1rios caminhos diferentes. A chave provavelmente ser\u00e1 a for\u00e7a e o posicionamento de uma depress\u00e3o na costa leste, que pode puxar a tempestade para o norte\/nordeste. O resultado final? Vamos prestar muita aten\u00e7\u00e3o em como as coisas v\u00e3o se desenrolar durante os pr\u00f3ximos dias e vamos mant\u00ea-los informados.\u201d<\/p>\n<p>Matt Devitt com WINK Clima <a href=\"https:\/\/www.facebook.com\/MattDevittWeather\" target=\"_blank\" rel=\"nofollow noopener\">escreveu em uma postagem no Facebook na ter\u00e7a-feira de manh\u00e3<\/a>\u201cOs modelos t\u00eam sido consistentes com o desenvolvimento, mas ainda est\u00e1 no come\u00e7o, n\u00e3o no caminho certo. O escopo atual para onde isso pode ir se estende das Bahamas \u00e0 Fl\u00f3rida, at\u00e9 a Costa do Golfo do Norte. O grande alcance \u00e9 porque 1) ainda n\u00e3o se formou 2) estamos al\u00e9m de 7 dias. \u00c9 por isso que se voc\u00ea vir um modelo assustador de pior cen\u00e1rio flutuando pela internet, compartilhado intencionalmente para cliques, leve-o com um gr\u00e3o de sal. Vamos esperar at\u00e9 chegarmos a 7 dias de qualquer potencial desembarque e procurar consist\u00eancia do modelo.\u201d<\/p>\n<\/div>\n<p><br \/>\n<br \/><a href=\"http:\/\/patch.com\/florida\/southtampa\/tropical-disturbance-could-develop-western-caribbean-sea-nhc?utm_source=article-mostrecent&#038;utm_medium=rss&#038;utm_term=weather&#038;utm_campaign=recirc&#038;utm_content=aol\">Source link <\/a><\/p>","protected":false},"excerpt":{"rendered":"<p>FL\u00d3RIDA \u2014 Com a depress\u00e3o tropical Gordon enfraquecida se movendo lentamente para o norte no Atl\u00e2ntico, todos os olhos est\u00e3o voltados para um ponto no Mar do Caribe que pode&hellip;<\/p>","protected":false},"author":1,"featured_media":38768,"comment_status":"closed","ping_status":"open","sticky":false,"template":"","format":"standard","meta":{"content-type":"","footnotes":""},"categories":[1],"tags":[],"class_list":["post-38767","post","type-post","status-publish","format-standard","has-post-thumbnail","hentry","category-uncategorized"],"_links":{"self":[{"href":"https:\/\/tvbrazilusa.com\/pt\/wp-json\/wp\/v2\/posts\/38767","targetHints":{"allow":["GET"]}}],"collection":[{"href":"https:\/\/tvbrazilusa.com\/pt\/wp-json\/wp\/v2\/posts"}],"about":[{"href":"https:\/\/tvbrazilusa.com\/pt\/wp-json\/wp\/v2\/types\/post"}],"author":[{"embeddable":true,"href":"https:\/\/tvbrazilusa.com\/pt\/wp-json\/wp\/v2\/users\/1"}],"replies":[{"embeddable":true,"href":"https:\/\/tvbrazilusa.com\/pt\/wp-json\/wp\/v2\/comments?post=38767"}],"version-history":[{"count":1,"href":"https:\/\/tvbrazilusa.com\/pt\/wp-json\/wp\/v2\/posts\/38767\/revisions"}],"predecessor-version":[{"id":38769,"href":"https:\/\/tvbrazilusa.com\/pt\/wp-json\/wp\/v2\/posts\/38767\/revisions\/38769"}],"wp:featuredmedia":[{"embeddable":true,"href":"https:\/\/tvbrazilusa.com\/pt\/wp-json\/wp\/v2\/media\/38768"}],"wp:attachment":[{"href":"https:\/\/tvbrazilusa.com\/pt\/wp-json\/wp\/v2\/media?parent=38767"}],"wp:term":[{"taxonomy":"category","embeddable":true,"href":"https:\/\/tvbrazilusa.com\/pt\/wp-json\/wp\/v2\/categories?post=38767"},{"taxonomy":"post_tag","embeddable":true,"href":"https:\/\/tvbrazilusa.com\/pt\/wp-json\/wp\/v2\/tags?post=38767"}],"curies":[{"name":"wp","href":"https:\/\/api.w.org\/{rel}","templated":true}]}}