{"id":38776,"date":"2024-09-18T14:42:47","date_gmt":"2024-09-18T14:42:47","guid":{"rendered":"https:\/\/tvbrazilusa.com\/2024\/09\/18\/casa-da-semana-um-novo-condominio-com-estilo-europeu-na-movimentada-washington-street-em-brookline\/"},"modified":"2024-09-18T14:44:39","modified_gmt":"2024-09-18T14:44:39","slug":"casa-da-semana-um-novo-condominio-com-estilo-europeu-na-movimentada-washington-street-em-brookline","status":"publish","type":"post","link":"https:\/\/tvbrazilusa.com\/pt\/2024\/09\/18\/casa-da-semana-um-novo-condominio-com-estilo-europeu-na-movimentada-washington-street-em-brookline\/","title":{"rendered":"Casa da semana: Um novo condom\u00ednio com estilo europeu na movimentada Washington Street em Brookline"},"content":{"rendered":"<p> <script async src=\"https:\/\/pagead2.googlesyndication.com\/pagead\/js\/adsbygoogle.js?client=ca-pub-8864793242727901\"\r\n     crossorigin=\"anonymous\"><\/script><br \/>\n<\/p>\n<div id=\"\">\n<header class=\"m-article-header m-article-header--standard\">\n\t\t\t\t\t\t\t\t\t\t\t\t<span id=\"article-header-primary-term\"><br \/>\n\t\t\t\t\t\t\t\t<a class=\"a-term a-term--primary\" href=\"https:\/\/www.boston.com\/tag\/fall-house-hunt\/\"><\/p>\n<p>\t\t\t\t\t\t\t\tCa\u00e7a \u00e0 casa no outono\t\t\t\t\t\t\t\t<\/a><br \/>\n\t\t\t\t\t\t\t<\/span><\/p>\n<h2 class=\"m-article-header__sub-headline\">A propriedade, com conclus\u00e3o prevista para o outono de 2025, ter\u00e1 dois quartos, dois banheiros completos e um terra\u00e7o pr\u00f3prio.<\/h2>\n<figure class=\"a-photo m-article-header__photo\"><figcaption class=\"a-photo__caption\">\n<p>\tA sala de estar contar\u00e1 com uma lareira el\u00e9trica e janelas amplas.<em> Renderiza\u00e7\u00f5es de Jim Nemetz\/Hammond Residential<\/em>\t<\/figcaption><\/figure>\n<div class=\"m-article-header__meta\">\n<div class=\"m-article-header__byline\">\n<p class=\"m-article-header__author\">\n<p>\t\t\t\t\t\t\t\tPor Megan Johnson\t\t\t\t\t\t\t<\/p>\n<p>\t\t\t\t\t\t    \t\t\t\t\t\t\t<time class=\"m-article-header__date\"><\/p>\n<p>        \t\t\t\t\t\t\t18 de setembro de 2024 | 10:42 AM    \t\t\t\t\t\t\t<\/time><\/p><\/div>\n<\/p><\/div>\n<\/header>\n<h3 class=\"wp-block-heading\" id=\"h-1-725-575\"><b><strong>$ 1.725.575<\/strong><\/b><\/h3>\n<p><b>Estilo <\/b>Moderno<\/p>\n<p><b>Ano de constru\u00e7\u00e3o <\/b>2025<\/p>\n<p><b>P\u00e9s quadrados <\/b>1.327<\/p>\n<p><b>Quartos <\/b>2<\/p>\n<p><b>Banhos <\/b>2 completo<\/p>\n<p><b>Taxa <\/b>US$ 750 por m\u00eas<\/p>\n<p><b>Impostos <\/b>A ser determinado<\/p>\n<p><a href=\"https:\/\/www.thebartlettbrookline.com\/\">O Bartlett<\/a> em Brookline \u00e9 t\u00e3o novo que nem foi conclu\u00eddo.<\/p>\n<p>Quando este edif\u00edcio de 24 unidades na Washington Square, composto por condom\u00ednios de dois e tr\u00eas quartos, for conclu\u00eddo em setembro de 2025, a Unidade 403, nossa Casa da Semana, ser\u00e1 uma das joias da coroa que ostenta um design limpo e acabamentos impec\u00e1veis.<\/p>\n<p>Bartlett Crescent \u00e9 uma rua tranquila perto da movimentada Washington Street. O lobby abrigar\u00e1 a \u00e1rea de correspond\u00eancia e os elevadores. (Neste momento, n\u00e3o se sabe se o pr\u00e9dio ter\u00e1 servi\u00e7o de concierge.) Ser\u00e1 uma viagem de elevador at\u00e9 o quarto andar, onde alguns passos para a direita o levar\u00e3o \u00e0 Unidade 403.<\/p>\n<p>Ao entrar no condom\u00ednio, voc\u00ea encontrar\u00e1 um arm\u00e1rio de casacos de 37 p\u00e9s quadrados \u00e0 sua esquerda. V\u00e1 mais para dentro, para a cozinha e sala de estar combinadas, que totalizar\u00e3o 677 p\u00e9s quadrados e ter\u00e3o tetos de 9 p\u00e9s. As janelas constru\u00eddas na Pol\u00f4nia transmitir\u00e3o luz natural das exposi\u00e7\u00f5es norte e oeste.<\/p>\n<p>\u201cIsso realmente d\u00e1 uma sensa\u00e7\u00e3o de abertura e arejamento\u201d, disse Karen Kennedy, da <a href=\"https:\/\/thekennedylynchgoldteam.com\/\">Equipe de Ouro Kennedy Lynch<\/a> na Hammond Real Estate, que compartilha a <a href=\"https:\/\/thekennedylynchgoldteam.com\/properties\/45-bartlett-crescent-403-brookline-ma-us-02446-73285774\">listagem<\/a> com Sandra Lynch e Marjorie Gold.<\/p>\n<p>Pisos de madeira projetados ser\u00e3o instalados em grande parte da casa, exceto nos banheiros e na lavanderia.<\/p>\n<p>Na cozinha, uma ilha com espa\u00e7o para v\u00e1rios assentos de bar ser\u00e1 coberta com quartzo. Luzes pendentes e ilumina\u00e7\u00e3o embutida ajudar\u00e3o voc\u00ea a manter suas panelas e frigideiras impec\u00e1veis. N\u00e3o tem vontade de lavar lou\u00e7a? Os eletrodom\u00e9sticos Bosch de a\u00e7o inoxid\u00e1vel incluir\u00e3o uma lava-lou\u00e7as, micro-ondas embutido, forno de parede simples de 30 polegadas, uma geladeira e um fog\u00e3o de indu\u00e7\u00e3o. Os arm\u00e1rios brancos ostentar\u00e3o materiais e design italianos.<\/p>\n<p>Na \u00e1rea de estar, janelas grandes ladear\u00e3o uma lareira el\u00e9trica. Relaxe no calor aconchegante enquanto observa a neve do inverno cobrir Brookline alguns meses ap\u00f3s a mudan\u00e7a.<\/p>\n<p>\u201cQuando voc\u00ea est\u00e1 na sala de estar, voc\u00ea tamb\u00e9m faz parte da cozinha, ent\u00e3o \u00e9 \u00f3timo para receber convidados\u201d, disse Gold.<\/p>\n<p>A su\u00edte principal de canto, encontrada fora da \u00e1rea de estar, medir\u00e1 158 p\u00e9s quadrados, incluindo a entrada de 22 p\u00e9s quadrados. \u00c0 direita, haver\u00e1 um closet (27 p\u00e9s quadrados). Com tr\u00eas janelas, a su\u00edte principal tamb\u00e9m ter\u00e1 um banheiro luxuoso com chuveiro, uma janela sem aro <a href=\"https:\/\/www.hansgrohe.com\/bath\/products\/toiletplace\/toilets\" target=\"_blank\" rel=\"noopener\">Hansgrohe<\/a> vaso sanit\u00e1rio, piso de cer\u00e2mica de cor clara, pia \u00fanica flutuante e acess\u00f3rios com acabamento cromado.<\/p>\n<p>O segundo quarto, que medir\u00e1 mais de 136 p\u00e9s quadrados, ter\u00e1 uma janela e um closet pr\u00f3prio. Do outro lado do corredor, haver\u00e1 o segundo banheiro, que ter\u00e1 o mesmo vaso sanit\u00e1rio Hansgrohe, piso de cer\u00e2mica, penteadeira e acabamentos cromados. Este banheiro tem uma banheira.<\/p>\n<p>O corredor abrigar\u00e1 o espa\u00e7o de lavanderia de 36 p\u00e9s quadrados, que ser\u00e1 equipado com novos eletrodom\u00e9sticos. Haver\u00e1 espa\u00e7o adicional para arm\u00e1rios no lado oposto.<\/p>\n<p>O projeto pede um espa\u00e7o de escrit\u00f3rio\/sala de estar de 80 p\u00e9s quadrados que poderia funcionar como um pequeno quarto. Haver\u00e1 uma despensa em formato de tri\u00e2ngulo de 61 p\u00e9s quadrados bem ao lado, pronta para lanches no meio do dia de trabalho. A unidade tamb\u00e9m vir\u00e1 com um interfone, caso voc\u00ea pe\u00e7a comida.<\/p>\n<p>A unidade 403 ter\u00e1 direitos exclusivos a um terra\u00e7o em frente \u00e0 entrada.<\/p>\n<p>O edif\u00edcio pet-friendly da Westview Partners contar\u00e1 com uma vaga de garagem equipada com carregador de ve\u00edculo el\u00e9trico, mas o edif\u00edcio \u00e9 <a href=\"https:\/\/www.google.com\/maps\/dir\/45+Bartlett+Crescent,+Brookline,+MA\/Washington+Square,+Brookline,+MA+02446\/@42.3409222,-71.1388825,502m\/data=!3m2!1e3!4b1!4m14!4m13!1m5!1m1!1s0x89e379b407159623:0x9e688b6223eddb14!2m2!1d-71.1393999!2d42.3424846!1m5!1m1!1s0x89e379b0f86841df:0xf4416812fff1e6b6!2m2!1d-71.13533!2d42.339394!3e0?entry=ttu&#038;g_ep=EgoyMDI0MDkwOS4wIKXMDSoASAFQAw%3D%3D\" target=\"_blank\" rel=\"noopener\">0,3 milhas da Linha Verde<\/a>. Tamb\u00e9m haver\u00e1 um lugar para bicicletas, bem como \u00e1reas de armazenamento adicionais dispon\u00edveis no por\u00e3o por US$ 1.750 por m\u00eas.<\/p>\n<p>\u201cAcho que as melhores caracter\u00edsticas s\u00e3o que voc\u00ea tem um andar vivendo em um pr\u00e9dio com elevador e acesso direto \u00e0 garagem\u201d, disse Kennedy. \u201cVoc\u00ea pode ir a p\u00e9 at\u00e9 a Whole Foods. Voc\u00ea pode ir a p\u00e9 a basicamente tudo que precisa porque est\u00e1 perto do T.\u201d<\/p>\n<p><b>Veja mais renderiza\u00e7\u00f5es da nossa Casa da Semana abaixo:<\/b><\/p>\n<figure class=\"wp-block-image\"><img loading=\"lazy\" decoding=\"async\" width=\"2560\" height=\"1440\" src=\"https:\/\/bdc2020.o0bc.com\/wp-content\/uploads\/2024\/09\/RATFDZAE5BDUTI7VC7W77IC25Q-66eae34406668-scaled.jpg\" alt=\"    Casa da Semana\" class=\"wp-image-31755469\" srcset=\"https:\/\/bdc2020.o0bc.com\/wp-content\/uploads\/2024\/09\/RATFDZAE5BDUTI7VC7W77IC25Q-66eae34406668-scaled.jpg?width=200 200w, https:\/\/bdc2020.o0bc.com\/wp-content\/uploads\/2024\/09\/RATFDZAE5BDUTI7VC7W77IC25Q-66eae34406668-scaled.jpg?width=300 300w, https:\/\/bdc2020.o0bc.com\/wp-content\/uploads\/2024\/09\/RATFDZAE5BDUTI7VC7W77IC25Q-66eae34406668-scaled.jpg?width=400 400w, https:\/\/bdc2020.o0bc.com\/wp-content\/uploads\/2024\/09\/RATFDZAE5BDUTI7VC7W77IC25Q-66eae34406668-scaled.jpg?width=500 500w, https:\/\/bdc2020.o0bc.com\/wp-content\/uploads\/2024\/09\/RATFDZAE5BDUTI7VC7W77IC25Q-66eae34406668-scaled.jpg?width=600 600w, https:\/\/bdc2020.o0bc.com\/wp-content\/uploads\/2024\/09\/RATFDZAE5BDUTI7VC7W77IC25Q-66eae34406668-scaled.jpg?width=700 700w, https:\/\/bdc2020.o0bc.com\/wp-content\/uploads\/2024\/09\/RATFDZAE5BDUTI7VC7W77IC25Q-66eae34406668-scaled.jpg?width=800 800w, https:\/\/bdc2020.o0bc.com\/wp-content\/uploads\/2024\/09\/RATFDZAE5BDUTI7VC7W77IC25Q-66eae34406668-scaled.jpg?width=900 900w\" sizes=\"auto, (max-width: 2560px) 100vw, 2560px\"\/><figcaption class=\"wp-element-caption\">Uma representa\u00e7\u00e3o do edif\u00edcio, que ter\u00e1 24 unidades quando conclu\u00eddo.<\/figcaption><\/figure>\n<figure class=\"wp-block-image\"><img loading=\"lazy\" decoding=\"async\" width=\"2560\" height=\"1920\" src=\"https:\/\/bdc2020.o0bc.com\/wp-content\/uploads\/2024\/09\/USDERKCHPJBTHIEHQVFUM53J7Q-66eae350178f5-scaled.jpg\" alt=\"        Casa da Semana\" class=\"wp-image-31755471\" srcset=\"https:\/\/bdc2020.o0bc.com\/wp-content\/uploads\/2024\/09\/USDERKCHPJBTHIEHQVFUM53J7Q-66eae350178f5-scaled.jpg?width=200 200w, https:\/\/bdc2020.o0bc.com\/wp-content\/uploads\/2024\/09\/USDERKCHPJBTHIEHQVFUM53J7Q-66eae350178f5-scaled.jpg?width=300 300w, https:\/\/bdc2020.o0bc.com\/wp-content\/uploads\/2024\/09\/USDERKCHPJBTHIEHQVFUM53J7Q-66eae350178f5-scaled.jpg?width=400 400w, https:\/\/bdc2020.o0bc.com\/wp-content\/uploads\/2024\/09\/USDERKCHPJBTHIEHQVFUM53J7Q-66eae350178f5-scaled.jpg?width=500 500w, https:\/\/bdc2020.o0bc.com\/wp-content\/uploads\/2024\/09\/USDERKCHPJBTHIEHQVFUM53J7Q-66eae350178f5-scaled.jpg?width=600 600w, https:\/\/bdc2020.o0bc.com\/wp-content\/uploads\/2024\/09\/USDERKCHPJBTHIEHQVFUM53J7Q-66eae350178f5-scaled.jpg?width=700 700w, https:\/\/bdc2020.o0bc.com\/wp-content\/uploads\/2024\/09\/USDERKCHPJBTHIEHQVFUM53J7Q-66eae350178f5-scaled.jpg?width=800 800w, https:\/\/bdc2020.o0bc.com\/wp-content\/uploads\/2024\/09\/USDERKCHPJBTHIEHQVFUM53J7Q-66eae350178f5-scaled.jpg?width=900 900w\" sizes=\"auto, (max-width: 2560px) 100vw, 2560px\"\/><figcaption class=\"wp-element-caption\">A cozinha ter\u00e1 uma ilha com pia, espa\u00e7o para sentar e um balc\u00e3o de quartzo.<\/figcaption><\/figure>\n<figure class=\"wp-block-image\"><img loading=\"lazy\" decoding=\"async\" width=\"2560\" height=\"1920\" src=\"https:\/\/bdc2020.o0bc.com\/wp-content\/uploads\/2024\/09\/64SWG3UNIZGMZP3AWTP2XVCRYE-66eae35ca1ae8-scaled.jpg\" alt=\"        Casa da Semana\" class=\"wp-image-31755472\" srcset=\"https:\/\/bdc2020.o0bc.com\/wp-content\/uploads\/2024\/09\/64SWG3UNIZGMZP3AWTP2XVCRYE-66eae35ca1ae8-scaled.jpg?width=200 200w, https:\/\/bdc2020.o0bc.com\/wp-content\/uploads\/2024\/09\/64SWG3UNIZGMZP3AWTP2XVCRYE-66eae35ca1ae8-scaled.jpg?width=300 300w, https:\/\/bdc2020.o0bc.com\/wp-content\/uploads\/2024\/09\/64SWG3UNIZGMZP3AWTP2XVCRYE-66eae35ca1ae8-scaled.jpg?width=400 400w, https:\/\/bdc2020.o0bc.com\/wp-content\/uploads\/2024\/09\/64SWG3UNIZGMZP3AWTP2XVCRYE-66eae35ca1ae8-scaled.jpg?width=500 500w, https:\/\/bdc2020.o0bc.com\/wp-content\/uploads\/2024\/09\/64SWG3UNIZGMZP3AWTP2XVCRYE-66eae35ca1ae8-scaled.jpg?width=600 600w, https:\/\/bdc2020.o0bc.com\/wp-content\/uploads\/2024\/09\/64SWG3UNIZGMZP3AWTP2XVCRYE-66eae35ca1ae8-scaled.jpg?width=700 700w, https:\/\/bdc2020.o0bc.com\/wp-content\/uploads\/2024\/09\/64SWG3UNIZGMZP3AWTP2XVCRYE-66eae35ca1ae8-scaled.jpg?width=800 800w, https:\/\/bdc2020.o0bc.com\/wp-content\/uploads\/2024\/09\/64SWG3UNIZGMZP3AWTP2XVCRYE-66eae35ca1ae8-scaled.jpg?width=900 900w\" sizes=\"auto, (max-width: 2560px) 100vw, 2560px\"\/><figcaption class=\"wp-element-caption\">A su\u00edte principal contar\u00e1 com ilumina\u00e7\u00e3o embutida e piso de madeira projetado.<\/figcaption><\/figure>\n<figure class=\"wp-block-image\"><img loading=\"lazy\" decoding=\"async\" width=\"1920\" height=\"2560\" src=\"https:\/\/bdc2020.o0bc.com\/wp-content\/uploads\/2024\/09\/SQ3OQYWFB5EC7KQ2KXOLLSJELI-66eae36a42ebd-scaled.jpg\" alt=\"        Casa da Semana\" class=\"wp-image-31755474\" srcset=\"https:\/\/bdc2020.o0bc.com\/wp-content\/uploads\/2024\/09\/SQ3OQYWFB5EC7KQ2KXOLLSJELI-66eae36a42ebd-scaled.jpg?width=200 200w, https:\/\/bdc2020.o0bc.com\/wp-content\/uploads\/2024\/09\/SQ3OQYWFB5EC7KQ2KXOLLSJELI-66eae36a42ebd-scaled.jpg?width=300 300w, https:\/\/bdc2020.o0bc.com\/wp-content\/uploads\/2024\/09\/SQ3OQYWFB5EC7KQ2KXOLLSJELI-66eae36a42ebd-scaled.jpg?width=400 400w, https:\/\/bdc2020.o0bc.com\/wp-content\/uploads\/2024\/09\/SQ3OQYWFB5EC7KQ2KXOLLSJELI-66eae36a42ebd-scaled.jpg?width=500 500w, https:\/\/bdc2020.o0bc.com\/wp-content\/uploads\/2024\/09\/SQ3OQYWFB5EC7KQ2KXOLLSJELI-66eae36a42ebd-scaled.jpg?width=600 600w, https:\/\/bdc2020.o0bc.com\/wp-content\/uploads\/2024\/09\/SQ3OQYWFB5EC7KQ2KXOLLSJELI-66eae36a42ebd-scaled.jpg?width=700 700w, https:\/\/bdc2020.o0bc.com\/wp-content\/uploads\/2024\/09\/SQ3OQYWFB5EC7KQ2KXOLLSJELI-66eae36a42ebd-scaled.jpg?width=800 800w, https:\/\/bdc2020.o0bc.com\/wp-content\/uploads\/2024\/09\/SQ3OQYWFB5EC7KQ2KXOLLSJELI-66eae36a42ebd-scaled.jpg?width=900 900w\" sizes=\"auto, (max-width: 1920px) 100vw, 1920px\"\/><figcaption class=\"wp-element-caption\">O banheiro da su\u00edte principal ter\u00e1 uma pia flutuante e um chuveiro.<\/figcaption><\/figure>\n<figure class=\"wp-block-image\"><img loading=\"lazy\" decoding=\"async\" width=\"2560\" height=\"1440\" src=\"https:\/\/bdc2020.o0bc.com\/wp-content\/uploads\/2024\/09\/3PH73YFXZVHXTJ2VSMAINMQ6RQ-66eae377d9156-scaled.jpg\" alt=\"  \" class=\"wp-image-31755478\" srcset=\"https:\/\/bdc2020.o0bc.com\/wp-content\/uploads\/2024\/09\/3PH73YFXZVHXTJ2VSMAINMQ6RQ-66eae377d9156-scaled.jpg?width=200 200w, https:\/\/bdc2020.o0bc.com\/wp-content\/uploads\/2024\/09\/3PH73YFXZVHXTJ2VSMAINMQ6RQ-66eae377d9156-scaled.jpg?width=300 300w, https:\/\/bdc2020.o0bc.com\/wp-content\/uploads\/2024\/09\/3PH73YFXZVHXTJ2VSMAINMQ6RQ-66eae377d9156-scaled.jpg?width=400 400w, https:\/\/bdc2020.o0bc.com\/wp-content\/uploads\/2024\/09\/3PH73YFXZVHXTJ2VSMAINMQ6RQ-66eae377d9156-scaled.jpg?width=500 500w, https:\/\/bdc2020.o0bc.com\/wp-content\/uploads\/2024\/09\/3PH73YFXZVHXTJ2VSMAINMQ6RQ-66eae377d9156-scaled.jpg?width=600 600w, https:\/\/bdc2020.o0bc.com\/wp-content\/uploads\/2024\/09\/3PH73YFXZVHXTJ2VSMAINMQ6RQ-66eae377d9156-scaled.jpg?width=700 700w, https:\/\/bdc2020.o0bc.com\/wp-content\/uploads\/2024\/09\/3PH73YFXZVHXTJ2VSMAINMQ6RQ-66eae377d9156-scaled.jpg?width=800 800w, https:\/\/bdc2020.o0bc.com\/wp-content\/uploads\/2024\/09\/3PH73YFXZVHXTJ2VSMAINMQ6RQ-66eae377d9156-scaled.jpg?width=900 900w\" sizes=\"auto, (max-width: 2560px) 100vw, 2560px\"\/><figcaption class=\"wp-element-caption\">A unidade ter\u00e1 direitos exclusivos para um terra\u00e7o.<\/figcaption><\/figure>\n<p><i>Enviar coment\u00e1rios para <\/i><a href=\"http:\/\/www.boston.com\/cdn-cgi\/l\/email-protection#fabb9e9e889f8989ba9d9695989fd4999597\"><i><span class=\"__cf_email__\" data-cfemail=\"08496c6c7a6d7b7b486f64676a6d266b6765\">[email\u00a0protected]<\/span><\/i><\/a><i>. Siga Megan Johnson no X <\/i><a href=\"https:\/\/www.twitter.com\/megansarahj\"><i>@megansaraahj <\/i><\/a><i>e Endere\u00e7o <\/i><a href=\"https:\/\/www.twitter.com\/GlobeHomes\"><i>@globehomes<\/i><\/a><i>.<\/i><\/p>\n<div class=\"m-block m-generic-cta\t m-generic-cta--post-content\t m-generic-cta--dark\t m-generic-cta--homepage\t m-generic-cta--email-signup\t\t m-generic-cta-block-style--default \tt-amp__generic-cta\"><\/p>\n<div class=\"m-generic-cta__wrap\">\n<div class=\"m-generic-cta__content\">\n<h3 class=\"m-generic-cta__title\">Endere\u00e7o boletim informativo<\/h3>\n<p class=\"m-generic-cta__subtitle\">Receba as \u00faltimas not\u00edcias sobre compra, venda, aluguel, design de interiores e muito mais.<\/p>\n<\/p><\/div>\n<\/p><\/div>\n<\/div><\/div>\n<p><script async src=\"\/\/platform.twitter.com\/widgets.js\" charset=\"utf-8\"><\/script><script>\n\t\tvar consent=\"grant\";\n\t\t\/* The above code is parsing the JSON data from the local storage and storing it in a variable. *\/\n\t\t\t\t\tconst onetrustStorageConsent = JSON.parse(localStorage.getItem( 'consent_one_trust_bdc' ) );\n\t\t\tif ( ( onetrustStorageConsent !== null ) ) {\n\t\t\t\t\/* Checking to see if the user has consented to the use of cookies.\n\t\t\t\t* If they have not, it is deleting the cookie.\n\t\t\t\t* This will comment for now, until further notice.\n\t\t\t\t*\/\n\t\t\t\t\/\/if ( onetrustStorageConsent.C0002 === false ) {\n\t\t\t\t\/\/\tdocument.cookie=\"_fbp=;expires=Thu, 01 Jan 2010 00:00:00 UTC; path=\/; domain=.boston.com\";\n\t\t\t\t\/\/}\n\t\t\t\t\/* Checking if the user has given consent for the cookie C0002.\n\t\t\t\t* If the user has given consent, the variable consent will be set to 'grant'.\n\t\t\t\t* If the user has not given consent,the variable consent will be set to 'revoke'.\n\t\t\t\t* Documentation https:\/\/developers.facebook.com\/docs\/meta-pixel\/implementation\/gdpr\n\t\t\t\t*\/\n\t\t\t\tif ( onetrustStorageConsent.C0002 !== true ) {\n\t\t\t\t\tconsent=\"revoke\";\n\t\t\t\t}\n\t\t\t}\n\t\t\t\t!function(f,b,e,v,n,t,s)\n\t\t{if(f.fbq)return;n=f.fbq=function(){n.callMethod?\n\t\tn.callMethod.apply(n,arguments):n.queue.push(arguments)};\n\t\tif(!f._fbq)f._fbq=n;n.push=n;n.loaded=!0;n.version='2.0';\n\t\tn.queue=[];t=b.createElement(e);t.async=!0;\n\t\tt.src=v;s=b.getElementsByTagName(e)[0];\n\t\ts.parentNode.insertBefore(t,s)}(window, document,'script',\n\t\t'https:\/\/connect.facebook.net\/en_US\/fbevents.js');\n\t\tfbq('consent', consent);\n\t\tfbq('init', '989222871864976');\n\t\tfbq('track', 'PageView');\n\t<\/script><script type=\"module\">\n\t\tvar consent=\"grant\";\n\t\t\/* The above code is parsing the JSON data from the local storage and storing it in a variable. *\/\n\t\t\tconst onetrustStorageConsent = JSON.parse(localStorage.getItem( 'consent_one_trust_bdc' ) );\n\t\t\t\/* Checking to see if the user has consented to the use of cookies.\n\t\t\t* If they have not, it is deleting the cookie.\n\t\t\t* This will comment for now, until further notice.\n\t\t\t*\/\n\t\t\t\/\/if ( onetrustStorageConsent.C0002 === false ) {\n\t\t\t\/\/\tdocument.cookie=\"_fbp=;expires=Thu, 01 Jan 2010 00:00:00 UTC; path=\/; domain=.boston.com\";\n\t\t\t\/\/}\n\t\t\t\/* Checking if the user has given consent for the cookie C0002.\n\t\t\t* If the user has given consent, the variable consent will be set to 'grant'.\n\t\t\t* If the user has not given consent,the variable consent will be set to 'revoke'.\n\t\t\t* Documentation https:\/\/developers.facebook.com\/docs\/meta-pixel\/implementation\/gdpr\n\t\t\t*\/\n\t\t\tif ( ( onetrustStorageConsent !== null ) && (onetrustStorageConsent.C0002 !== true ) ) {\n\t\t\t\tconsent=\"revoke\";\n\t\t\t}\n\t\t\t\t!function(f,b,e,v,n,t,s){if(f.fbq)return;n=f.fbq=function()\n\t\t{n.callMethod? n.callMethod.apply(n,arguments):n.queue.push(arguments)}\n\t\t;if(!f._fbq)f._fbq=n;\n\t\tn.push=n;n.loaded=!0;n.version='2.0';n.queue=[];t=b.createElement(e);t.async=!0;\n\t\tt.src=v;s=b.getElementsByTagName(e)[0];s.parentNode.insertBefore(t,s)}(window,\n\t\tdocument,'script','https:\/\/connect.facebook.net\/en_US\/fbevents.js');\n\t\tfbq('consent', consent);\n\t\tfbq('init', '813236348753005');\n\t\tfbq('track', \"PageView\");\n\t<\/script><br \/>\n<br \/><br \/>\n<br \/><a href=\"https:\/\/www.boston.com\/real-estate\/fall-house-hunt\/2024\/09\/18\/home-of-week-new-condo-off-washington-street-brookline\/\">Source link <\/a><\/p>","protected":false},"excerpt":{"rendered":"<p>Ca\u00e7a \u00e0 casa no outono A propriedade, com conclus\u00e3o prevista para o outono de 2025, ter\u00e1 dois quartos, dois banheiros completos e um terra\u00e7o pr\u00f3prio. A sala de estar contar\u00e1&hellip;<\/p>","protected":false},"author":1,"featured_media":38777,"comment_status":"closed","ping_status":"open","sticky":false,"template":"","format":"standard","meta":{"content-type":"","footnotes":""},"categories":[1],"tags":[],"class_list":["post-38776","post","type-post","status-publish","format-standard","has-post-thumbnail","hentry","category-uncategorized"],"_links":{"self":[{"href":"https:\/\/tvbrazilusa.com\/pt\/wp-json\/wp\/v2\/posts\/38776","targetHints":{"allow":["GET"]}}],"collection":[{"href":"https:\/\/tvbrazilusa.com\/pt\/wp-json\/wp\/v2\/posts"}],"about":[{"href":"https:\/\/tvbrazilusa.com\/pt\/wp-json\/wp\/v2\/types\/post"}],"author":[{"embeddable":true,"href":"https:\/\/tvbrazilusa.com\/pt\/wp-json\/wp\/v2\/users\/1"}],"replies":[{"embeddable":true,"href":"https:\/\/tvbrazilusa.com\/pt\/wp-json\/wp\/v2\/comments?post=38776"}],"version-history":[{"count":1,"href":"https:\/\/tvbrazilusa.com\/pt\/wp-json\/wp\/v2\/posts\/38776\/revisions"}],"predecessor-version":[{"id":38778,"href":"https:\/\/tvbrazilusa.com\/pt\/wp-json\/wp\/v2\/posts\/38776\/revisions\/38778"}],"wp:featuredmedia":[{"embeddable":true,"href":"https:\/\/tvbrazilusa.com\/pt\/wp-json\/wp\/v2\/media\/38777"}],"wp:attachment":[{"href":"https:\/\/tvbrazilusa.com\/pt\/wp-json\/wp\/v2\/media?parent=38776"}],"wp:term":[{"taxonomy":"category","embeddable":true,"href":"https:\/\/tvbrazilusa.com\/pt\/wp-json\/wp\/v2\/categories?post=38776"},{"taxonomy":"post_tag","embeddable":true,"href":"https:\/\/tvbrazilusa.com\/pt\/wp-json\/wp\/v2\/tags?post=38776"}],"curies":[{"name":"wp","href":"https:\/\/api.w.org\/{rel}","templated":true}]}}