{"id":38782,"date":"2024-09-18T14:55:40","date_gmt":"2024-09-18T14:55:40","guid":{"rendered":"https:\/\/tvbrazilusa.com\/2024\/09\/18\/comunidade-de-pembroke-se-une-para-ajudar-a-familia-de-adolescente-morta-em-acidente-em-duxbury\/"},"modified":"2024-09-18T14:55:40","modified_gmt":"2024-09-18T14:55:40","slug":"comunidade-de-pembroke-se-une-para-ajudar-a-familia-de-adolescente-morta-em-acidente-em-duxbury","status":"publish","type":"post","link":"https:\/\/tvbrazilusa.com\/pt\/2024\/09\/18\/comunidade-de-pembroke-se-une-para-ajudar-a-familia-de-adolescente-morta-em-acidente-em-duxbury\/","title":{"rendered":"Comunidade de Pembroke se une para ajudar a fam\u00edlia de adolescente morta em acidente em Duxbury"},"content":{"rendered":"<p> <script async src=\"https:\/\/pagead2.googlesyndication.com\/pagead\/js\/adsbygoogle.js?client=ca-pub-8864793242727901\"\r\n     crossorigin=\"anonymous\"><\/script><br \/>\n<br \/><img decoding=\"async\" src=\"https:\/\/www.boston.com\/wp-content\/themes\/bdc-2020\/images\/tease-defaults\/fallback-tease-image-4x3-medium.png\" \/><\/p>\n<div id=\"\">\n<header class=\"m-article-header m-article-header--standard\">\n\t\t\t\t\t\t\t\t\t\t\t\t<span id=\"article-header-primary-term\"><br \/>\n\t\t\t\t\t\t\t\t<a class=\"a-term a-term--primary\" href=\"https:\/\/www.boston.com\/tag\/local-news\/\"><\/p>\n<p>\t\t\t\t\t\t\t\tNot\u00edcias locais\t\t\t\t\t\t\t\t<\/a><br \/>\n\t\t\t\t\t\t\t<\/span><\/p>\n<h2 class=\"m-article-header__sub-headline\">Os membros da comunidade lembram-se dela como uma \u201cmenina querida\u201d.<\/h2>\n<figure class=\"a-photo m-article-header__photo\"><figcaption class=\"a-photo__caption\">\n\t<em> <\/em>\t<\/figcaption><\/figure>\n<\/header>\n<p>A comunidade de Pembroke est\u00e1 se unindo para ajudar a fam\u00edlia da adolescente que morreu ap\u00f3s um acidente de carro no in\u00edcio desta semana em Duxbury. <\/p>\n<p>Em um Facebook <a href=\"https:\/\/www.facebook.com\/hobomock\/posts\/pfbid02PpHh72Tc63MiKBdo5zY4zak25QdGmmGY83HnCuPW37VzW4hNbfKbUDcgYk8CYCwEl\">publicar<\/a>a Organiza\u00e7\u00e3o de Pais e Mestres de Hobomock identificou a adolescente como Maddie Straub, uma aluna do \u00faltimo ano da Silver Lake High School, de Pembroke.<\/p>\n<p>\u201cPembroke perdeu uma jovem incr\u00edvel e linda\u201d, escreveu a organiza\u00e7\u00e3o no post. <\/p>\n<p>A organiza\u00e7\u00e3o criou v\u00e1rias maneiras de ajudar sua fam\u00edlia a cobrir as despesas futuras, incluindo doa\u00e7\u00f5es para<a href=\"https:\/\/www.facebook.com\/kellene.falco\/posts\/pfbid02L2zfsJbFm76W7NFeBkjU6SAt6sW6viEtByxYni4vLaMmPudwBj2kTsrcvraDVrThl?__cft__%5B0%5D=AZU3tsc7FVbSXePr9AET4CV8sjfmhN-QoO7aSEz-B9twm1We-dOeigQeAbcOHzOEP1yq4i5V7bAxrQaAp4GlO_GubWTu-8_lIWn15fcgp5Gw1X5qkGHTtM1yJf3PrNNtv-N-l1in42NL3_8Bceq1rDx2Dpa2QHtWqZ1bMx_aYo3B3A&#038;__tn__=-UK-R\"> Ajudantes do Papai Noel<\/a> e um <a href=\"https:\/\/mealtrain.com\/ed80d1\">trem de refei\u00e7\u00e3o<\/a>. A Blackbird Baking Co. tamb\u00e9m est\u00e1 doando 100% de seus lucros para as vendas no s\u00e1bado, 21 de setembro, no Pembroke Farmers Market. <\/p>\n<p><a href=\"https:\/\/www.facebook.com\/profile.php?id=100064551045728&#038;__cft__%5B0%5D=AZU3tsc7FVbSXePr9AET4CV8sjfmhN-QoO7aSEz-B9twm1We-dOeigQeAbcOHzOEP1yq4i5V7bAxrQaAp4GlO_GubWTu-8_lIWn15fcgp5Gw1X5qkGHTtM1yJf3PrNNtv-N-l1in42NL3_8Bceq1rDx2Dpa2QHtWqZ1bMx_aYo3B3A&#038;__tn__=-%5DK-R\">Beisebol e Softball Juvenil Pembroke <\/a>realizar\u00e1 uma vig\u00edlia \u00e0 luz de velas em homenagem a Straub na quarta-feira, 18 de setembro, \u00e0s 19h30 no Mattakeesett Fields, perto do Snack Shack. <\/p>\n<p>George Howe, membro do Conselho de Beisebol e Softball Juvenil de Pembroke, disse <a href=\"https:\/\/www.boston25news.com\/news\/local\/sweetheart-girl-community-mourning-after-17-year-old-killed-duxbury-car-crash\/CLY6IZ3FZRG73HEYCSKSXTEC5Y\/\">Not\u00edcias de Boston 25<\/a> que ele conheceu Straub bem porque ela trabalhava essencialmente como sua empres\u00e1ria e no Snack Shack ao lado dos campos de beisebol. <\/p>\n<p>\u201cEla era apenas uma daquelas garotas que voc\u00ea conhece, crian\u00e7as que voc\u00ea conhece, que voc\u00ea percebe que estava indo a algum lugar\u201d, disse Howe \u00e0 esta\u00e7\u00e3o de not\u00edcias. <\/p>\n<p>Howe est\u00e1 ajudando a organizar a vig\u00edlia de quarta-feira, dizendo que Straub era \u201cuma garota querida\u201d. <\/p>\n<h2 class=\"wp-block-heading\" id=\"h-what-happened\">O que aconteceu: <\/h2>\n<p>Por volta das 12h20 de s\u00e1bado, a pol\u00edcia e o corpo de bombeiros de Duxbury responderam a um relato de uma colis\u00e3o de um \u00fanico carro contra uma \u00e1rvore na Harrison Street. A pol\u00edcia encontrou Straub, de 17 anos, presa no ve\u00edculo. Ela era a \u00fanica pessoa no carro. <\/p>\n<p>Straub n\u00e3o respondeu, e os Jaws of Life foram usados \u200b\u200bpara retir\u00e1-la do carro. <\/p>\n<p>Os bombeiros tomaram medidas para salvar sua vida, e ela foi transportada pelo MedFlight para o Hospital Geral de Massachusetts. <\/p>\n<p>O legista-chefe notificou a pol\u00edcia de Duxbury na noite de segunda-feira que Straub havia morrido em decorr\u00eancia dos ferimentos. <\/p>\n<p>A pol\u00edcia de Duxbury e a pol\u00edcia estadual, incluindo a Se\u00e7\u00e3o de An\u00e1lise e Reconstru\u00e7\u00e3o de Colis\u00f5es, est\u00e3o investigando as circunst\u00e2ncias do acidente. <\/p>\n<p>A pol\u00edcia <a href=\"https:\/\/www.boston.com\/news\/local-news\/2024\/09\/17\/teen-girl-dead-in-duxbury-crash\/\">dito anteriormente <\/a>eles acreditavam que a velocidade foi um fator no acidente. <\/p>\n<p>\u201cNossas mais profundas condol\u00eancias aos amigos e familiares da v\u00edtima\u201d, disse o chefe de pol\u00edcia de Duxubry, Michael Carbone, em um comunicado. <a href=\"https:\/\/www.facebook.com\/DuxburyPolice\">declara\u00e7\u00e3o<\/a>. <\/p>\n<div class=\"m-block m-generic-cta\t m-generic-cta--post-content\t m-generic-cta--dark\t m-generic-cta--homepage\t m-generic-cta--email-signup\t\t m-generic-cta-block-style--default \tt-amp__generic-cta\"><\/p>\n<div class=\"m-generic-cta__wrap\">\n<div class=\"m-generic-cta__content\">\n<h3 class=\"m-generic-cta__title\">Boston.com Hoje<\/h3>\n<p class=\"m-generic-cta__subtitle\">Inscreva-se para receber as \u00faltimas manchetes na sua caixa de entrada todas as manh\u00e3s.<\/p>\n<\/p><\/div>\n<\/p><\/div>\n<\/div><\/div>\n<p><script>\n\t\tvar consent=\"grant\";\n\t\t\/* The above code is parsing the JSON data from the local storage and storing it in a variable. *\/\n\t\t\t\t\tconst onetrustStorageConsent = JSON.parse(localStorage.getItem( 'consent_one_trust_bdc' ) );\n\t\t\tif ( ( onetrustStorageConsent !== null ) ) {\n\t\t\t\t\/* Checking to see if the user has consented to the use of cookies.\n\t\t\t\t* If they have not, it is deleting the cookie.\n\t\t\t\t* This will comment for now, until further notice.\n\t\t\t\t*\/\n\t\t\t\t\/\/if ( onetrustStorageConsent.C0002 === false ) {\n\t\t\t\t\/\/\tdocument.cookie=\"_fbp=;expires=Thu, 01 Jan 2010 00:00:00 UTC; path=\/; domain=.boston.com\";\n\t\t\t\t\/\/}\n\t\t\t\t\/* Checking if the user has given consent for the cookie C0002.\n\t\t\t\t* If the user has given consent, the variable consent will be set to 'grant'.\n\t\t\t\t* If the user has not given consent,the variable consent will be set to 'revoke'.\n\t\t\t\t* Documentation https:\/\/developers.facebook.com\/docs\/meta-pixel\/implementation\/gdpr\n\t\t\t\t*\/\n\t\t\t\tif ( onetrustStorageConsent.C0002 !== true ) {\n\t\t\t\t\tconsent=\"revoke\";\n\t\t\t\t}\n\t\t\t}\n\t\t\t\t!function(f,b,e,v,n,t,s)\n\t\t{if(f.fbq)return;n=f.fbq=function(){n.callMethod?\n\t\tn.callMethod.apply(n,arguments):n.queue.push(arguments)};\n\t\tif(!f._fbq)f._fbq=n;n.push=n;n.loaded=!0;n.version='2.0';\n\t\tn.queue=[];t=b.createElement(e);t.async=!0;\n\t\tt.src=v;s=b.getElementsByTagName(e)[0];\n\t\ts.parentNode.insertBefore(t,s)}(window, document,'script',\n\t\t'https:\/\/connect.facebook.net\/en_US\/fbevents.js');\n\t\tfbq('consent', consent);\n\t\tfbq('init', '989222871864976');\n\t\tfbq('track', 'PageView');\n\t<\/script><script type=\"module\">\n\t\tvar consent=\"grant\";\n\t\t\/* The above code is parsing the JSON data from the local storage and storing it in a variable. *\/\n\t\t\tconst onetrustStorageConsent = JSON.parse(localStorage.getItem( 'consent_one_trust_bdc' ) );\n\t\t\t\/* Checking to see if the user has consented to the use of cookies.\n\t\t\t* If they have not, it is deleting the cookie.\n\t\t\t* This will comment for now, until further notice.\n\t\t\t*\/\n\t\t\t\/\/if ( onetrustStorageConsent.C0002 === false ) {\n\t\t\t\/\/\tdocument.cookie=\"_fbp=;expires=Thu, 01 Jan 2010 00:00:00 UTC; path=\/; domain=.boston.com\";\n\t\t\t\/\/}\n\t\t\t\/* Checking if the user has given consent for the cookie C0002.\n\t\t\t* If the user has given consent, the variable consent will be set to 'grant'.\n\t\t\t* If the user has not given consent,the variable consent will be set to 'revoke'.\n\t\t\t* Documentation https:\/\/developers.facebook.com\/docs\/meta-pixel\/implementation\/gdpr\n\t\t\t*\/\n\t\t\tif ( ( onetrustStorageConsent !== null ) && (onetrustStorageConsent.C0002 !== true ) ) {\n\t\t\t\tconsent=\"revoke\";\n\t\t\t}\n\t\t\t\t!function(f,b,e,v,n,t,s){if(f.fbq)return;n=f.fbq=function()\n\t\t{n.callMethod? n.callMethod.apply(n,arguments):n.queue.push(arguments)}\n\t\t;if(!f._fbq)f._fbq=n;\n\t\tn.push=n;n.loaded=!0;n.version='2.0';n.queue=[];t=b.createElement(e);t.async=!0;\n\t\tt.src=v;s=b.getElementsByTagName(e)[0];s.parentNode.insertBefore(t,s)}(window,\n\t\tdocument,'script','https:\/\/connect.facebook.net\/en_US\/fbevents.js');\n\t\tfbq('consent', consent);\n\t\tfbq('init', '813236348753005');\n\t\tfbq('track', \"PageView\");\n\t<\/script><br \/>\n<br \/><br \/>\n<br \/><a href=\"https:\/\/www.boston.com\/news\/local-news\/2024\/09\/18\/pembroke-community-comes-together-for-family-of-teen-girl-killed-in-duxbury-crash\/\">Source link <\/a><\/p>","protected":false},"excerpt":{"rendered":"<p>Not\u00edcias locais Os membros da comunidade lembram-se dela como uma \u201cmenina querida\u201d. A comunidade de Pembroke est\u00e1 se unindo para ajudar a fam\u00edlia da adolescente que morreu ap\u00f3s um acidente&hellip;<\/p>","protected":false},"author":1,"featured_media":0,"comment_status":"","ping_status":"open","sticky":false,"template":"","format":"standard","meta":{"content-type":"","footnotes":""},"categories":[1],"tags":[],"class_list":["post-38782","post","type-post","status-publish","format-standard","hentry","category-uncategorized"],"_links":{"self":[{"href":"https:\/\/tvbrazilusa.com\/pt\/wp-json\/wp\/v2\/posts\/38782","targetHints":{"allow":["GET"]}}],"collection":[{"href":"https:\/\/tvbrazilusa.com\/pt\/wp-json\/wp\/v2\/posts"}],"about":[{"href":"https:\/\/tvbrazilusa.com\/pt\/wp-json\/wp\/v2\/types\/post"}],"author":[{"embeddable":true,"href":"https:\/\/tvbrazilusa.com\/pt\/wp-json\/wp\/v2\/users\/1"}],"replies":[{"embeddable":true,"href":"https:\/\/tvbrazilusa.com\/pt\/wp-json\/wp\/v2\/comments?post=38782"}],"version-history":[{"count":0,"href":"https:\/\/tvbrazilusa.com\/pt\/wp-json\/wp\/v2\/posts\/38782\/revisions"}],"wp:attachment":[{"href":"https:\/\/tvbrazilusa.com\/pt\/wp-json\/wp\/v2\/media?parent=38782"}],"wp:term":[{"taxonomy":"category","embeddable":true,"href":"https:\/\/tvbrazilusa.com\/pt\/wp-json\/wp\/v2\/categories?post=38782"},{"taxonomy":"post_tag","embeddable":true,"href":"https:\/\/tvbrazilusa.com\/pt\/wp-json\/wp\/v2\/tags?post=38782"}],"curies":[{"name":"wp","href":"https:\/\/api.w.org\/{rel}","templated":true}]}}