{"id":38788,"date":"2024-09-18T15:00:51","date_gmt":"2024-09-18T15:00:51","guid":{"rendered":"https:\/\/tvbrazilusa.com\/2024\/09\/18\/nova-iluminacao-designers-oferecem-dicas-para-atualizacoes-que-brilham\/"},"modified":"2024-09-18T15:10:55","modified_gmt":"2024-09-18T15:10:55","slug":"nova-iluminacao-designers-oferecem-dicas-para-atualizacoes-que-brilham","status":"publish","type":"post","link":"https:\/\/tvbrazilusa.com\/pt\/2024\/09\/18\/nova-iluminacao-designers-oferecem-dicas-para-atualizacoes-que-brilham\/","title":{"rendered":"Nova ilumina\u00e7\u00e3o? Designers oferecem dicas para atualiza\u00e7\u00f5es que brilham."},"content":{"rendered":"<p> <script async src=\"https:\/\/pagead2.googlesyndication.com\/pagead\/js\/adsbygoogle.js?client=ca-pub-8864793242727901\"\r\n     crossorigin=\"anonymous\"><\/script><br \/>\n<\/p>\n<div id=\"\">\n<header class=\"m-article-header m-article-header--standard\">\n\t\t\t\t\t\t\t\t\t\t\t\t<span id=\"article-header-primary-term\"><br \/>\n\t\t\t\t\t\t\t\t<a class=\"a-term a-term--primary\" href=\"https:\/\/www.boston.com\/tag\/local-news\/\"><\/p>\n<p>\t\t\t\t\t\t\t\tNot\u00edcias locais\t\t\t\t\t\t\t\t<\/a><br \/>\n\t\t\t\t\t\t\t<\/span><\/p>\n<h2 class=\"m-article-header__sub-headline\">Veja por que voc\u00ea deve adotar ventiladores de teto novamente.<\/h2>\n<figure class=\"a-photo m-article-header__photo\"><figcaption class=\"a-photo__caption\">\n<p>\tO estilo moderno de meados do s\u00e9culo \u00e9 popular, principalmente a ilumina\u00e7\u00e3o com vidro fosco e moldura de lat\u00e3o.<em> <\/em>\t<\/figcaption><\/figure>\n<div class=\"m-article-header__meta\">\n<div class=\"m-article-header__byline\">\n<p class=\"m-article-header__author\">\n<p>\t\t\t\t\t\t\t\tPor Kara Baskin\t\t\t\t\t\t\t<\/p>\n<p>\t\t\t\t\t\t    \t\t\t\t\t\t\t<time class=\"m-article-header__date\"><\/p>\n<p>        \t\t\t\t\t\t\t18 de setembro de 2024 | 11:00 AM    \t\t\t\t\t\t\t<\/time><\/p><\/div>\n<\/p><\/div>\n<\/header>\n<p>Voc\u00ea \u00e9 med\u00edocre quando se trata de ilumina\u00e7\u00e3o dom\u00e9stica? Eu sou (sem sombra, por favor). Quando me mudei para meu Colonial da d\u00e9cada de 1920, uma d\u00e9cada atr\u00e1s, fiquei encantado em comprar na minha cidade dos sonhos, Arlington, tanto que ignorei o fato de que n\u00e3o havia absolutamente nenhuma ilumina\u00e7\u00e3o no teto, exceto uma luz de corredor no formato de um mamilo. Essas reminisc\u00eancias feias dos anos 1970 s\u00e3o conhecidas na ind\u00fastria como &#8220;luzes de peito&#8221;, descobri mais tarde.<\/p>\n<p>Uma d\u00e9cada depois, ainda dependemos de l\u00e2mpadas, embora eu esteja lentamente adicionando luzes de teto aos nossos quartos. Voc\u00ea est\u00e1 na mesma posi\u00e7\u00e3o sombria? Se sim, aqui est\u00e3o dicas brilhantes de quatro profissionais de ilumina\u00e7\u00e3o e design para fazer sua casa realmente brilhar.<\/p>\n<p><b>Torne-se um f\u00e3 de \u201cfandeliers\u201d ou \u201caire-deliers\u201d. <\/b>Deixe sua casa iluminada e arejada com este h\u00edbrido de lustre e ventilador de teto. Dificilmente o ventilador de teto da sua av\u00f3, eles s\u00e3o pe\u00e7as de destaque que combinam forma com fun\u00e7\u00e3o.<\/p>\n<p>\u201cEles percorreram um longo caminho nos \u00faltimos quatro a cinco anos. Eles n\u00e3o s\u00e3o ventiladores de teto chatos: eles t\u00eam lumin\u00e1rias realmente legais embutidas no ventilador\u201d, disse Michelle Lee Parenteau, que dirige a empresa de design de interiores <a href=\"https:\/\/www.michelleleedesigns.com\/\">Desenhos de Michelle Lee<\/a> em Johnston, RI Os especialistas recomendaram as op\u00e7\u00f5es elegantes de<a href=\"https:\/\/www.minkagroup.net\/fans\/?featureds%5b%5d=121\"> Minka<\/a>.<\/p>\n<figure class=\"wp-block-image\"><img loading=\"lazy\" decoding=\"async\" width=\"1706\" height=\"2560\" src=\"https:\/\/bdc2020.o0bc.com\/wp-content\/uploads\/2024\/09\/SXJO7BS665ELFNIPTCFFSMRG4M-66eaeb4c0ad26-scaled.jpg\" alt=\"  \" class=\"wp-image-31756064\" srcset=\"https:\/\/bdc2020.o0bc.com\/wp-content\/uploads\/2024\/09\/SXJO7BS665ELFNIPTCFFSMRG4M-66eaeb4c0ad26-scaled.jpg?width=200 200w, https:\/\/bdc2020.o0bc.com\/wp-content\/uploads\/2024\/09\/SXJO7BS665ELFNIPTCFFSMRG4M-66eaeb4c0ad26-scaled.jpg?width=300 300w, https:\/\/bdc2020.o0bc.com\/wp-content\/uploads\/2024\/09\/SXJO7BS665ELFNIPTCFFSMRG4M-66eaeb4c0ad26-scaled.jpg?width=400 400w, https:\/\/bdc2020.o0bc.com\/wp-content\/uploads\/2024\/09\/SXJO7BS665ELFNIPTCFFSMRG4M-66eaeb4c0ad26-scaled.jpg?width=500 500w, https:\/\/bdc2020.o0bc.com\/wp-content\/uploads\/2024\/09\/SXJO7BS665ELFNIPTCFFSMRG4M-66eaeb4c0ad26-scaled.jpg?width=600 600w, https:\/\/bdc2020.o0bc.com\/wp-content\/uploads\/2024\/09\/SXJO7BS665ELFNIPTCFFSMRG4M-66eaeb4c0ad26-scaled.jpg?width=700 700w, https:\/\/bdc2020.o0bc.com\/wp-content\/uploads\/2024\/09\/SXJO7BS665ELFNIPTCFFSMRG4M-66eaeb4c0ad26-scaled.jpg?width=800 800w, https:\/\/bdc2020.o0bc.com\/wp-content\/uploads\/2024\/09\/SXJO7BS665ELFNIPTCFFSMRG4M-66eaeb4c0ad26-scaled.jpg?width=900 900w\" sizes=\"auto, (max-width: 1706px) 100vw, 1706px\"\/><figcaption class=\"wp-element-caption\">Os ventiladores de teto est\u00e3o se tornando mais modernos, uma oportunidade maior de expressar seu pr\u00f3prio senso de estilo.<\/figcaption><\/figure>\n<figure class=\"wp-block-image\"><img loading=\"lazy\" decoding=\"async\" width=\"1600\" height=\"1600\" src=\"https:\/\/bdc2020.o0bc.com\/wp-content\/uploads\/2024\/09\/3VELZZFHPBFEFHZ5P26GK2F34Y-66eaeb57d5bde.jpg\" alt=\"  \" class=\"wp-image-31756069\" srcset=\"https:\/\/bdc2020.o0bc.com\/wp-content\/uploads\/2024\/09\/3VELZZFHPBFEFHZ5P26GK2F34Y-66eaeb57d5bde.jpg?width=200 200w, https:\/\/bdc2020.o0bc.com\/wp-content\/uploads\/2024\/09\/3VELZZFHPBFEFHZ5P26GK2F34Y-66eaeb57d5bde.jpg?width=300 300w, https:\/\/bdc2020.o0bc.com\/wp-content\/uploads\/2024\/09\/3VELZZFHPBFEFHZ5P26GK2F34Y-66eaeb57d5bde.jpg?width=400 400w, https:\/\/bdc2020.o0bc.com\/wp-content\/uploads\/2024\/09\/3VELZZFHPBFEFHZ5P26GK2F34Y-66eaeb57d5bde.jpg?width=500 500w, https:\/\/bdc2020.o0bc.com\/wp-content\/uploads\/2024\/09\/3VELZZFHPBFEFHZ5P26GK2F34Y-66eaeb57d5bde.jpg?width=600 600w, https:\/\/bdc2020.o0bc.com\/wp-content\/uploads\/2024\/09\/3VELZZFHPBFEFHZ5P26GK2F34Y-66eaeb57d5bde.jpg?width=700 700w, https:\/\/bdc2020.o0bc.com\/wp-content\/uploads\/2024\/09\/3VELZZFHPBFEFHZ5P26GK2F34Y-66eaeb57d5bde.jpg?width=800 800w, https:\/\/bdc2020.o0bc.com\/wp-content\/uploads\/2024\/09\/3VELZZFHPBFEFHZ5P26GK2F34Y-66eaeb57d5bde.jpg?width=900 900w\" sizes=\"auto, (max-width: 1600px) 100vw, 1600px\"\/><figcaption class=\"wp-element-caption\">Este n\u00e3o \u00e9 o ventilador de teto dos seus av\u00f3s.<\/figcaption><\/figure>\n<p><b>Seja sutil com ilumina\u00e7\u00e3o embutida menor e linear. <\/b>\u201cLuzes embutidas de alto desempenho e pequena abertura se tornaram a \u00faltima moda. Voc\u00ea costumava ver bombas de brilho grandes, enormes, de 6 polegadas no seu teto. Agora, a ilumina\u00e7\u00e3o LED menor e embutida est\u00e1 realmente na moda, porque voc\u00ea pode ter lumin\u00e1rias de alto desempenho com luzes menores \u2014 uma linda faixa linear. Arquitetonicamente, \u00e9 muito legal\u201d, disse Lucy Dearborn da <a href=\"https:\/\/www.lucialighting.com\/\">Lucia Ilumina\u00e7\u00e3o e Design<\/a> em Lynn. Ela gosta das vers\u00f5es de LED linear de 4 polegadas da <a href=\"https:\/\/www.alconlighting.com\/catalogsearch\/result\/?q=4-inch%20linear\" target=\"_blank\" rel=\"noopener\">Ilumina\u00e7\u00e3o Alcon<\/a>.<\/p>\n<p><b>Alabaster \u00e9 incr\u00edvel.<\/b> Suave. Calmante. Texturalmente intrigante. \u201cO alabastro est\u00e1 de volta. \u00c9 t\u00e3o quente e bonito. Ele brilha\u201d, disse Dearborn, observando que ele \u00e9 frequentemente combinado com folhas de ouro quentes. Ela \u00e9 f\u00e3 disso<a href=\"https:\/\/hubbardtonforge.com\/volterra-linear-led-pendant-139667\"> vers\u00e3o pingente<\/a> do designer favorito <a href=\"https:\/\/www.google.com\/aclk?sa=l&#038;ai=DChcSEwirgpjX8seIAxXiNggFHQHrMx0YABAAGgJtZA&#038;co=1&#038;ase=2&#038;gclid=Cj0KCQjwrp-3BhDgARIsAEWJ6Sw6O4nNq1h7Fu-ziL5FkHvS0GrRidWEgWJCwDG9gljvCloKoa5HnEsaAl-FEALw_wcB&#038;sig=AOD64_2oYbbGuDCz7L1LyhbQz4A_sFUvOA&#038;q&#038;nis=4&#038;adurl&#038;ved=2ahUKEwjI35PX8seIAxW_g4kEHZB2De4Q0Qx6BAgIEAE\" target=\"_blank\" rel=\"noopener\">Forja Hubbardton<\/a>fabricado em Vermont.<\/p>\n<p><b>A ilumina\u00e7\u00e3o embutida d\u00e1 um toque de vida aos seus c\u00f4modos.<\/b> Instalados no teto, eles podem criar um efeito aconchegante e minimalista. Cindy Collings da Mashpee&#8217;s <a href=\"https:\/\/cdesignpartners.com\/\">Cdesign &#038; Parceiros<\/a> recomendou o LED de 4 polegadas, regul\u00e1vel e economizador de energia<a href=\"https:\/\/www.waclighting.com\/product\/lotos-r-4\/\"> vers\u00e3o<\/a> da WAC.<\/p>\n<p>\u201cEles custam um pouco mais do que uma marca comum, mas a vantagem \u00e9 que voc\u00ea pode controlar a temperatura e adapt\u00e1-la ao seu espa\u00e7o, com base em como voc\u00ea usa o c\u00f4modo\u201d, disse Collings.<\/p>\n<p>Por exemplo, personalize sua cozinha para um amarelo suave de 3000 kelvin, ou use um azulado de 6000 kelvin em um escrit\u00f3rio. (A Home Depot tamb\u00e9m faz um pouco menos caro<a href=\"https:\/\/www.homedepot.com\/p\/Commercial-Electric-5-6-in-Integrated-LED-Recessed-Retrofit-Light-Trim-with-Selectable-Color-Temperature-4-Pack-NS01dA09FR2-259\/314018779\"> vers\u00e3o<\/a>.)<\/p>\n<p><b>Decore sem gastar muito. <\/b>Para pe\u00e7as de alto padr\u00e3o, os designers adoram a Hubbardston Forge \u2014 \u201c\u00c9 uma joia para sua casa\u201d, disse Collings \u2014 mas para op\u00e7\u00f5es econ\u00f4micas, Collings recomendou navegar pelos produtos em <a href=\"https:\/\/www.hinkley.com\/\">Hinkley<\/a> e <a href=\"https:\/\/www.kichler.com\/\">Kichler<\/a>varejistas de ilumina\u00e7\u00e3o que oferecem visuais luxuosos em todas as faixas de pre\u00e7o.<\/p>\n<p>\u201cO moderno de meados do s\u00e9culo parece estar voltando com vidro branco fosco\u201d e acabamentos em preto fosco, lat\u00e3o e branco, disse Collings. Ela gosta<a href=\"https:\/\/www.hinkley.com\/3407bk.html?queryID=850fb4335e579c3c6989fd202468dc56&#038;objectID=43694&#038;indexName=production_default_products\"> Este<\/a> de Hinkley.<\/p>\n<figure class=\"wp-block-image\"><img loading=\"lazy\" decoding=\"async\" width=\"1281\" height=\"1599\" src=\"https:\/\/bdc2020.o0bc.com\/wp-content\/uploads\/2024\/09\/JM5PUSZAOJF2BFXFJBUZ6MONKI-66eaeb5ee14bc.jpg\" alt=\"  \" class=\"wp-image-31756071\" srcset=\"https:\/\/bdc2020.o0bc.com\/wp-content\/uploads\/2024\/09\/JM5PUSZAOJF2BFXFJBUZ6MONKI-66eaeb5ee14bc.jpg?width=200 200w, https:\/\/bdc2020.o0bc.com\/wp-content\/uploads\/2024\/09\/JM5PUSZAOJF2BFXFJBUZ6MONKI-66eaeb5ee14bc.jpg?width=300 300w, https:\/\/bdc2020.o0bc.com\/wp-content\/uploads\/2024\/09\/JM5PUSZAOJF2BFXFJBUZ6MONKI-66eaeb5ee14bc.jpg?width=400 400w, https:\/\/bdc2020.o0bc.com\/wp-content\/uploads\/2024\/09\/JM5PUSZAOJF2BFXFJBUZ6MONKI-66eaeb5ee14bc.jpg?width=500 500w, https:\/\/bdc2020.o0bc.com\/wp-content\/uploads\/2024\/09\/JM5PUSZAOJF2BFXFJBUZ6MONKI-66eaeb5ee14bc.jpg?width=600 600w, https:\/\/bdc2020.o0bc.com\/wp-content\/uploads\/2024\/09\/JM5PUSZAOJF2BFXFJBUZ6MONKI-66eaeb5ee14bc.jpg?width=700 700w, https:\/\/bdc2020.o0bc.com\/wp-content\/uploads\/2024\/09\/JM5PUSZAOJF2BFXFJBUZ6MONKI-66eaeb5ee14bc.jpg?width=800 800w, https:\/\/bdc2020.o0bc.com\/wp-content\/uploads\/2024\/09\/JM5PUSZAOJF2BFXFJBUZ6MONKI-66eaeb5ee14bc.jpg?width=900 900w\" sizes=\"auto, (max-width: 1281px) 100vw, 1281px\"\/><figcaption class=\"wp-element-caption\">O vidro fosco est\u00e1 de volta.<\/figcaption><\/figure>\n<p><b>Lisonjeie-se. <\/b>Nancy Goldstein, diretora da Marblehead&#8217;s <a href=\"https:\/\/lightpositive.com\/about-us\/\">Luz Positiva<\/a>aconselha os clientes a evitar ilumina\u00e7\u00e3o montada acima dos espelhos do banheiro. Pode parecer bonito, mas pode ser muito desagrad\u00e1vel.<\/p>\n<p>\u201cEle cria sombras nas suas sobrancelhas, sombras sob o seu nariz e sombras no seu pesco\u00e7o. Downlight n\u00e3o \u00e9 uma ilumina\u00e7\u00e3o complementar. \u00c9 muito melhor se voc\u00ea tiver espa\u00e7o para selecionar duas arandelas para cada lado do espelho, o que eu chamo de &#8216;ilumina\u00e7\u00e3o mais humana&#8217;, nivelada com seu rosto, em vez de acima de voc\u00ea\u201d, disse Goldstein. \u201cN\u00e3o economize no lavabo.\u201d<\/p>\n<figure class=\"wp-block-image\"><img loading=\"lazy\" decoding=\"async\" width=\"1900\" height=\"1520\" src=\"https:\/\/bdc2020.o0bc.com\/wp-content\/uploads\/2024\/09\/2YSJUCKV2BDU7HQC4YCMRU5I2M-66eaeb666ac84.jpg\" alt=\"  \" class=\"wp-image-31756075\" srcset=\"https:\/\/bdc2020.o0bc.com\/wp-content\/uploads\/2024\/09\/2YSJUCKV2BDU7HQC4YCMRU5I2M-66eaeb666ac84.jpg?width=200 200w, https:\/\/bdc2020.o0bc.com\/wp-content\/uploads\/2024\/09\/2YSJUCKV2BDU7HQC4YCMRU5I2M-66eaeb666ac84.jpg?width=300 300w, https:\/\/bdc2020.o0bc.com\/wp-content\/uploads\/2024\/09\/2YSJUCKV2BDU7HQC4YCMRU5I2M-66eaeb666ac84.jpg?width=400 400w, https:\/\/bdc2020.o0bc.com\/wp-content\/uploads\/2024\/09\/2YSJUCKV2BDU7HQC4YCMRU5I2M-66eaeb666ac84.jpg?width=500 500w, https:\/\/bdc2020.o0bc.com\/wp-content\/uploads\/2024\/09\/2YSJUCKV2BDU7HQC4YCMRU5I2M-66eaeb666ac84.jpg?width=600 600w, https:\/\/bdc2020.o0bc.com\/wp-content\/uploads\/2024\/09\/2YSJUCKV2BDU7HQC4YCMRU5I2M-66eaeb666ac84.jpg?width=700 700w, https:\/\/bdc2020.o0bc.com\/wp-content\/uploads\/2024\/09\/2YSJUCKV2BDU7HQC4YCMRU5I2M-66eaeb666ac84.jpg?width=800 800w, https:\/\/bdc2020.o0bc.com\/wp-content\/uploads\/2024\/09\/2YSJUCKV2BDU7HQC4YCMRU5I2M-66eaeb666ac84.jpg?width=900 900w\" sizes=\"auto, (max-width: 1900px) 100vw, 1900px\"\/><figcaption class=\"wp-element-caption\">A ilumina\u00e7\u00e3o montada acima de um espelho pode criar sombras, mas a ilumina\u00e7\u00e3o lateral, como vista aqui, n\u00e3o.<\/figcaption><\/figure>\n<figure class=\"wp-block-image\"><img loading=\"lazy\" decoding=\"async\" width=\"1200\" height=\"1599\" src=\"https:\/\/bdc2020.o0bc.com\/wp-content\/uploads\/2024\/09\/S7RNDFAZJJC4HD2E73T24YHXTA-66eaeb6e6dd9e.jpg\" alt=\"  \" class=\"wp-image-31756077\" srcset=\"https:\/\/bdc2020.o0bc.com\/wp-content\/uploads\/2024\/09\/S7RNDFAZJJC4HD2E73T24YHXTA-66eaeb6e6dd9e.jpg?width=200 200w, https:\/\/bdc2020.o0bc.com\/wp-content\/uploads\/2024\/09\/S7RNDFAZJJC4HD2E73T24YHXTA-66eaeb6e6dd9e.jpg?width=300 300w, https:\/\/bdc2020.o0bc.com\/wp-content\/uploads\/2024\/09\/S7RNDFAZJJC4HD2E73T24YHXTA-66eaeb6e6dd9e.jpg?width=400 400w, https:\/\/bdc2020.o0bc.com\/wp-content\/uploads\/2024\/09\/S7RNDFAZJJC4HD2E73T24YHXTA-66eaeb6e6dd9e.jpg?width=500 500w, https:\/\/bdc2020.o0bc.com\/wp-content\/uploads\/2024\/09\/S7RNDFAZJJC4HD2E73T24YHXTA-66eaeb6e6dd9e.jpg?width=600 600w, https:\/\/bdc2020.o0bc.com\/wp-content\/uploads\/2024\/09\/S7RNDFAZJJC4HD2E73T24YHXTA-66eaeb6e6dd9e.jpg?width=700 700w, https:\/\/bdc2020.o0bc.com\/wp-content\/uploads\/2024\/09\/S7RNDFAZJJC4HD2E73T24YHXTA-66eaeb6e6dd9e.jpg?width=800 800w, https:\/\/bdc2020.o0bc.com\/wp-content\/uploads\/2024\/09\/S7RNDFAZJJC4HD2E73T24YHXTA-66eaeb6e6dd9e.jpg?width=900 900w\" sizes=\"auto, (max-width: 1200px) 100vw, 1200px\"\/><figcaption class=\"wp-element-caption\">A ilumina\u00e7\u00e3o das laterais do espelho \u00e9 mais favor\u00e1vel.<\/figcaption><\/figure>\n<p><b>Diversifique sua cozinha. <\/b>A cozinha deve ser um ref\u00fagio de variedade, e isso tamb\u00e9m vale para a ilumina\u00e7\u00e3o.<\/p>\n<p>\u201cA menos que voc\u00ea tenha pingentes muito brilhantes sobre sua ilha que forne\u00e7am bastante luz na superf\u00edcie, n\u00e3o opte por pingentes ou acess\u00f3rios decorativos bonitos sozinhos\u201d, aconselhou Goldstein.<\/p>\n<p>Ela recomendou adicionar ilumina\u00e7\u00e3o embutida com uma abertura de 2 polegadas, especialmente para tetos baixos (tetos mais altos podem ter tamanhos maiores), angulada para a quantidade certa de ilumina\u00e7\u00e3o.<\/p>\n<p><b>Evite luzes de wafer.<\/b> Elas s\u00e3o populares entre os empreiteiros porque s\u00e3o finas e f\u00e1ceis de instalar.<\/p>\n<p>\u201cMas a qualidade da luz geralmente n\u00e3o \u00e9 \u00f3tima. Algumas s\u00e3o melhores que outras, mas o menor tamanho tem realmente quatro polegadas ou mais, e a luz \u00e9 ligeiramente regredida ou bem no plano do teto, o que as torna muito brilhantes. N\u00e3o \u00e9 uma boa apar\u00eancia\u201d, disse Goldstein.<\/p>\n<p><b>Considere ilumina\u00e7\u00e3o em camadas para criar intriga visual.<\/b> Camadas n\u00e3o s\u00e3o apenas para cabelos: \u00e9 uma estrat\u00e9gia de ilumina\u00e7\u00e3o inteligente tamb\u00e9m. Ilumina\u00e7\u00e3o de tarefa, ilumina\u00e7\u00e3o geral e ilumina\u00e7\u00e3o de destaque s\u00e3o todas parte de um bom design de ilumina\u00e7\u00e3o, disse Dearborn.<\/p>\n<p>\u201cA comunidade de design de interiores est\u00e1 ficando mais esperta sobre ilumina\u00e7\u00e3o em camadas. Isso significa arandelas de parede, ilumina\u00e7\u00e3o art\u00edstica e ilumina\u00e7\u00e3o embutida de alto desempenho, para criar um efeito em camadas\u201d, ela disse. \u201cN\u00e3o espere que uma lumin\u00e1ria ou um conjunto de lumin\u00e1rias fa\u00e7a todo o trabalho.\u201d<\/p>\n<figure class=\"wp-block-image\"><img loading=\"lazy\" decoding=\"async\" width=\"2000\" height=\"2000\" src=\"https:\/\/bdc2020.o0bc.com\/wp-content\/uploads\/2024\/09\/6RQD3322TVD63F3BFBLVH2AFVI-66eaeb76a249c.jpg\" alt=\"  \" class=\"wp-image-31756078\" srcset=\"https:\/\/bdc2020.o0bc.com\/wp-content\/uploads\/2024\/09\/6RQD3322TVD63F3BFBLVH2AFVI-66eaeb76a249c.jpg?width=200 200w, https:\/\/bdc2020.o0bc.com\/wp-content\/uploads\/2024\/09\/6RQD3322TVD63F3BFBLVH2AFVI-66eaeb76a249c.jpg?width=300 300w, https:\/\/bdc2020.o0bc.com\/wp-content\/uploads\/2024\/09\/6RQD3322TVD63F3BFBLVH2AFVI-66eaeb76a249c.jpg?width=400 400w, https:\/\/bdc2020.o0bc.com\/wp-content\/uploads\/2024\/09\/6RQD3322TVD63F3BFBLVH2AFVI-66eaeb76a249c.jpg?width=500 500w, https:\/\/bdc2020.o0bc.com\/wp-content\/uploads\/2024\/09\/6RQD3322TVD63F3BFBLVH2AFVI-66eaeb76a249c.jpg?width=600 600w, https:\/\/bdc2020.o0bc.com\/wp-content\/uploads\/2024\/09\/6RQD3322TVD63F3BFBLVH2AFVI-66eaeb76a249c.jpg?width=700 700w, https:\/\/bdc2020.o0bc.com\/wp-content\/uploads\/2024\/09\/6RQD3322TVD63F3BFBLVH2AFVI-66eaeb76a249c.jpg?width=800 800w, https:\/\/bdc2020.o0bc.com\/wp-content\/uploads\/2024\/09\/6RQD3322TVD63F3BFBLVH2AFVI-66eaeb76a249c.jpg?width=900 900w\" sizes=\"auto, (max-width: 2000px) 100vw, 2000px\"\/><figcaption class=\"wp-element-caption\">Os designers est\u00e3o aplicando camadas de ilumina\u00e7\u00e3o, incluindo arandelas que chamam a aten\u00e7\u00e3o para obras de arte.<\/figcaption><\/figure>\n<p><em>Kara Baskin pode ser contatada em <a class=\"\" href=\"http:\/\/www.boston.com\/cdn-cgi\/l\/email-protection#3d565c4f5c135f5c4e5654537d5a51525f58135e5250\" target=\"_blank\" rel=\"noreferrer noopener\"><span class=\"__cf_email__\" data-cfemail=\"2942485b48074b485a424047694e45464b4c074a4644\">[email\u00a0protected]<\/span><\/a>. Siga-a <a class=\"\" href=\"https:\/\/www.twitter.com\/kcbaskin\" target=\"_blank\" rel=\"noreferrer noopener\">@kcbaskin<\/a>.<\/em><\/p>\n<div class=\"m-block t-amp__list-container m-article-list-container m-article-list-container--frame-border a-border-frame  a-pattern-frame--red a-list-header__headline--red m-article-list--alternative--default  m-article-list--full\">\n<ul class=\"t-amp__list a-list--no-style m-article-list m-article-list--recirculation m-article-list--has-images m-article-list--has-pattern-frame\">\n<li class=\"m-article-list__item\">\n\t\t\t\t<a class=\"m-article-list__link-wrapper\" href=\"https:\/\/www.boston.com\/real-estate\/fall-house-hunt\/2024\/09\/18\/home-of-week-new-condo-off-washington-street-brookline\/\" data-p1=\"article_recirc_inline_feature\"><br \/>\n\t\t\t\t<img loading=\"lazy\" decoding=\"async\" width=\"768\" height=\"432\" src=\"https:\/\/bdc2020.o0bc.com\/wp-content\/uploads\/2024\/09\/OJ5HM3CX6NEI3K4ZMXWVT5BSDM-66eaeaf13a3f2-768x432.jpg\" class=\"t-amp__list-image m-article-list__image  wp-post-image\" alt=\"\" aria-hidden=\"true\" srcset=\"https:\/\/bdc2020.o0bc.com\/wp-content\/uploads\/2024\/09\/OJ5HM3CX6NEI3K4ZMXWVT5BSDM-66eaeaf13a3f2-768x432.jpg?width=200 200w, https:\/\/bdc2020.o0bc.com\/wp-content\/uploads\/2024\/09\/OJ5HM3CX6NEI3K4ZMXWVT5BSDM-66eaeaf13a3f2-768x432.jpg?width=300 300w, https:\/\/bdc2020.o0bc.com\/wp-content\/uploads\/2024\/09\/OJ5HM3CX6NEI3K4ZMXWVT5BSDM-66eaeaf13a3f2-768x432.jpg?width=400 400w, https:\/\/bdc2020.o0bc.com\/wp-content\/uploads\/2024\/09\/OJ5HM3CX6NEI3K4ZMXWVT5BSDM-66eaeaf13a3f2-768x432.jpg?width=500 500w, https:\/\/bdc2020.o0bc.com\/wp-content\/uploads\/2024\/09\/OJ5HM3CX6NEI3K4ZMXWVT5BSDM-66eaeaf13a3f2-768x432.jpg?width=600 600w, https:\/\/bdc2020.o0bc.com\/wp-content\/uploads\/2024\/09\/OJ5HM3CX6NEI3K4ZMXWVT5BSDM-66eaeaf13a3f2-768x432.jpg?width=700 700w, https:\/\/bdc2020.o0bc.com\/wp-content\/uploads\/2024\/09\/OJ5HM3CX6NEI3K4ZMXWVT5BSDM-66eaeaf13a3f2-768x432.jpg?width=800 800w, https:\/\/bdc2020.o0bc.com\/wp-content\/uploads\/2024\/09\/OJ5HM3CX6NEI3K4ZMXWVT5BSDM-66eaeaf13a3f2-768x432.jpg?width=900 900w\" sizes=\"auto, (max-width: 768px) 100vw, 768px\"\/>\t\t\t\t\t<\/p>\n<div class=\"m-article-list__content\">\n<h4 class=\"m-article-list__headline t-amp__list-headline\">\n\t\t\t\t\t\t\t<span class=\"m-article-list__link a-link a-link--inline a-link--text-link a-link--text-link-dark\"><\/p>\n<p>\t\t\t\t\t\t\tCasa da semana: Um novo condom\u00ednio com estilo europeu na movimentada Washington Street em Brookline\t\t\t\t\t\t\t<\/span><br \/>\n\t\t\t\t\t\t<\/h4>\n<\/p><\/div>\n<p>\t\t\t\t<\/a>\n\t\t\t<\/li>\n<\/ul>\n<\/div><\/div>\n<p><script async src=\"\/\/platform.twitter.com\/widgets.js\" charset=\"utf-8\"><\/script><script>\n\t\tvar consent=\"grant\";\n\t\t\/* The above code is parsing the JSON data from the local storage and storing it in a variable. *\/\n\t\t\t\t\tconst onetrustStorageConsent = JSON.parse(localStorage.getItem( 'consent_one_trust_bdc' ) );\n\t\t\tif ( ( onetrustStorageConsent !== null ) ) {\n\t\t\t\t\/* Checking to see if the user has consented to the use of cookies.\n\t\t\t\t* If they have not, it is deleting the cookie.\n\t\t\t\t* This will comment for now, until further notice.\n\t\t\t\t*\/\n\t\t\t\t\/\/if ( onetrustStorageConsent.C0002 === false ) {\n\t\t\t\t\/\/\tdocument.cookie=\"_fbp=;expires=Thu, 01 Jan 2010 00:00:00 UTC; path=\/; domain=.boston.com\";\n\t\t\t\t\/\/}\n\t\t\t\t\/* Checking if the user has given consent for the cookie C0002.\n\t\t\t\t* If the user has given consent, the variable consent will be set to 'grant'.\n\t\t\t\t* If the user has not given consent,the variable consent will be set to 'revoke'.\n\t\t\t\t* Documentation https:\/\/developers.facebook.com\/docs\/meta-pixel\/implementation\/gdpr\n\t\t\t\t*\/\n\t\t\t\tif ( onetrustStorageConsent.C0002 !== true ) {\n\t\t\t\t\tconsent=\"revoke\";\n\t\t\t\t}\n\t\t\t}\n\t\t\t\t!function(f,b,e,v,n,t,s)\n\t\t{if(f.fbq)return;n=f.fbq=function(){n.callMethod?\n\t\tn.callMethod.apply(n,arguments):n.queue.push(arguments)};\n\t\tif(!f._fbq)f._fbq=n;n.push=n;n.loaded=!0;n.version='2.0';\n\t\tn.queue=[];t=b.createElement(e);t.async=!0;\n\t\tt.src=v;s=b.getElementsByTagName(e)[0];\n\t\ts.parentNode.insertBefore(t,s)}(window, document,'script',\n\t\t'https:\/\/connect.facebook.net\/en_US\/fbevents.js');\n\t\tfbq('consent', consent);\n\t\tfbq('init', '989222871864976');\n\t\tfbq('track', 'PageView');\n\t<\/script><script type=\"module\">\n\t\tvar consent=\"grant\";\n\t\t\/* The above code is parsing the JSON data from the local storage and storing it in a variable. *\/\n\t\t\tconst onetrustStorageConsent = JSON.parse(localStorage.getItem( 'consent_one_trust_bdc' ) );\n\t\t\t\/* Checking to see if the user has consented to the use of cookies.\n\t\t\t* If they have not, it is deleting the cookie.\n\t\t\t* This will comment for now, until further notice.\n\t\t\t*\/\n\t\t\t\/\/if ( onetrustStorageConsent.C0002 === false ) {\n\t\t\t\/\/\tdocument.cookie=\"_fbp=;expires=Thu, 01 Jan 2010 00:00:00 UTC; path=\/; domain=.boston.com\";\n\t\t\t\/\/}\n\t\t\t\/* Checking if the user has given consent for the cookie C0002.\n\t\t\t* If the user has given consent, the variable consent will be set to 'grant'.\n\t\t\t* If the user has not given consent,the variable consent will be set to 'revoke'.\n\t\t\t* Documentation https:\/\/developers.facebook.com\/docs\/meta-pixel\/implementation\/gdpr\n\t\t\t*\/\n\t\t\tif ( ( onetrustStorageConsent !== null ) && (onetrustStorageConsent.C0002 !== true ) ) {\n\t\t\t\tconsent=\"revoke\";\n\t\t\t}\n\t\t\t\t!function(f,b,e,v,n,t,s){if(f.fbq)return;n=f.fbq=function()\n\t\t{n.callMethod? n.callMethod.apply(n,arguments):n.queue.push(arguments)}\n\t\t;if(!f._fbq)f._fbq=n;\n\t\tn.push=n;n.loaded=!0;n.version='2.0';n.queue=[];t=b.createElement(e);t.async=!0;\n\t\tt.src=v;s=b.getElementsByTagName(e)[0];s.parentNode.insertBefore(t,s)}(window,\n\t\tdocument,'script','https:\/\/connect.facebook.net\/en_US\/fbevents.js');\n\t\tfbq('consent', consent);\n\t\tfbq('init', '813236348753005');\n\t\tfbq('track', \"PageView\");\n\t<\/script><br \/>\n<br \/><br \/>\n<br \/><a href=\"https:\/\/www.boston.com\/real-estate\/local-news\/2024\/09\/18\/design-experts-offer-lighting-tips-upgrades-that-shine\/\">Source link <\/a><\/p>","protected":false},"excerpt":{"rendered":"<p>Not\u00edcias locais Veja por que voc\u00ea deve adotar ventiladores de teto novamente. O estilo moderno de meados do s\u00e9culo \u00e9 popular, principalmente a ilumina\u00e7\u00e3o com vidro fosco e moldura de&hellip;<\/p>","protected":false},"author":1,"featured_media":38789,"comment_status":"closed","ping_status":"open","sticky":false,"template":"","format":"standard","meta":{"content-type":"","footnotes":""},"categories":[1],"tags":[],"class_list":["post-38788","post","type-post","status-publish","format-standard","has-post-thumbnail","hentry","category-uncategorized"],"_links":{"self":[{"href":"https:\/\/tvbrazilusa.com\/pt\/wp-json\/wp\/v2\/posts\/38788","targetHints":{"allow":["GET"]}}],"collection":[{"href":"https:\/\/tvbrazilusa.com\/pt\/wp-json\/wp\/v2\/posts"}],"about":[{"href":"https:\/\/tvbrazilusa.com\/pt\/wp-json\/wp\/v2\/types\/post"}],"author":[{"embeddable":true,"href":"https:\/\/tvbrazilusa.com\/pt\/wp-json\/wp\/v2\/users\/1"}],"replies":[{"embeddable":true,"href":"https:\/\/tvbrazilusa.com\/pt\/wp-json\/wp\/v2\/comments?post=38788"}],"version-history":[{"count":1,"href":"https:\/\/tvbrazilusa.com\/pt\/wp-json\/wp\/v2\/posts\/38788\/revisions"}],"predecessor-version":[{"id":38790,"href":"https:\/\/tvbrazilusa.com\/pt\/wp-json\/wp\/v2\/posts\/38788\/revisions\/38790"}],"wp:featuredmedia":[{"embeddable":true,"href":"https:\/\/tvbrazilusa.com\/pt\/wp-json\/wp\/v2\/media\/38789"}],"wp:attachment":[{"href":"https:\/\/tvbrazilusa.com\/pt\/wp-json\/wp\/v2\/media?parent=38788"}],"wp:term":[{"taxonomy":"category","embeddable":true,"href":"https:\/\/tvbrazilusa.com\/pt\/wp-json\/wp\/v2\/categories?post=38788"},{"taxonomy":"post_tag","embeddable":true,"href":"https:\/\/tvbrazilusa.com\/pt\/wp-json\/wp\/v2\/tags?post=38788"}],"curies":[{"name":"wp","href":"https:\/\/api.w.org\/{rel}","templated":true}]}}