{"id":38797,"date":"2024-09-18T15:31:19","date_gmt":"2024-09-18T15:31:19","guid":{"rendered":"https:\/\/tvbrazilusa.com\/2024\/09\/18\/jornalista-alema-anuncia-documentario-sobre-o-brasil-de-alexandre-de-moraes\/"},"modified":"2024-09-18T15:31:20","modified_gmt":"2024-09-18T15:31:20","slug":"jornalista-alema-anuncia-documentario-sobre-o-brasil-de-alexandre-de-moraes","status":"publish","type":"post","link":"https:\/\/tvbrazilusa.com\/pt\/2024\/09\/18\/jornalista-alema-anuncia-documentario-sobre-o-brasil-de-alexandre-de-moraes\/","title":{"rendered":"Jornalista alem\u00e3 anuncia document\u00e1rio sobre o Brasil de Alexandre de Moraes"},"content":{"rendered":"<p> <script async src=\"https:\/\/pagead2.googlesyndication.com\/pagead\/js\/adsbygoogle.js?client=ca-pub-8864793242727901\"\r\n     crossorigin=\"anonymous\"><\/script><br \/>\n<\/p>\n<div id=\"taboola-read-more\" style=\"display:block; width:100%\">\n<p>A jornalista alem\u00e3 Vicky Richter anunciou, nesta ter\u00e7a-feira, 17, o lan\u00e7amento do document\u00e1rio Fora Moraes \u2013 A Luta do Brasil pela Liberdade. Na produ\u00e7\u00e3o, ela narra hist\u00f3rias de opress\u00e3o e amea\u00e7as \u00e0 liberdade de express\u00e3o.<\/p>\n<p>Previsto para dezembro deste ano, o conte\u00fado refere-se \u00e0 atua\u00e7\u00e3o do Judici\u00e1rio brasileiro e destaca, principalmente, a figura do ministro do Supremo Tribunal Federal Alexandre de Moraes.<\/p>\n<p>Vicky publicou um teaser em seu canal no Instagram. Na mensagem, a jornalista provoca o p\u00fablico com a seguinte coloca\u00e7\u00e3o: \u201cO mundo precisa ver o que est\u00e1 acontecendo. Voc\u00ea vai ouvir?\u201d<\/p>\n<p><strong>Alem\u00e3 fala em tirania e persegui\u00e7\u00f5es pol\u00edticas<\/strong><br \/>O v\u00eddeo de 21 segundos explora imagens de eleitores e pol\u00edticos brasileiros. O roteiro aborda express\u00f5es de efeito vinculadas a temas como persegui\u00e7\u00e3o pol\u00edtica, pris\u00f5es ilegais, tirania e combate \u00e0 censura.<\/p>\n<p>No espa\u00e7o reservado para descrever o conte\u00fado, a autora diz: \u201cNum pa\u00eds onde a censura reina e as vozes s\u00e3o silenciadas, desenrola-se uma batalha pela verdade e pela democracia\u201d.<\/p>\n<p>A jornalista convida o p\u00fablico a acompanhar \u201chist\u00f3rias n\u00e3o contadas daqueles que lutam contra a opress\u00e3o, arriscando tudo pela liberdade de express\u00e3o\u201d.<\/p>\n<p><strong>Influenciadora v\u00ea contraste entre S\u00e3o Paulo e Bras\u00edlia<\/strong><br \/>De acordo com a influenciadora, \u201cesta n\u00e3o \u00e9 apenas a luta do Brasil: \u00e9 uma luta pela liberdade em todos os lugares\u201d.<\/p>\n<p>Em mensagem no \u00faltimo s\u00e1bado 14, Vicky diz que esteve em S\u00e3o Paulo e deixou a cidade com um sentimento de esperan\u00e7a. \u201cO esp\u00edrito de luta do brasileiro em busca da liberdade de express\u00e3o est\u00e1 mais forte do que nunca\u201d, disse a comunicadora alem\u00e3. \u201cA cidade parece um farol de luz no fim de um t\u00fanel escuro.\u201d<br \/>Vicky acrescentou, contudo, que ao viajar para Bras\u00edlia percebeu um forte contraste. \u201cAs a\u00e7\u00f5es ilegais e inconstitucionais do ministro Alexandre de Moraes s\u00e3o profundamente preocupantes\u201d, disse. \u201cO que est\u00e1 acontecendo sob sua supervis\u00e3o \u00e9 alarmante\u201d.<\/p>\n<p>A jornalista termina sua mensagem dizendo que os brasileiros devem intensificar os seus esfor\u00e7os para \u201cevitar que esta figura, disfar\u00e7ada de juiz, desmantele os \u00faltimos resqu\u00edcios de democracia no Brasil\u201d.<\/p>\n<p>Fonte: Revista Oeste<\/p>\n<\/p><\/div>\n<p><br \/>\n<br \/><a href=\"https:\/\/diariodobrasilnoticias.com.br\/noticia\/jornalista-alema-anuncia-documentario-sobre-o-brasil-de-alexandre-de-moraes-66eac58799090\">Source link <\/a><\/p>","protected":false},"excerpt":{"rendered":"<p>A jornalista alem\u00e3 Vicky Richter anunciou, nesta ter\u00e7a-feira, 17, o lan\u00e7amento do document\u00e1rio Fora Moraes \u2013 A Luta do Brasil pela Liberdade. Na produ\u00e7\u00e3o, ela narra hist\u00f3rias de opress\u00e3o e&hellip;<\/p>","protected":false},"author":1,"featured_media":38798,"comment_status":"closed","ping_status":"open","sticky":false,"template":"","format":"standard","meta":{"content-type":"","footnotes":""},"categories":[16],"tags":[123,2448,5313,1267],"class_list":["post-38797","post","type-post","status-publish","format-standard","has-post-thumbnail","hentry","category-noticias","tag-brasil","tag-diario","tag-noticia","tag-noticias"],"_links":{"self":[{"href":"https:\/\/tvbrazilusa.com\/pt\/wp-json\/wp\/v2\/posts\/38797","targetHints":{"allow":["GET"]}}],"collection":[{"href":"https:\/\/tvbrazilusa.com\/pt\/wp-json\/wp\/v2\/posts"}],"about":[{"href":"https:\/\/tvbrazilusa.com\/pt\/wp-json\/wp\/v2\/types\/post"}],"author":[{"embeddable":true,"href":"https:\/\/tvbrazilusa.com\/pt\/wp-json\/wp\/v2\/users\/1"}],"replies":[{"embeddable":true,"href":"https:\/\/tvbrazilusa.com\/pt\/wp-json\/wp\/v2\/comments?post=38797"}],"version-history":[{"count":1,"href":"https:\/\/tvbrazilusa.com\/pt\/wp-json\/wp\/v2\/posts\/38797\/revisions"}],"predecessor-version":[{"id":38799,"href":"https:\/\/tvbrazilusa.com\/pt\/wp-json\/wp\/v2\/posts\/38797\/revisions\/38799"}],"wp:featuredmedia":[{"embeddable":true,"href":"https:\/\/tvbrazilusa.com\/pt\/wp-json\/wp\/v2\/media\/38798"}],"wp:attachment":[{"href":"https:\/\/tvbrazilusa.com\/pt\/wp-json\/wp\/v2\/media?parent=38797"}],"wp:term":[{"taxonomy":"category","embeddable":true,"href":"https:\/\/tvbrazilusa.com\/pt\/wp-json\/wp\/v2\/categories?post=38797"},{"taxonomy":"post_tag","embeddable":true,"href":"https:\/\/tvbrazilusa.com\/pt\/wp-json\/wp\/v2\/tags?post=38797"}],"curies":[{"name":"wp","href":"https:\/\/api.w.org\/{rel}","templated":true}]}}