{"id":38884,"date":"2024-09-18T16:18:45","date_gmt":"2024-09-18T16:18:45","guid":{"rendered":"https:\/\/tvbrazilusa.com\/2024\/09\/18\/libano-registra-novas-explosoes-em-dispositivos-de-comunicacao-usados-pelo-hezbollah-paulo-figueiredo\/"},"modified":"2024-09-18T18:36:20","modified_gmt":"2024-09-18T18:36:20","slug":"libano-registra-novas-explosoes-em-dispositivos-de-comunicacao-usados-pelo-hezbollah-paulo-figueiredo","status":"publish","type":"post","link":"https:\/\/tvbrazilusa.com\/pt\/2024\/09\/18\/libano-registra-novas-explosoes-em-dispositivos-de-comunicacao-usados-pelo-hezbollah-paulo-figueiredo\/","title":{"rendered":"L\u00edbano registra novas explos\u00f5es em dispositivos de comunica\u00e7\u00e3o usados pelo Hezbollah &#8211; Paulo Figueiredo"},"content":{"rendered":"<p> <script async src=\"https:\/\/pagead2.googlesyndication.com\/pagead\/js\/adsbygoogle.js?client=ca-pub-8864793242727901\"\r\n     crossorigin=\"anonymous\"><\/script><br \/>\n<\/p>\n<div id=\"wtr-content\" data-bg=\"#FFFFFF\" data-fg=\"#006d91\" data-width=\"25\" data-mute=\"1\" data-fgopacity=\"1.00\" data-mutedopacity=\"0.5\" data-placement=\"bottom\" data-placement-offset=\"0\" data-content-offset=\"262\" data-placement-touch=\"bottom\" data-placement-offset-touch=\"0\" data-transparent=\"\" data-shadow=\"0\" data-touch=\"1\" data-non-touch=\"1\" data-comments=\"0\" data-commentsbg=\"transparent\" data-location=\"page\" data-mutedfg=\"#006d91\" data-endfg=\"#006d91\" data-rtl=\"\">\n<pre class=\"wp-block-preformatted has-small-font-size\">Foto - EFE\/EPA\/WAEL HAMZEH<\/pre>\n<h3 class=\"wp-block-heading\">Ap\u00f3s explos\u00e3o de pagers, uma segunda onda afetou outro meio de comunica\u00e7\u00e3o usado pelo Hezbollah, nesta quarta-feira (18), no L\u00edbano<\/h3>\n<p>Menos de 24 horas ap\u00f3s a explos\u00e3o em s\u00e9rie de dispositivos de mensagens do tipo pager usados pelo Hezbollah, no L\u00edbano, uma segunda onda afetou outro meio de comunica\u00e7\u00e3o do grupo terrorista, nesta quarta-feira (18).<\/p>\n<p>O Minist\u00e9rio da Sa\u00fade P\u00fablica do pa\u00eds afirmou que pelo menos uma pessoa morreu e outras 100 ficaram feridas com as novas explos\u00f5es. Desta vez, diversos \u201cwalkie-talkies\u201d, equipamentos para envio e recebimento de mensagem por ondas de r\u00e1dio, explodiram na capital, Beirute, e no sul do pa\u00eds, regi\u00e3o controlada pelo grupo xiita.<\/p>\n<p>O novo epis\u00f3dio ocorre no mesmo dia em que o Hezbollah prometeu dar uma resposta \u201cespec\u00edfica\u201d ao que chamou de \u201cmassacre israelense\u201d contra o L\u00edbano. O grupo afirmou que o ataque desta ter\u00e7a-feira ter\u00e1\u00a0\u201cpuni\u00e7\u00e3o severa\u201d\u00a0e \u201cuma presta\u00e7\u00e3o de contas\u201d.<\/p>\n<p>Logo depois, a mil\u00edcia libanesa reivindicou um lan\u00e7amento de proj\u00e9teis contra o norte de Israel, em sua primeira a\u00e7\u00e3o desde a explos\u00e3o dos pagers, que matou pelo menos 12 pessoas no L\u00edbano, segundo a imprensa local, ao menos dois terroristas.<\/p>\n<p>\u201cOs combatentes da Resist\u00eancia Isl\u00e2mica bombardearam os bunkers de artilharia do inimigo israelense em Neve Ziv com uma saraivada de foguetes\u201d, anunciou em um comunicado o Hezbollah, que havia realizado sua \u00faltima a\u00e7\u00e3o contra Israel no in\u00edcio da tarde de ter\u00e7a-feira.<\/p>\n<p>Israel n\u00e3o se manifestou sobre as acusa\u00e7\u00f5es de autoria pelas explos\u00f5es, mas o Ex\u00e9rcito de Tel Aviv insistiu nesta quarta-feira que est\u00e1 preparado para \u201cqualquer miss\u00e3o\u201d na fronteira com o L\u00edbano.<\/p>\n<p>\u201cA miss\u00e3o est\u00e1 clara. Estamos determinados a mudar a situa\u00e7\u00e3o de seguran\u00e7a o mais rapidamente poss\u00edvel\u201d, disse o chefe do Comando Norte israelense, major-general Ori Gordin, depois de duas brigadas do Ex\u00e9rcito terem conclu\u00eddo uma s\u00e9rie de exerc\u00edcios para simular combates \u201cem territ\u00f3rio inimigo\u201d.<\/p>\n<p>Gordin destacou que as tropas \u201cest\u00e3o extremamente preparadas para qualquer miss\u00e3o que lhes seja atribu\u00edda\u201d.<\/p>\n<p>Israel est\u00e1 em alerta m\u00e1ximo desde a noite passada, quando milhares de pagers associados ao grupo liban\u00eas explodiram no L\u00edbano e na S\u00edria, matando 12 pessoas e ferindo cerca de 3 mil pessoas.<\/p>\n<p>Tel Aviv est\u00e1 envolvida em uma intensa troca de hostilidades com o grupo xiita liban\u00eas desde 8 de outubro, quando o Hezbollah come\u00e7ou a lan\u00e7ar ataques em solidariedade \u00e0s mil\u00edcias palestinas na Faixa de Gaza, como o Hamas e a Jihad Isl\u00e2mica.<\/p>\n<p>Na ter\u00e7a-feira passada, o ministro da Defesa israelense, Yoav Gallant, disse que, com as opera\u00e7\u00f5es em Gaza quase cumpridas, o foco de Israel est\u00e1 agora mudando para a fronteira com o L\u00edbano, onde o fogo cruzado constante com o Hezbollah for\u00e7ou cerca de 60 mil pessoas a viverem evacuadas em hot\u00e9is ou casas de familiares em todo o pa\u00eds.<\/p>\n<p><strong><a href=\"https:\/\/www.gazetadopovo.com.br\/mundo\/libano-registra-novas-explosoes-em-dispositivos-de-comunicacao-usados-pelo-hezbollah\/\">Source link<\/a><\/strong><\/p>\n<\/div>\n<p><br \/>\n<br \/><a href=\"https:\/\/paulofigueiredoshow.com\/libano-registra-novas-explosoes-em-dispositivos-de-comunicacao-usados-pelo-hezbollah\/\">Source link <\/a><\/p>","protected":false},"excerpt":{"rendered":"<p>Foto &#8211; EFE\/EPA\/WAEL HAMZEH Ap\u00f3s explos\u00e3o de pagers, uma segunda onda afetou outro meio de comunica\u00e7\u00e3o usado pelo Hezbollah, nesta quarta-feira (18), no L\u00edbano Menos de 24 horas ap\u00f3s a&hellip;<\/p>","protected":false},"author":1,"featured_media":38885,"comment_status":"closed","ping_status":"open","sticky":false,"template":"","format":"standard","meta":{"content-type":"","footnotes":""},"categories":[16],"tags":[20932,20933,7646,487],"class_list":["post-38884","post","type-post","status-publish","format-standard","has-post-thumbnail","hentry","category-noticias","tag-dispositivos","tag-hesbollah","tag-libano","tag-nova"],"_links":{"self":[{"href":"https:\/\/tvbrazilusa.com\/pt\/wp-json\/wp\/v2\/posts\/38884","targetHints":{"allow":["GET"]}}],"collection":[{"href":"https:\/\/tvbrazilusa.com\/pt\/wp-json\/wp\/v2\/posts"}],"about":[{"href":"https:\/\/tvbrazilusa.com\/pt\/wp-json\/wp\/v2\/types\/post"}],"author":[{"embeddable":true,"href":"https:\/\/tvbrazilusa.com\/pt\/wp-json\/wp\/v2\/users\/1"}],"replies":[{"embeddable":true,"href":"https:\/\/tvbrazilusa.com\/pt\/wp-json\/wp\/v2\/comments?post=38884"}],"version-history":[{"count":1,"href":"https:\/\/tvbrazilusa.com\/pt\/wp-json\/wp\/v2\/posts\/38884\/revisions"}],"predecessor-version":[{"id":38886,"href":"https:\/\/tvbrazilusa.com\/pt\/wp-json\/wp\/v2\/posts\/38884\/revisions\/38886"}],"wp:featuredmedia":[{"embeddable":true,"href":"https:\/\/tvbrazilusa.com\/pt\/wp-json\/wp\/v2\/media\/38885"}],"wp:attachment":[{"href":"https:\/\/tvbrazilusa.com\/pt\/wp-json\/wp\/v2\/media?parent=38884"}],"wp:term":[{"taxonomy":"category","embeddable":true,"href":"https:\/\/tvbrazilusa.com\/pt\/wp-json\/wp\/v2\/categories?post=38884"},{"taxonomy":"post_tag","embeddable":true,"href":"https:\/\/tvbrazilusa.com\/pt\/wp-json\/wp\/v2\/tags?post=38884"}],"curies":[{"name":"wp","href":"https:\/\/api.w.org\/{rel}","templated":true}]}}