{"id":38944,"date":"2024-09-18T20:29:53","date_gmt":"2024-09-18T20:29:53","guid":{"rendered":"https:\/\/tvbrazilusa.com\/2024\/09\/18\/governo-biden-critica-a-suspensao-do-x-no-brasil-e-defende-a-liberdade-de-expressao\/"},"modified":"2024-09-18T20:29:54","modified_gmt":"2024-09-18T20:29:54","slug":"governo-biden-critica-a-suspensao-do-x-no-brasil-e-defende-a-liberdade-de-expressao","status":"publish","type":"post","link":"https:\/\/tvbrazilusa.com\/pt\/2024\/09\/18\/governo-biden-critica-a-suspensao-do-x-no-brasil-e-defende-a-liberdade-de-expressao\/","title":{"rendered":"Governo Biden critica a suspens\u00e3o do X no Brasil e defende a liberdade de express\u00e3o"},"content":{"rendered":"<p> <script async src=\"https:\/\/pagead2.googlesyndication.com\/pagead\/js\/adsbygoogle.js?client=ca-pub-8864793242727901\"\r\n     crossorigin=\"anonymous\"><\/script><br \/>\n<\/p>\n<div id=\"taboola-read-more\" style=\"display:block; width:100%\">\n<p>Em entrevista coletiva nesta ter\u00e7a-feira (17), a Casa Branca criticou a decis\u00e3o do ministro Alexandre de Moraes, do Supremo Tribunal Federal (STF), de suspender a plataforma X em todo o Brasil. De acordo com a porta-voz do governo Joe Biden, Karine Jean-Pierre, o acesso \u00e0s redes sociais \u00e9 essencial para a liberdade de express\u00e3o.<\/p>\n<p>\u2013 Quando se trata de redes sociais, fomos muito claros que achamos que, voc\u00ea sabe, as pessoas devem ter acesso \u00e0s redes sociais. \u00c9 uma forma de liberdade \u2014 liberdade de express\u00e3o. E certamente, isso \u00e9 algo mais amplo sobre o qual sempre fomos muito claros \u2013 frisou Karine, ao ser questionada sobre o tema pela jornalista da TV Globo Raquel Krahenbuhl, em Washington.<\/p>\n<p>O X est\u00e1 suspenso h\u00e1 aproximadamente 20 dias, ap\u00f3s o propriet\u00e1rio da plataforma, Elon Musk, se recusar a cumprir ordens judiciais de bloqueio de perfis investigados, al\u00e9m de anunciar o fechamento de sua sede no Brasil depois que Moraes amea\u00e7ou de pris\u00e3o a representante da rede social no pa\u00eds. Para que a plataforma retorne, \u00e9 necess\u00e1rio que Musk indique um novo representante em solo brasileiro e cumpra todas as determina\u00e7\u00f5es judiciais.<\/p>\n<p>\u00a0<\/p>\n<p>Vale lembrar que a embaixada dos Estados Unidos no Brasil afirmou estar monitorando o caso, e dizendo que a liberdade de express\u00e3o \u00e9 um pilar para a democracia.<\/p>\n<p>Apesar da decis\u00e3o do ministro, alguns internautas relataram que conseguiram acessar a plataforma nesta quarta-feira (18). De acordo com o portal UOL, o STF disse estar checando o ocorrido.<\/p>\n<p><strong>Pleno.news\u00a0<\/strong><\/p>\n<\/p><\/div>\n<p><br \/>\n<br \/><a href=\"https:\/\/diariodobrasilnoticias.com.br\/noticia\/governo-biden-critica-a-suspensao-do-x-no-brasil-e-defende-a-liberdade-de-expressao-66eb143a79c3e\">Source link <\/a><\/p>","protected":false},"excerpt":{"rendered":"<p>Em entrevista coletiva nesta ter\u00e7a-feira (17), a Casa Branca criticou a decis\u00e3o do ministro Alexandre de Moraes, do Supremo Tribunal Federal (STF), de suspender a plataforma X em todo o&hellip;<\/p>","protected":false},"author":1,"featured_media":38945,"comment_status":"closed","ping_status":"open","sticky":false,"template":"","format":"standard","meta":{"content-type":"","footnotes":""},"categories":[16],"tags":[123,2448,5313,1267],"class_list":["post-38944","post","type-post","status-publish","format-standard","has-post-thumbnail","hentry","category-noticias","tag-brasil","tag-diario","tag-noticia","tag-noticias"],"_links":{"self":[{"href":"https:\/\/tvbrazilusa.com\/pt\/wp-json\/wp\/v2\/posts\/38944","targetHints":{"allow":["GET"]}}],"collection":[{"href":"https:\/\/tvbrazilusa.com\/pt\/wp-json\/wp\/v2\/posts"}],"about":[{"href":"https:\/\/tvbrazilusa.com\/pt\/wp-json\/wp\/v2\/types\/post"}],"author":[{"embeddable":true,"href":"https:\/\/tvbrazilusa.com\/pt\/wp-json\/wp\/v2\/users\/1"}],"replies":[{"embeddable":true,"href":"https:\/\/tvbrazilusa.com\/pt\/wp-json\/wp\/v2\/comments?post=38944"}],"version-history":[{"count":1,"href":"https:\/\/tvbrazilusa.com\/pt\/wp-json\/wp\/v2\/posts\/38944\/revisions"}],"predecessor-version":[{"id":38946,"href":"https:\/\/tvbrazilusa.com\/pt\/wp-json\/wp\/v2\/posts\/38944\/revisions\/38946"}],"wp:featuredmedia":[{"embeddable":true,"href":"https:\/\/tvbrazilusa.com\/pt\/wp-json\/wp\/v2\/media\/38945"}],"wp:attachment":[{"href":"https:\/\/tvbrazilusa.com\/pt\/wp-json\/wp\/v2\/media?parent=38944"}],"wp:term":[{"taxonomy":"category","embeddable":true,"href":"https:\/\/tvbrazilusa.com\/pt\/wp-json\/wp\/v2\/categories?post=38944"},{"taxonomy":"post_tag","embeddable":true,"href":"https:\/\/tvbrazilusa.com\/pt\/wp-json\/wp\/v2\/tags?post=38944"}],"curies":[{"name":"wp","href":"https:\/\/api.w.org\/{rel}","templated":true}]}}