{"id":38947,"date":"2024-09-18T20:27:05","date_gmt":"2024-09-18T20:27:05","guid":{"rendered":"https:\/\/tvbrazilusa.com\/2024\/09\/18\/o-federal-reserve-corta-a-taxa-basica-em-meio-ponto-consideravel-sinalizando-o-fim-de-sua-luta-contra-a-inflacao\/"},"modified":"2024-09-18T20:35:17","modified_gmt":"2024-09-18T20:35:17","slug":"o-federal-reserve-corta-a-taxa-basica-em-meio-ponto-consideravel-sinalizando-o-fim-de-sua-luta-contra-a-inflacao","status":"publish","type":"post","link":"https:\/\/tvbrazilusa.com\/pt\/2024\/09\/18\/o-federal-reserve-corta-a-taxa-basica-em-meio-ponto-consideravel-sinalizando-o-fim-de-sua-luta-contra-a-inflacao\/","title":{"rendered":"O Federal Reserve corta a taxa b\u00e1sica em meio ponto consider\u00e1vel, sinalizando o fim de sua luta contra a infla\u00e7\u00e3o"},"content":{"rendered":"<p> <script async src=\"https:\/\/pagead2.googlesyndication.com\/pagead\/js\/adsbygoogle.js?client=ca-pub-8864793242727901\"\r\n     crossorigin=\"anonymous\"><\/script><br \/>\n<\/p>\n<div id=\"\">\n<header class=\"m-article-header m-article-header--standard\">\n\t\t\t\t\t\t\t\t\t\t\t\t<span id=\"article-header-primary-term\"><br \/>\n\t\t\t\t\t\t\t\t<a class=\"a-term a-term--primary\" href=\"https:\/\/www.boston.com\/tag\/business\/\"><\/p>\n<p>\t\t\t\t\t\t\t\tNeg\u00f3cios\t\t\t\t\t\t\t\t<\/a><br \/>\n\t\t\t\t\t\t\t<\/span><\/p>\n<h2 class=\"m-article-header__sub-headline\">O corte de juros, o primeiro do Fed em mais de quatro anos, reflete seu novo foco em fortalecer o mercado de trabalho, que tem mostrado sinais claros de desacelera\u00e7\u00e3o.<\/h2>\n<figure class=\"a-photo m-article-header__photo\"><figcaption class=\"a-photo__caption\">\n<p>\tO presidente do Conselho do Federal Reserve, Jerome Powell, discursa durante uma entrevista coletiva no Federal Reserve, em Washington, quarta-feira, 18 de setembro de 2024.<em> AP Photo\/Ben Curtis<\/em>\t<\/figcaption><\/figure>\n<div class=\"m-article-header__meta\">\n<div class=\"m-article-header__byline\">\n<p class=\"m-article-header__author\">\n<p>\t\t\t\t\t\t\t\tPor CHRISTOPHER RUGABER, Associated Press\t\t\t\t\t\t\t<\/p>\n<p>\t\t\t\t\t\t    \t\t\t\t\t\t\t<time class=\"m-article-header__date\"><\/p>\n<p>        \t\t\t\t\t\t\t18 de setembro de 2024 | 16h27    \t\t\t\t\t\t\t<\/time><\/p><\/div>\n<\/p><\/div>\n<\/header>\n<p>WASHINGTON (AP) \u2014 O Federal Reserve cortou na quarta-feira sua taxa b\u00e1sica de juros em meio ponto percentual anormalmente alto, uma mudan\u00e7a dr\u00e1stica ap\u00f3s mais de dois anos de taxas altas que ajudaram a controlar a infla\u00e7\u00e3o, mas tamb\u00e9m tornaram os empr\u00e9stimos dolorosamente caros para os consumidores americanos.<\/p>\n<p>O corte de taxa, o primeiro do Fed em mais de quatro anos, reflete seu novo foco em refor\u00e7ar o mercado de trabalho, que tem mostrado sinais claros de desacelera\u00e7\u00e3o. Vindo apenas algumas semanas antes da elei\u00e7\u00e3o presidencial, a a\u00e7\u00e3o do Fed tamb\u00e9m tem o potencial de embaralhar o cen\u00e1rio econ\u00f4mico no momento em que os americanos se preparam para votar.<\/p>\n<p>A a\u00e7\u00e3o do banco central reduziu sua taxa b\u00e1sica para aproximadamente 4,8%, abaixo de uma alta de duas d\u00e9cadas de 5,3%, onde permaneceu por 14 meses enquanto lutava para conter a pior sequ\u00eancia de infla\u00e7\u00e3o em quatro d\u00e9cadas. A infla\u00e7\u00e3o caiu de um pico de 9,1% em meados de 2022 para uma baixa de tr\u00eas anos de 2,5% em agosto, n\u00e3o muito acima da meta de 2% do Fed.<\/p>\n<p>Os formuladores de pol\u00edticas do Fed tamb\u00e9m sinalizaram que esperam cortar sua taxa-chave em meio ponto adicional em suas duas \u00faltimas reuni\u00f5es deste ano, em novembro e dezembro. E eles preveem mais quatro cortes de taxas em 2025 e dois em 2026.<\/p>\n<p>Em uma declara\u00e7\u00e3o e em uma entrevista coletiva com o presidente Jerome Powell, o Fed chegou mais perto do que nunca de declarar vit\u00f3ria sobre a infla\u00e7\u00e3o.<\/p>\n<p>\u201cSabemos que \u00e9 hora de recalibrar nossa pol\u00edtica (de taxa de juros) para algo mais apropriado, dado o progresso na infla\u00e7\u00e3o\u201d, disse Powell. \u201cN\u00e3o estamos dizendo &#8216;miss\u00e3o cumprida&#8217;\u2026 mas devo dizer, no entanto, que estamos encorajados pelo progresso que fizemos.\u201d<\/p>\n<p>\u201cA economia dos EUA est\u00e1 em um bom lugar\u201d, ele acrescentou, \u201ce nossa decis\u00e3o de hoje foi projetada para mant\u00ea-la l\u00e1\u201d.<\/p>\n<p>Embora o banco central agora acredite que a infla\u00e7\u00e3o foi amplamente derrotada, muitos americanos continuam chateados com os pre\u00e7os ainda altos de mantimentos, gasolina, aluguel e outras necessidades. O ex-presidente Donald Trump culpa o governo Biden-Harris por desencadear um surto inflacion\u00e1rio. A vice-presidente Kamala Harris, por sua vez, acusou que a promessa de Trump de aplicar tarifas sobre todas as importa\u00e7\u00f5es aumentaria ainda mais os pre\u00e7os para os consumidores.<\/p>\n<p>Os cortes de taxas pelo Fed devem, ao longo do tempo, levar a menores custos de empr\u00e9stimos para hipotecas, empr\u00e9stimos para autom\u00f3veis e cart\u00f5es de cr\u00e9dito, impulsionando as finan\u00e7as dos americanos e apoiando mais gastos e crescimento. Os propriet\u00e1rios de im\u00f3veis poder\u00e3o refinanciar hipotecas a taxas mais baixas, economizando em pagamentos mensais e at\u00e9 mesmo transferir d\u00edvidas de cart\u00e3o de cr\u00e9dito para empr\u00e9stimos pessoais de menor custo ou linhas de cr\u00e9dito imobili\u00e1rio. As empresas tamb\u00e9m podem tomar empr\u00e9stimos e investir mais. As taxas m\u00e9dias de hipotecas j\u00e1 ca\u00edram para uma baixa de 18 meses de 6,2%, de acordo com a Freddie Mac, estimulando um salto na demanda por refinanciamentos.<\/p>\n<p>\u201c\u00c9 um passo na dire\u00e7\u00e3o certa\u201d, disse Laura Rosner-Warburton, economista s\u00eanior da MarcoPolicy Perspectives, sobre a decis\u00e3o do Fed na quarta-feira.<\/p>\n<p>Os cortes adicionais de taxas que indicou que far\u00e1, ela disse, \u201cimpedir\u00e3o que os riscos se acumulem e que a taxa de desemprego aumente. Eles est\u00e3o tentando manter a economia em boa forma.\u201d<\/p>\n<p>Em um conjunto atualizado de proje\u00e7\u00f5es, os formuladores de pol\u00edticas coletivamente preveem uma queda mais r\u00e1pida na infla\u00e7\u00e3o do que h\u00e1 tr\u00eas meses, mas tamb\u00e9m um desemprego maior. Eles preveem que seu indicador de infla\u00e7\u00e3o preferido cair\u00e1 para 2,3% at\u00e9 o final do ano, de seus atuais 2,5%, e para 2,1% at\u00e9 o final de 2025. E agora esperam que a taxa de desemprego suba ainda mais este ano, para 4,4%, de 4,2% agora, e permane\u00e7a l\u00e1 at\u00e9 o final de 2025. Isso est\u00e1 acima de suas previs\u00f5es anteriores de 4% para o final deste ano e 4,2% para 2025.<\/p>\n<p>Powell foi pressionado em sua entrevista coletiva sobre se a decis\u00e3o do Fed de cortar sua taxa b\u00e1sica em meio ponto percentual anormalmente grande \u00e9 um reconhecimento de que o banco central esperou muito tempo para come\u00e7ar a reduzir as taxas de empr\u00e9stimo.<\/p>\n<p>\u201cN\u00e3o achamos que estamos atrasados\u201d, ele respondeu. \u201cAchamos que isso \u00e9 oportuno. Mas acho que voc\u00ea pode considerar isso como um sinal do nosso comprometimento em n\u00e3o ficar para tr\u00e1s. N\u00e3o estamos vendo pedidos crescentes (de desemprego), n\u00e3o estamos vendo demiss\u00f5es crescentes, n\u00e3o estamos ouvindo das empresas que isso \u00e9 algo que vai acontecer.\u201d<\/p>\n<p>Ele acrescentou: \u201cH\u00e1 um pensamento de que o momento de apoiar o mercado de trabalho \u00e9 quando ele est\u00e1 forte e n\u00e3o quando voc\u00ea come\u00e7a a ver as demiss\u00f5es. N\u00e3o achamos que precisamos ver mais afrouxamento nas condi\u00e7\u00f5es do mercado de trabalho para reduzir a infla\u00e7\u00e3o para 2%.\u201d<\/p>\n<p>A pr\u00f3xima reuni\u00e3o de pol\u00edtica do Fed ser\u00e1 em 6 e 7 de novembro \u2014 imediatamente ap\u00f3s a elei\u00e7\u00e3o presidencial. Ao cortar as taxas esta semana, logo antes da elei\u00e7\u00e3o, o Fed est\u00e1 arriscando ataques de Trump, que argumentou que reduzir as taxas agora equivale a interfer\u00eancia pol\u00edtica. No entanto, o Politico relatou que at\u00e9 mesmo alguns republicanos importantes do Senado que foram entrevistados expressaram apoio a um corte nas taxas do Fed esta semana.<\/p>\n<p>Powell rejeitou qualquer sugest\u00e3o de que o Fed n\u00e3o deveria cortar as taxas t\u00e3o perto de uma elei\u00e7\u00e3o.<\/p>\n<p>\u201cN\u00e3o estamos servindo a nenhum pol\u00edtico, nenhuma figura pol\u00edtica, nenhuma causa, nenhuma quest\u00e3o\u201d, ele disse. \u201c\u00c9 apenas emprego m\u00e1ximo e estabilidade de pre\u00e7os em nome de todos os americanos. E \u00e9 assim que os outros bancos centrais tamb\u00e9m s\u00e3o criados. \u00c9 um bom arranjo institucional, que tem sido bom para o p\u00fablico, e espero e acredito fortemente que continuar\u00e1.\u201d<\/p>\n<p>A a\u00e7\u00e3o do Fed na quarta-feira reverte o esfor\u00e7o de combate \u00e0 infla\u00e7\u00e3o que ele projetou ao aumentar sua taxa b\u00e1sica 11 vezes em 2022 e 2023. O crescimento salarial desacelerou desde ent\u00e3o, removendo uma fonte potencial de press\u00e3o inflacion\u00e1ria. E os pre\u00e7os do petr\u00f3leo e do g\u00e1s est\u00e3o caindo, um sinal de que a infla\u00e7\u00e3o deve continuar a esfriar nos pr\u00f3ximos meses. Os consumidores tamb\u00e9m est\u00e3o resistindo aos altos pre\u00e7os, for\u00e7ando empresas como Target e McDonald&#8217;s a oferecerem promo\u00e7\u00f5es e descontos.<\/p>\n<p>A decis\u00e3o do Fed atraiu a primeira diverg\u00eancia de um membro do seu conselho de administra\u00e7\u00e3o desde 2005. Michelle Bowman, membro do conselho que expressou preocupa\u00e7\u00e3o no passado de que a infla\u00e7\u00e3o n\u00e3o havia sido totalmente derrotada, disse que teria preferido um corte de um quarto de ponto percentual na taxa.<\/p>\n<p>Mas os formuladores de pol\u00edticas do Fed como um todo parecem reconhecer que, ap\u00f3s anos de forte crescimento de empregos, os empregadores desaceleraram as contrata\u00e7\u00f5es, e a taxa de desemprego aumentou quase um ponto percentual completo de sua baixa de meio s\u00e9culo em abril de 2023 para ainda baixos 4,2%. Uma vez que o desemprego aumenta tanto, ele tende a continuar subindo.<\/p>\n<p>Ao mesmo tempo, autoridades e muitos economistas notaram que o aumento do desemprego desta vez reflete em grande parte um fluxo de pessoas em busca de emprego \u2014 principalmente novos imigrantes e rec\u00e9m-formados \u2014 e n\u00e3o demiss\u00f5es.<\/p>\n<p>A aten\u00e7\u00e3o do Fed agora \u00e9 &#8220;preservar a sa\u00fade do mercado de trabalho e evitar danos desnecess\u00e1rios \u00e0 economia devido a uma postura (de taxa de juros) bastante restritiva&#8221;, disse Rubeela Farooqi, economista-chefe dos EUA na High Frequency Economics.<\/p>\n<p><em>Os redatores de neg\u00f3cios da AP Alex Veiga em Los Angeles, Paul Wiseman em Washington e Stan Choe em Nova York contribu\u00edram para esta reportagem.<\/em><\/p>\n<\/p><\/div>\n<p><script>\n\t\tvar consent=\"grant\";\n\t\t\/* The above code is parsing the JSON data from the local storage and storing it in a variable. *\/\n\t\t\t\t\tconst onetrustStorageConsent = JSON.parse(localStorage.getItem( 'consent_one_trust_bdc' ) );\n\t\t\tif ( ( onetrustStorageConsent !== null ) ) {\n\t\t\t\t\/* Checking to see if the user has consented to the use of cookies.\n\t\t\t\t* If they have not, it is deleting the cookie.\n\t\t\t\t* This will comment for now, until further notice.\n\t\t\t\t*\/\n\t\t\t\t\/\/if ( onetrustStorageConsent.C0002 === false ) {\n\t\t\t\t\/\/\tdocument.cookie=\"_fbp=;expires=Thu, 01 Jan 2010 00:00:00 UTC; path=\/; domain=.boston.com\";\n\t\t\t\t\/\/}\n\t\t\t\t\/* Checking if the user has given consent for the cookie C0002.\n\t\t\t\t* If the user has given consent, the variable consent will be set to 'grant'.\n\t\t\t\t* If the user has not given consent,the variable consent will be set to 'revoke'.\n\t\t\t\t* Documentation https:\/\/developers.facebook.com\/docs\/meta-pixel\/implementation\/gdpr\n\t\t\t\t*\/\n\t\t\t\tif ( onetrustStorageConsent.C0002 !== true ) {\n\t\t\t\t\tconsent=\"revoke\";\n\t\t\t\t}\n\t\t\t}\n\t\t\t\t!function(f,b,e,v,n,t,s)\n\t\t{if(f.fbq)return;n=f.fbq=function(){n.callMethod?\n\t\tn.callMethod.apply(n,arguments):n.queue.push(arguments)};\n\t\tif(!f._fbq)f._fbq=n;n.push=n;n.loaded=!0;n.version='2.0';\n\t\tn.queue=[];t=b.createElement(e);t.async=!0;\n\t\tt.src=v;s=b.getElementsByTagName(e)[0];\n\t\ts.parentNode.insertBefore(t,s)}(window, document,'script',\n\t\t'https:\/\/connect.facebook.net\/en_US\/fbevents.js');\n\t\tfbq('consent', consent);\n\t\tfbq('init', '989222871864976');\n\t\tfbq('track', 'PageView');\n\t<\/script><script type=\"module\">\n\t\tvar consent=\"grant\";\n\t\t\/* The above code is parsing the JSON data from the local storage and storing it in a variable. *\/\n\t\t\tconst onetrustStorageConsent = JSON.parse(localStorage.getItem( 'consent_one_trust_bdc' ) );\n\t\t\t\/* Checking to see if the user has consented to the use of cookies.\n\t\t\t* If they have not, it is deleting the cookie.\n\t\t\t* This will comment for now, until further notice.\n\t\t\t*\/\n\t\t\t\/\/if ( onetrustStorageConsent.C0002 === false ) {\n\t\t\t\/\/\tdocument.cookie=\"_fbp=;expires=Thu, 01 Jan 2010 00:00:00 UTC; path=\/; domain=.boston.com\";\n\t\t\t\/\/}\n\t\t\t\/* Checking if the user has given consent for the cookie C0002.\n\t\t\t* If the user has given consent, the variable consent will be set to 'grant'.\n\t\t\t* If the user has not given consent,the variable consent will be set to 'revoke'.\n\t\t\t* Documentation https:\/\/developers.facebook.com\/docs\/meta-pixel\/implementation\/gdpr\n\t\t\t*\/\n\t\t\tif ( ( onetrustStorageConsent !== null ) && (onetrustStorageConsent.C0002 !== true ) ) {\n\t\t\t\tconsent=\"revoke\";\n\t\t\t}\n\t\t\t\t!function(f,b,e,v,n,t,s){if(f.fbq)return;n=f.fbq=function()\n\t\t{n.callMethod? n.callMethod.apply(n,arguments):n.queue.push(arguments)}\n\t\t;if(!f._fbq)f._fbq=n;\n\t\tn.push=n;n.loaded=!0;n.version='2.0';n.queue=[];t=b.createElement(e);t.async=!0;\n\t\tt.src=v;s=b.getElementsByTagName(e)[0];s.parentNode.insertBefore(t,s)}(window,\n\t\tdocument,'script','https:\/\/connect.facebook.net\/en_US\/fbevents.js');\n\t\tfbq('consent', consent);\n\t\tfbq('init', '813236348753005');\n\t\tfbq('track', \"PageView\");\n\t<\/script><br \/>\n<br \/><br \/>\n<br \/><a href=\"https:\/\/www.boston.com\/news\/business\/2024\/09\/18\/federal-reserve-cuts-key-rate-by-sizable-half-point-signaling-end-to-its-inflation-fight\/\">Source link <\/a><\/p>","protected":false},"excerpt":{"rendered":"<p>Neg\u00f3cios O corte de juros, o primeiro do Fed em mais de quatro anos, reflete seu novo foco em fortalecer o mercado de trabalho, que tem mostrado sinais claros de&hellip;<\/p>","protected":false},"author":1,"featured_media":38948,"comment_status":"closed","ping_status":"open","sticky":false,"template":"","format":"standard","meta":{"content-type":"","footnotes":""},"categories":[1],"tags":[],"class_list":["post-38947","post","type-post","status-publish","format-standard","has-post-thumbnail","hentry","category-uncategorized"],"_links":{"self":[{"href":"https:\/\/tvbrazilusa.com\/pt\/wp-json\/wp\/v2\/posts\/38947","targetHints":{"allow":["GET"]}}],"collection":[{"href":"https:\/\/tvbrazilusa.com\/pt\/wp-json\/wp\/v2\/posts"}],"about":[{"href":"https:\/\/tvbrazilusa.com\/pt\/wp-json\/wp\/v2\/types\/post"}],"author":[{"embeddable":true,"href":"https:\/\/tvbrazilusa.com\/pt\/wp-json\/wp\/v2\/users\/1"}],"replies":[{"embeddable":true,"href":"https:\/\/tvbrazilusa.com\/pt\/wp-json\/wp\/v2\/comments?post=38947"}],"version-history":[{"count":1,"href":"https:\/\/tvbrazilusa.com\/pt\/wp-json\/wp\/v2\/posts\/38947\/revisions"}],"predecessor-version":[{"id":38949,"href":"https:\/\/tvbrazilusa.com\/pt\/wp-json\/wp\/v2\/posts\/38947\/revisions\/38949"}],"wp:featuredmedia":[{"embeddable":true,"href":"https:\/\/tvbrazilusa.com\/pt\/wp-json\/wp\/v2\/media\/38948"}],"wp:attachment":[{"href":"https:\/\/tvbrazilusa.com\/pt\/wp-json\/wp\/v2\/media?parent=38947"}],"wp:term":[{"taxonomy":"category","embeddable":true,"href":"https:\/\/tvbrazilusa.com\/pt\/wp-json\/wp\/v2\/categories?post=38947"},{"taxonomy":"post_tag","embeddable":true,"href":"https:\/\/tvbrazilusa.com\/pt\/wp-json\/wp\/v2\/tags?post=38947"}],"curies":[{"name":"wp","href":"https:\/\/api.w.org\/{rel}","templated":true}]}}