{"id":38955,"date":"2024-09-18T20:21:54","date_gmt":"2024-09-18T20:21:54","guid":{"rendered":"https:\/\/tvbrazilusa.com\/2024\/09\/18\/gabinete-do-promotor-publico-escolhe-ex-advogado-de-whitey-bulger-para-processar-karen-read-pela-segunda-vez\/"},"modified":"2024-09-18T20:48:35","modified_gmt":"2024-09-18T20:48:35","slug":"gabinete-do-promotor-publico-escolhe-ex-advogado-de-whitey-bulger-para-processar-karen-read-pela-segunda-vez","status":"publish","type":"post","link":"https:\/\/tvbrazilusa.com\/pt\/2024\/09\/18\/gabinete-do-promotor-publico-escolhe-ex-advogado-de-whitey-bulger-para-processar-karen-read-pela-segunda-vez\/","title":{"rendered":"Gabinete do promotor p\u00fablico escolhe ex-advogado de Whitey Bulger para processar Karen Read pela segunda vez"},"content":{"rendered":"<p> <script async src=\"https:\/\/pagead2.googlesyndication.com\/pagead\/js\/adsbygoogle.js?client=ca-pub-8864793242727901\"\r\n     crossorigin=\"anonymous\"><\/script><br \/>\n<\/p>\n<div id=\"\">\n<header class=\"m-article-header m-article-header--standard\">\n\t\t\t\t\t\t\t\t\t\t\t\t<span id=\"article-header-primary-term\"><br \/>\n\t\t\t\t\t\t\t\t<a class=\"a-term a-term--primary\" href=\"https:\/\/www.boston.com\/tag\/crime\/\"><\/p>\n<p>\t\t\t\t\t\t\t\tCrime\t\t\t\t\t\t\t\t<\/a><br \/>\n\t\t\t\t\t\t\t<\/span><\/p>\n<h2 class=\"m-article-header__sub-headline\">\u201cA Sra. Read receber\u00e1 a dignidade e a justi\u00e7a que todo r\u00e9u merece em nosso sistema de justi\u00e7a criminal\u201d, disse Hank Brennan na quarta-feira.<\/h2>\n<figure class=\"a-photo m-article-header__photo\"><figcaption class=\"a-photo__caption\">\n<p>\tKaren Read ouve seu advogado, Martin Weinberg, que estava fazendo mo\u00e7\u00f5es para rejeitar duas acusa\u00e7\u00f5es contra ela.<em> Greg Derr\/Pool, Arquivo<\/em>\t<\/figcaption><\/figure>\n<\/header>\n<p>O Gabinete do Procurador Distrital do Condado de Norfolk escolheu um advogado de defesa criminal veterano para liderar o novo julgamento dos promotores <a href=\"https:\/\/www.boston.com\/tag\/karen-read\/\" target=\"_blank\" rel=\"noreferrer noopener\">Karen Leu<\/a>anunciou o promotor Michael Morrissey na quarta-feira.<\/p>\n<p>Hank Brennan atuar\u00e1 como promotor p\u00fablico assistente especial no aguardado novo julgamento, que est\u00e1 programado para come\u00e7ar em 27 de janeiro. <\/p>\n<p>\u201cA advogada Brennan \u00e9 uma ex-promotora altamente respeitada e qualificada e uma advogada de defesa de longa data com mais de 25 anos de experi\u00eancia em tribunais estaduais e federais e tem experi\u00eancia em lidar com quest\u00f5es complexas de aplica\u00e7\u00e3o da lei\u201d, disse Morrissey em uma declara\u00e7\u00e3o. \u201cEstou ansioso para que a advogada Brennan trabalhe em conjunto com a equipe de julgamento dos promotores distritais assistentes Adam Lally, Laura McLaughlin e Caleb Schillinger.\u201d<\/p>\n<p>Lally e McLaughlin lideraram a acusa\u00e7\u00e3o durante o primeiro julgamento de Read, que terminou em anula\u00e7\u00e3o do julgamento em 1\u00ba de julho, ap\u00f3s o j\u00fari retornar em impasse. Read, 44, \u00e9 acusada de intencionalmente bater seu SUV em seu namorado, o policial de Boston John O&#8217;Keefe, ap\u00f3s uma noite de idas e vindas de bares em Canton em janeiro de 2022. <\/p>\n<p>Os advogados dela dizem que ela foi enquadrada em um encobrimento generalizado, alegando que O&#8217;Keefe foi severamente espancado ap\u00f3s entrar em uma festa em Fairview Road. Ele foi encontrado inconsciente na neve na manh\u00e3 seguinte. <\/p>\n<p>O caso sensacional atraiu aten\u00e7\u00e3o nacional e aumentou o escrut\u00ednio tanto da Pol\u00edcia Estadual de Massachusetts, que liderou a investiga\u00e7\u00e3o sobre a morte de O&#8217;Keefe, quanto do gabinete do promotor p\u00fablico de Norfolk, que processou Read sob acusa\u00e7\u00f5es de homic\u00eddio de segundo grau, homic\u00eddio culposo ao dirigir um ve\u00edculo motorizado sob influ\u00eancia de \u00e1lcool e fuga da cena de um acidente fatal.<\/p>\n<p>Ler \u00e9 agora <a href=\"https:\/\/www.boston.com\/news\/crime\/2024\/09\/12\/karen-reads-lawyers-appeal-to-the-sjc-in-bid-to-dismiss-two-charges\/\" target=\"_blank\" rel=\"noreferrer noopener\">buscando demitir<\/a> duas dessas acusa\u00e7\u00f5es, alegando que o j\u00fari supostamente em impasse concordou internamente em absolv\u00ea-la de assassinato e fuga da cena de um acidente fatal antes do julgamento nulo.<\/p>\n<figure class=\"wp-block-image size-full\"><img loading=\"lazy\" decoding=\"async\" width=\"2560\" height=\"1921\" src=\"https:\/\/bdc2020.o0bc.com\/wp-content\/uploads\/2024\/09\/https___arcmigration-prdweb.bostonglobe.com_r_Boston_2011-2020_2018_11_08_BostonGlobe.com_ReceivedContent_Images_tlumackiwhitey052copy-66eb35dbb515d-scaled.jpg\" alt=\"\" class=\"wp-image-31760255\" srcset=\"https:\/\/bdc2020.o0bc.com\/wp-content\/uploads\/2024\/09\/https___arcmigration-prdweb.bostonglobe.com_r_Boston_2011-2020_2018_11_08_BostonGlobe.com_ReceivedContent_Images_tlumackiwhitey052copy-66eb35dbb515d-scaled.jpg?width=200 200w, https:\/\/bdc2020.o0bc.com\/wp-content\/uploads\/2024\/09\/https___arcmigration-prdweb.bostonglobe.com_r_Boston_2011-2020_2018_11_08_BostonGlobe.com_ReceivedContent_Images_tlumackiwhitey052copy-66eb35dbb515d-scaled.jpg?width=300 300w, https:\/\/bdc2020.o0bc.com\/wp-content\/uploads\/2024\/09\/https___arcmigration-prdweb.bostonglobe.com_r_Boston_2011-2020_2018_11_08_BostonGlobe.com_ReceivedContent_Images_tlumackiwhitey052copy-66eb35dbb515d-scaled.jpg?width=400 400w, https:\/\/bdc2020.o0bc.com\/wp-content\/uploads\/2024\/09\/https___arcmigration-prdweb.bostonglobe.com_r_Boston_2011-2020_2018_11_08_BostonGlobe.com_ReceivedContent_Images_tlumackiwhitey052copy-66eb35dbb515d-scaled.jpg?width=500 500w, https:\/\/bdc2020.o0bc.com\/wp-content\/uploads\/2024\/09\/https___arcmigration-prdweb.bostonglobe.com_r_Boston_2011-2020_2018_11_08_BostonGlobe.com_ReceivedContent_Images_tlumackiwhitey052copy-66eb35dbb515d-scaled.jpg?width=600 600w, https:\/\/bdc2020.o0bc.com\/wp-content\/uploads\/2024\/09\/https___arcmigration-prdweb.bostonglobe.com_r_Boston_2011-2020_2018_11_08_BostonGlobe.com_ReceivedContent_Images_tlumackiwhitey052copy-66eb35dbb515d-scaled.jpg?width=700 700w, https:\/\/bdc2020.o0bc.com\/wp-content\/uploads\/2024\/09\/https___arcmigration-prdweb.bostonglobe.com_r_Boston_2011-2020_2018_11_08_BostonGlobe.com_ReceivedContent_Images_tlumackiwhitey052copy-66eb35dbb515d-scaled.jpg?width=800 800w, https:\/\/bdc2020.o0bc.com\/wp-content\/uploads\/2024\/09\/https___arcmigration-prdweb.bostonglobe.com_r_Boston_2011-2020_2018_11_08_BostonGlobe.com_ReceivedContent_Images_tlumackiwhitey052copy-66eb35dbb515d-scaled.jpg?width=900 900w\" sizes=\"auto, (max-width: 2560px) 100vw, 2560px\"\/><figcaption class=\"wp-element-caption\">Hank Brennan, \u00e0 esquerda, chega ao funeral de James \u201cWhitey\u201d Bulger na Igreja de Santa M\u00f4nica, em South Boston, em 8 de novembro de 2018. <em>John Tlumacki \/ The Boston Globe<\/em><\/figcaption><\/figure>\n<p>Advogado de defesa experiente, Brennan j\u00e1 foi promotor nos condados de Essex e Suffolk, de acordo com <a href=\"https:\/\/www.suffolk.edu\/law\/academics-clinics\/student-life\/competition-teams\/national-trial-team\" target=\"_blank\" rel=\"noreferrer noopener\">Faculdade de Direito da Universidade de Suffolk<\/a>onde agora atua como professor adjunto. Brennan tamb\u00e9m ganhou destaque nacional como <a href=\"https:\/\/www.bostonglobe.com\/metro\/2013\/06\/01\/lawyers-for-james-whitey-bulger-take-case-with-zeal-few-others-would-have-had\/0uii4zSpvX55NhR7PGZo6I\/story.html\" target=\"_blank\" rel=\"noreferrer noopener\">um dos advogados de defesa de James \u201cWhitey\u201d Bulger<\/a> em seu julgamento em South Boston. <\/p>\n<p>Mais recentemente, Brennan representou um cirurgi\u00e3o aposentado que foi preso ap\u00f3s a pol\u00edcia em Nantucket <a href=\"https:\/\/www.boston.com\/news\/crime\/2023\/09\/06\/nantucket-police-arrest-yacht-owner-drugs-guns\/\" target=\"_blank\" rel=\"noreferrer noopener\">supostamente encontraram drogas e armas<\/a> a bordo de seu iate no ano passado. O cliente de Brennan finalmente <a href=\"https:\/\/www.boston.com\/news\/local-news\/2024\/06\/14\/yacht-owner-facing-cocaine-and-gun-charges-after-nantucket-arrest-pleads-guilty\/\" target=\"_blank\" rel=\"noreferrer noopener\">entrou em um acordo judicial<\/a> com os promotores antes do caso ir a julgamento.<\/p>\n<p>\u201cAssumo total responsabilidade e todas as obriga\u00e7\u00f5es de processar este caso e o farei meticulosamente, eticamente e zelosamente, sem concess\u00f5es\u201d, disse Brennan sobre sua nomea\u00e7\u00e3o no caso Read. <\/p>\n<p>Ele disse que tem duas \u201cobriga\u00e7\u00f5es principais\u201d para o novo julgamento.<\/p>\n<p>\u201cO primeiro \u00e9 garantir que Karen Read receba um julgamento justo. A Sra. Read receber\u00e1 a dignidade e a justi\u00e7a que todo r\u00e9u merece em nosso sistema de justi\u00e7a criminal\u201d, disse Brennan. \u201cO segundo \u00e9 garantir que os fatos em torno da morte de John O&#8217;Keefe sejam total e justamente divulgados no tribunal, sem influ\u00eancia externa. Garanto que trabalharei incansavelmente com a equipe de julgamento para preparar este caso para julgamento em janeiro de 2025.\u201d<\/p>\n<div class=\"m-block m-generic-cta\t m-generic-cta--post-content\t m-generic-cta--dark\t m-generic-cta--homepage\t m-generic-cta--email-signup\t\t m-generic-cta-block-style--default \tt-amp__generic-cta\"><\/p>\n<div class=\"m-generic-cta__wrap\">\n<div class=\"m-generic-cta__content\">\n<h3 class=\"m-generic-cta__title\">Boston.com Hoje<\/h3>\n<p class=\"m-generic-cta__subtitle\">Inscreva-se para receber as \u00faltimas manchetes na sua caixa de entrada todas as manh\u00e3s.<\/p>\n<\/p><\/div>\n<\/p><\/div>\n<\/div><\/div>\n<p><script>\n\t\tvar consent=\"grant\";\n\t\t\/* The above code is parsing the JSON data from the local storage and storing it in a variable. *\/\n\t\t\t\t\tconst onetrustStorageConsent = JSON.parse(localStorage.getItem( 'consent_one_trust_bdc' ) );\n\t\t\tif ( ( onetrustStorageConsent !== null ) ) {\n\t\t\t\t\/* Checking to see if the user has consented to the use of cookies.\n\t\t\t\t* If they have not, it is deleting the cookie.\n\t\t\t\t* This will comment for now, until further notice.\n\t\t\t\t*\/\n\t\t\t\t\/\/if ( onetrustStorageConsent.C0002 === false ) {\n\t\t\t\t\/\/\tdocument.cookie=\"_fbp=;expires=Thu, 01 Jan 2010 00:00:00 UTC; path=\/; domain=.boston.com\";\n\t\t\t\t\/\/}\n\t\t\t\t\/* Checking if the user has given consent for the cookie C0002.\n\t\t\t\t* If the user has given consent, the variable consent will be set to 'grant'.\n\t\t\t\t* If the user has not given consent,the variable consent will be set to 'revoke'.\n\t\t\t\t* Documentation https:\/\/developers.facebook.com\/docs\/meta-pixel\/implementation\/gdpr\n\t\t\t\t*\/\n\t\t\t\tif ( onetrustStorageConsent.C0002 !== true ) {\n\t\t\t\t\tconsent=\"revoke\";\n\t\t\t\t}\n\t\t\t}\n\t\t\t\t!function(f,b,e,v,n,t,s)\n\t\t{if(f.fbq)return;n=f.fbq=function(){n.callMethod?\n\t\tn.callMethod.apply(n,arguments):n.queue.push(arguments)};\n\t\tif(!f._fbq)f._fbq=n;n.push=n;n.loaded=!0;n.version='2.0';\n\t\tn.queue=[];t=b.createElement(e);t.async=!0;\n\t\tt.src=v;s=b.getElementsByTagName(e)[0];\n\t\ts.parentNode.insertBefore(t,s)}(window, document,'script',\n\t\t'https:\/\/connect.facebook.net\/en_US\/fbevents.js');\n\t\tfbq('consent', consent);\n\t\tfbq('init', '989222871864976');\n\t\tfbq('track', 'PageView');\n\t<\/script><script type=\"module\">\n\t\tvar consent=\"grant\";\n\t\t\/* The above code is parsing the JSON data from the local storage and storing it in a variable. *\/\n\t\t\tconst onetrustStorageConsent = JSON.parse(localStorage.getItem( 'consent_one_trust_bdc' ) );\n\t\t\t\/* Checking to see if the user has consented to the use of cookies.\n\t\t\t* If they have not, it is deleting the cookie.\n\t\t\t* This will comment for now, until further notice.\n\t\t\t*\/\n\t\t\t\/\/if ( onetrustStorageConsent.C0002 === false ) {\n\t\t\t\/\/\tdocument.cookie=\"_fbp=;expires=Thu, 01 Jan 2010 00:00:00 UTC; path=\/; domain=.boston.com\";\n\t\t\t\/\/}\n\t\t\t\/* Checking if the user has given consent for the cookie C0002.\n\t\t\t* If the user has given consent, the variable consent will be set to 'grant'.\n\t\t\t* If the user has not given consent,the variable consent will be set to 'revoke'.\n\t\t\t* Documentation https:\/\/developers.facebook.com\/docs\/meta-pixel\/implementation\/gdpr\n\t\t\t*\/\n\t\t\tif ( ( onetrustStorageConsent !== null ) && (onetrustStorageConsent.C0002 !== true ) ) {\n\t\t\t\tconsent=\"revoke\";\n\t\t\t}\n\t\t\t\t!function(f,b,e,v,n,t,s){if(f.fbq)return;n=f.fbq=function()\n\t\t{n.callMethod? n.callMethod.apply(n,arguments):n.queue.push(arguments)}\n\t\t;if(!f._fbq)f._fbq=n;\n\t\tn.push=n;n.loaded=!0;n.version='2.0';n.queue=[];t=b.createElement(e);t.async=!0;\n\t\tt.src=v;s=b.getElementsByTagName(e)[0];s.parentNode.insertBefore(t,s)}(window,\n\t\tdocument,'script','https:\/\/connect.facebook.net\/en_US\/fbevents.js');\n\t\tfbq('consent', consent);\n\t\tfbq('init', '813236348753005');\n\t\tfbq('track', \"PageView\");\n\t<\/script><br \/>\n<br \/><br \/>\n<br \/><a href=\"https:\/\/www.boston.com\/news\/crime\/2024\/09\/18\/das-office-taps-whitey-bulgers-former-attorney-to-prosecute-karen-read-the-second-time-around\/\">Source link <\/a><\/p>","protected":false},"excerpt":{"rendered":"<p>Crime \u201cA Sra. Read receber\u00e1 a dignidade e a justi\u00e7a que todo r\u00e9u merece em nosso sistema de justi\u00e7a criminal\u201d, disse Hank Brennan na quarta-feira. Karen Read ouve seu advogado,&hellip;<\/p>","protected":false},"author":1,"featured_media":28589,"comment_status":"closed","ping_status":"open","sticky":false,"template":"","format":"standard","meta":{"content-type":"","footnotes":""},"categories":[1],"tags":[],"class_list":["post-38955","post","type-post","status-publish","format-standard","has-post-thumbnail","hentry","category-uncategorized"],"_links":{"self":[{"href":"https:\/\/tvbrazilusa.com\/pt\/wp-json\/wp\/v2\/posts\/38955","targetHints":{"allow":["GET"]}}],"collection":[{"href":"https:\/\/tvbrazilusa.com\/pt\/wp-json\/wp\/v2\/posts"}],"about":[{"href":"https:\/\/tvbrazilusa.com\/pt\/wp-json\/wp\/v2\/types\/post"}],"author":[{"embeddable":true,"href":"https:\/\/tvbrazilusa.com\/pt\/wp-json\/wp\/v2\/users\/1"}],"replies":[{"embeddable":true,"href":"https:\/\/tvbrazilusa.com\/pt\/wp-json\/wp\/v2\/comments?post=38955"}],"version-history":[{"count":1,"href":"https:\/\/tvbrazilusa.com\/pt\/wp-json\/wp\/v2\/posts\/38955\/revisions"}],"predecessor-version":[{"id":38956,"href":"https:\/\/tvbrazilusa.com\/pt\/wp-json\/wp\/v2\/posts\/38955\/revisions\/38956"}],"wp:featuredmedia":[{"embeddable":true,"href":"https:\/\/tvbrazilusa.com\/pt\/wp-json\/wp\/v2\/media\/28589"}],"wp:attachment":[{"href":"https:\/\/tvbrazilusa.com\/pt\/wp-json\/wp\/v2\/media?parent=38955"}],"wp:term":[{"taxonomy":"category","embeddable":true,"href":"https:\/\/tvbrazilusa.com\/pt\/wp-json\/wp\/v2\/categories?post=38955"},{"taxonomy":"post_tag","embeddable":true,"href":"https:\/\/tvbrazilusa.com\/pt\/wp-json\/wp\/v2\/tags?post=38955"}],"curies":[{"name":"wp","href":"https:\/\/api.w.org\/{rel}","templated":true}]}}