{"id":39056,"date":"2024-09-18T23:55:38","date_gmt":"2024-09-18T23:55:38","guid":{"rendered":"https:\/\/tvbrazilusa.com\/2024\/09\/18\/bill-belichick-critica-decisao-questionavel-de-jerod-mayo-e-patriots-durante-derrota-dos-seahawks\/"},"modified":"2024-09-19T00:38:33","modified_gmt":"2024-09-19T00:38:33","slug":"bill-belichick-critica-decisao-questionavel-de-jerod-mayo-e-patriots-durante-derrota-dos-seahawks","status":"publish","type":"post","link":"https:\/\/tvbrazilusa.com\/pt\/2024\/09\/18\/bill-belichick-critica-decisao-questionavel-de-jerod-mayo-e-patriots-durante-derrota-dos-seahawks\/","title":{"rendered":"Bill Belichick critica decis\u00e3o &#8220;question\u00e1vel&#8221; de Jerod Mayo e Patriots durante derrota dos Seahawks"},"content":{"rendered":"<p> <script async src=\"https:\/\/pagead2.googlesyndication.com\/pagead\/js\/adsbygoogle.js?client=ca-pub-8864793242727901\"\r\n     crossorigin=\"anonymous\"><\/script><br \/>\n<\/p>\n<div id=\"\">\n<header class=\"m-article-header m-article-header--standard\">\n\t\t\t\t\t\t\t\t\t\t\t\t<span id=\"article-header-primary-term\"><br \/>\n\t\t\t\t\t\t\t\t<a class=\"a-term a-term--primary\" href=\"https:\/\/www.boston.com\/tag\/new-england-patriots\/\"><\/p>\n<p>\t\t\t\t\t\t\t\tPatriotas\t\t\t\t\t\t\t\t<\/a><br \/>\n\t\t\t\t\t\t\t<\/span><\/p>\n<h2 class=\"m-article-header__sub-headline\">&#8220;Foram tr\u00eas grandes pontos que eles conquistaram com uma, digamos, gest\u00e3o de tempo question\u00e1vel.&#8221;<\/h2>\n<figure class=\"a-photo m-article-header__photo\"><figcaption class=\"a-photo__caption\">\n<p>\tBill Belichick fez algumas cr\u00edticas diretas sobre a gest\u00e3o de tempo dos Patriots no in\u00edcio desta semana. <em> (Foto AP\/Steven Senne, Arquivo)<\/em>\t<\/figcaption><\/figure>\n<\/header>\n<p>Bill Belichick \u00e9 <a href=\"https:\/\/www.bostonglobe.com\/2024\/08\/28\/sports\/bill-belichick\/\" target=\"_blank\" rel=\"noreferrer noopener\">aparentemente apresentado em todos os meios de comunica\u00e7\u00e3o consum\u00edveis <\/a>at\u00e9 agora nesta temporada de futebol. Mas, o futuro treinador principal do Hall da Fama <a href=\"https:\/\/www.boston.com\/sports\/morning-sports-update\/2024\/09\/10\/bill-belichick-nfl-takeaway-week-1\/\" target=\"_blank\" rel=\"noreferrer noopener\">permaneceu em grande parte em sil\u00eancio sobre seu antigo time<\/a>al\u00e9m do mais <a href=\"https:\/\/www.boston.com\/sports\/new-england-patriots\/2024\/09\/14\/bill-belichick-keion-white-patriots-quotes\/\" target=\"_blank\" rel=\"noreferrer noopener\">dando notas altas para Keion White<\/a> por sua performance na Semana 1 contra os Bengals. <\/p>\n<p>Isso mudou depois que Jerod Mayo e New England perderam na prorroga\u00e7\u00e3o de domingo para os Seahawks. Belichick fez algumas cr\u00edticas ao novo t\u00e9cnico dos Patriots durante o &#8220;ManningCast&#8221; de segunda-feira na ESPN. <\/p>\n<p>Ao discutir o confronto entre Eagles e Falcons na segunda-feira com Peyton e Eli Manning, Belichick ressaltou a import\u00e2ncia dos Falcons terem uma chance de marcar antes do intervalo, criticando Mayo e a gest\u00e3o de tempo de New England. <\/p>\n<p>\u201cVimos v\u00e1rios jogos neste fim de semana em que isso foi realmente um fator, certamente o jogo New England-Seattle, onde Seattle marcou logo antes do intervalo, o que acabou levando para a prorroga\u00e7\u00e3o\u201d, disse Belichick a Peyton Manning e Eli Manning, <a target=\"_blank\" href=\"https:\/\/www.audacy.com\/weei\/sports\/patriots\/belichick-takes-shot-at-patriots-clock-management-on-espn?utm_source=dlvr.it&#038;utm_medium=twitter\" rel=\"noreferrer noopener\">conforme transcrito por Brian Foisy do WEEI<\/a>. \u201cForam tr\u00eas grandes pontos que eles conquistaram l\u00e1 com uma, digamos, gest\u00e3o de tempo question\u00e1vel.\u201d<\/p>\n<p>O erro do New England no domingo permitiu que Seattle marcasse alguns pontos cr\u00edticos no que acabou resultando em uma derrota de tr\u00eas pontos no Gillette Stadium. <\/p>\n<p>O \u00faltimo drive da New England no primeiro tempo veio com 1:28 restantes no rel\u00f3gio. Com os Patriots come\u00e7ando em sua linha de 8 jardas, esgotar o rel\u00f3gio pode ter sido a melhor op\u00e7\u00e3o dispon\u00edvel para o time de Mayo.<\/p>\n<p>Mas depois de montar uma corrida de duas jardas, Jacoby Brissett lan\u00e7ou dois passes incompletos, com New England for\u00e7ado a chutar a bola com 35 segundos restantes no rel\u00f3gio. Seattle, ganhando posi\u00e7\u00e3o de campo favor\u00e1vel e tr\u00eas timeouts, avan\u00e7ou pelo campo e conectou um field goal pouco antes do intervalo, dando a eles uma vantagem de 17-13. <\/p>\n<p><a href=\"https:\/\/www.boston.com\/sports\/new-england-patriots\/2024\/09\/17\/jerod-mayo-patriots-seahawks-week-2-column\/\" target=\"_blank\" rel=\"noreferrer noopener\">Foi um plano de jogo ruim de Mayo e do coordenador ofensivo Alex Van Pelt<\/a>que pairava sobre uma eventual derrota por 23-20. <\/p>\n<p>\u201cTomei uma decis\u00e3o, e \u00e9 uma decis\u00e3o com a qual tenho que conviver\u201d, disse Mayo na segunda-feira. \u201cEstou disposto a assumir as consequ\u00eancias de qualquer maneira. Todas essas decis\u00f5es importantes, seja pegar a bola na prorroga\u00e7\u00e3o ou n\u00e3o pegar a bola, s\u00e3o coisas que podem mudar jogo a jogo e tamb\u00e9m no fluxo do jogo.\u201d<\/p>\n<p>Com mais curvas de aprendizado esperadas de Mayo e sua equipe em sua primeira temporada como treinador principal, n\u00e3o ser\u00e1 uma surpresa se Belichick fizer coment\u00e1rios mais severos sobre o futuro da Nova Inglaterra. <\/p>\n<div class=\"m-block m-generic-cta\t m-generic-cta--post-content\t m-generic-cta--dark\t m-generic-cta--homepage\t m-generic-cta--email-signup\t\t m-generic-cta-block-style--default \tt-amp__generic-cta\"><\/p>\n<div class=\"m-generic-cta__wrap\">\n<div class=\"m-generic-cta__content\">\n<h3 class=\"m-generic-cta__title\">Boston.com Hoje<\/h3>\n<p class=\"m-generic-cta__subtitle\">Inscreva-se para receber as \u00faltimas manchetes na sua caixa de entrada todas as manh\u00e3s.<\/p>\n<\/p><\/div>\n<\/p><\/div>\n<\/div><\/div>\n<p><script>\n\t\tvar consent=\"grant\";\n\t\t\/* The above code is parsing the JSON data from the local storage and storing it in a variable. *\/\n\t\t\t\t\tconst onetrustStorageConsent = JSON.parse(localStorage.getItem( 'consent_one_trust_bdc' ) );\n\t\t\tif ( ( onetrustStorageConsent !== null ) ) {\n\t\t\t\t\/* Checking to see if the user has consented to the use of cookies.\n\t\t\t\t* If they have not, it is deleting the cookie.\n\t\t\t\t* This will comment for now, until further notice.\n\t\t\t\t*\/\n\t\t\t\t\/\/if ( onetrustStorageConsent.C0002 === false ) {\n\t\t\t\t\/\/\tdocument.cookie=\"_fbp=;expires=Thu, 01 Jan 2010 00:00:00 UTC; path=\/; domain=.boston.com\";\n\t\t\t\t\/\/}\n\t\t\t\t\/* Checking if the user has given consent for the cookie C0002.\n\t\t\t\t* If the user has given consent, the variable consent will be set to 'grant'.\n\t\t\t\t* If the user has not given consent,the variable consent will be set to 'revoke'.\n\t\t\t\t* Documentation https:\/\/developers.facebook.com\/docs\/meta-pixel\/implementation\/gdpr\n\t\t\t\t*\/\n\t\t\t\tif ( onetrustStorageConsent.C0002 !== true ) {\n\t\t\t\t\tconsent=\"revoke\";\n\t\t\t\t}\n\t\t\t}\n\t\t\t\t!function(f,b,e,v,n,t,s)\n\t\t{if(f.fbq)return;n=f.fbq=function(){n.callMethod?\n\t\tn.callMethod.apply(n,arguments):n.queue.push(arguments)};\n\t\tif(!f._fbq)f._fbq=n;n.push=n;n.loaded=!0;n.version='2.0';\n\t\tn.queue=[];t=b.createElement(e);t.async=!0;\n\t\tt.src=v;s=b.getElementsByTagName(e)[0];\n\t\ts.parentNode.insertBefore(t,s)}(window, document,'script',\n\t\t'https:\/\/connect.facebook.net\/en_US\/fbevents.js');\n\t\tfbq('consent', consent);\n\t\tfbq('init', '989222871864976');\n\t\tfbq('track', 'PageView');\n\t<\/script><script type=\"module\">\n\t\tvar consent=\"grant\";\n\t\t\/* The above code is parsing the JSON data from the local storage and storing it in a variable. *\/\n\t\t\tconst onetrustStorageConsent = JSON.parse(localStorage.getItem( 'consent_one_trust_bdc' ) );\n\t\t\t\/* Checking to see if the user has consented to the use of cookies.\n\t\t\t* If they have not, it is deleting the cookie.\n\t\t\t* This will comment for now, until further notice.\n\t\t\t*\/\n\t\t\t\/\/if ( onetrustStorageConsent.C0002 === false ) {\n\t\t\t\/\/\tdocument.cookie=\"_fbp=;expires=Thu, 01 Jan 2010 00:00:00 UTC; path=\/; domain=.boston.com\";\n\t\t\t\/\/}\n\t\t\t\/* Checking if the user has given consent for the cookie C0002.\n\t\t\t* If the user has given consent, the variable consent will be set to 'grant'.\n\t\t\t* If the user has not given consent,the variable consent will be set to 'revoke'.\n\t\t\t* Documentation https:\/\/developers.facebook.com\/docs\/meta-pixel\/implementation\/gdpr\n\t\t\t*\/\n\t\t\tif ( ( onetrustStorageConsent !== null ) && (onetrustStorageConsent.C0002 !== true ) ) {\n\t\t\t\tconsent=\"revoke\";\n\t\t\t}\n\t\t\t\t!function(f,b,e,v,n,t,s){if(f.fbq)return;n=f.fbq=function()\n\t\t{n.callMethod? n.callMethod.apply(n,arguments):n.queue.push(arguments)}\n\t\t;if(!f._fbq)f._fbq=n;\n\t\tn.push=n;n.loaded=!0;n.version='2.0';n.queue=[];t=b.createElement(e);t.async=!0;\n\t\tt.src=v;s=b.getElementsByTagName(e)[0];s.parentNode.insertBefore(t,s)}(window,\n\t\tdocument,'script','https:\/\/connect.facebook.net\/en_US\/fbevents.js');\n\t\tfbq('consent', consent);\n\t\tfbq('init', '813236348753005');\n\t\tfbq('track', \"PageView\");\n\t<\/script><br \/>\n<br \/><br \/>\n<br \/><a href=\"https:\/\/www.boston.com\/sports\/new-england-patriots\/2024\/09\/18\/bill-belichick-jerod-mayo-new-england-patriots-football-nfl\/\">Source link <\/a><\/p>","protected":false},"excerpt":{"rendered":"<p>Patriotas &#8220;Foram tr\u00eas grandes pontos que eles conquistaram com uma, digamos, gest\u00e3o de tempo question\u00e1vel.&#8221; Bill Belichick fez algumas cr\u00edticas diretas sobre a gest\u00e3o de tempo dos Patriots no in\u00edcio&hellip;<\/p>","protected":false},"author":1,"featured_media":39057,"comment_status":"closed","ping_status":"open","sticky":false,"template":"","format":"standard","meta":{"content-type":"","footnotes":""},"categories":[1],"tags":[],"class_list":["post-39056","post","type-post","status-publish","format-standard","has-post-thumbnail","hentry","category-uncategorized"],"_links":{"self":[{"href":"https:\/\/tvbrazilusa.com\/pt\/wp-json\/wp\/v2\/posts\/39056","targetHints":{"allow":["GET"]}}],"collection":[{"href":"https:\/\/tvbrazilusa.com\/pt\/wp-json\/wp\/v2\/posts"}],"about":[{"href":"https:\/\/tvbrazilusa.com\/pt\/wp-json\/wp\/v2\/types\/post"}],"author":[{"embeddable":true,"href":"https:\/\/tvbrazilusa.com\/pt\/wp-json\/wp\/v2\/users\/1"}],"replies":[{"embeddable":true,"href":"https:\/\/tvbrazilusa.com\/pt\/wp-json\/wp\/v2\/comments?post=39056"}],"version-history":[{"count":1,"href":"https:\/\/tvbrazilusa.com\/pt\/wp-json\/wp\/v2\/posts\/39056\/revisions"}],"predecessor-version":[{"id":39058,"href":"https:\/\/tvbrazilusa.com\/pt\/wp-json\/wp\/v2\/posts\/39056\/revisions\/39058"}],"wp:featuredmedia":[{"embeddable":true,"href":"https:\/\/tvbrazilusa.com\/pt\/wp-json\/wp\/v2\/media\/39057"}],"wp:attachment":[{"href":"https:\/\/tvbrazilusa.com\/pt\/wp-json\/wp\/v2\/media?parent=39056"}],"wp:term":[{"taxonomy":"category","embeddable":true,"href":"https:\/\/tvbrazilusa.com\/pt\/wp-json\/wp\/v2\/categories?post=39056"},{"taxonomy":"post_tag","embeddable":true,"href":"https:\/\/tvbrazilusa.com\/pt\/wp-json\/wp\/v2\/tags?post=39056"}],"curies":[{"name":"wp","href":"https:\/\/api.w.org\/{rel}","templated":true}]}}