{"id":39067,"date":"2024-09-18T23:14:05","date_gmt":"2024-09-18T23:14:05","guid":{"rendered":"https:\/\/tvbrazilusa.com\/2024\/09\/18\/bc-eleva-selic-em-025-p-p-para-1075-e-a-1a-alta-do-lula-3-paulo-figueiredo-tv-florida-usa-a-sua-tv-brasileira-nos-estados-unidos\/"},"modified":"2024-09-19T01:11:59","modified_gmt":"2024-09-19T01:11:59","slug":"bc-eleva-selic-em-025-p-p-para-1075-e-a-1a-alta-do-lula-3-paulo-figueiredo-tv-florida-usa-a-sua-tv-brasileira-nos-estados-unidos","status":"publish","type":"post","link":"https:\/\/tvbrazilusa.com\/pt\/2024\/09\/18\/bc-eleva-selic-em-025-p-p-para-1075-e-a-1a-alta-do-lula-3-paulo-figueiredo-tv-florida-usa-a-sua-tv-brasileira-nos-estados-unidos\/","title":{"rendered":"BC eleva Selic em 0,25 p.p. para 10,75%; \u00e9 a 1\u00aa alta do Lula 3 \u2013 Paulo Figueiredo \u2013 TV Florida USA \u2013 A sua TV Brasileira nos Estados Unidos"},"content":{"rendered":"<p> <script async src=\"https:\/\/pagead2.googlesyndication.com\/pagead\/js\/adsbygoogle.js?client=ca-pub-8864793242727901\"\r\n     crossorigin=\"anonymous\"><\/script><br \/>\n<\/p>\n<div id=\"wtr-content\" data-bg=\"#FFFFFF\" data-fg=\"#006d91\" data-width=\"25\" data-mute=\"1\" data-fgopacity=\"1.00\" data-mutedopacity=\"0.5\" data-placement=\"bottom\" data-placement-offset=\"0\" data-content-offset=\"262\" data-placement-touch=\"bottom\" data-placement-offset-touch=\"0\" data-transparent=\"\" data-shadow=\"0\" data-touch=\"1\" data-non-touch=\"1\" data-comments=\"0\" data-commentsbg=\"transparent\" data-location=\"page\" data-mutedfg=\"#006d91\" data-endfg=\"#006d91\" data-rtl=\"\">\n<h3 class=\"wp-block-heading\">Decis\u00e3o do Copom foi un\u00e2nime; \u00e9 a reuni\u00e3o inaugural com Gal\u00edpolo indicado a presidente da autoridade monet\u00e1ria<\/h3>\n<p>O\u00a0Banco Central\u00a0decidiu nesta 4\u00aa feira (18.set.2024) elevar a Selic para 10,75% ao ano. O aumento foi de 0,25 ponto percentual.\u00a0<strong>\u00c9 a 1\u00aa vez que a autoridade monet\u00e1ria sobe a taxa b\u00e1sica de juros desde agosto de 2022<\/strong>\u00a0\u2013h\u00e1 2 anos e 1 m\u00eas. A decis\u00e3o dos diretores do \u00f3rg\u00e3o foi un\u00e2nime.<\/p>\n<p>O resultado\u00a0seguiu as expectativas\u00a0de agentes do mercado financeiro. A ata da reuni\u00e3o do\u00a0Copom\u00a0(Comit\u00ea de Pol\u00edtica Monet\u00e1ria) de julho dizia que o \u00f3rg\u00e3o\u00a0n\u00e3o veria problema em aumentar\u00a0a al\u00edquota caso considerasse necess\u00e1rio.<\/p>\n<p>A Selic \u00e9 a taxa b\u00e1sica de juros da economia brasileira. Influencia diretamente as al\u00edquotas que ser\u00e3o cobradas de empr\u00e9stimos, financiamentos e investimentos. No mercado financeiro, impacta o rendimento de aplica\u00e7\u00f5es.<\/p>\n<p><strong>Leia abaixo o hist\u00f3rico do indicador:<\/strong><\/p>\n<p>O Banco Central disse no comunicado de an\u00fancio da alta que um novo ciclo de eleva\u00e7\u00f5es deve se iniciar. N\u00e3o explicitou, entretanto, quais ser\u00e3o as magnitudes dos aumentos que vir\u00e3o.<\/p>\n<p><em>\u201cO ritmo de ajustes futuros na taxa de juros e a magnitude total do ciclo ora iniciado ser\u00e3o ditados pelo firme compromisso de converg\u00eancia da infla\u00e7\u00e3o \u00e0 meta e depender\u00e3o da evolu\u00e7\u00e3o da din\u00e2mica da infla\u00e7\u00e3o\u201d<\/em>, afirma o texto do \u00f3rg\u00e3o. <\/p>\n<p>A fun\u00e7\u00e3o da autoridade \u00e9 colocar a infla\u00e7\u00e3o no centro da meta, de 3,0%.\u00a0O \u00edndice anualizado\u00a0estava em 4,24%\u00a0em agosto (ainda no intervalo de toler\u00e2ncia).<\/p>\n<p>Uma das formas de controlar a infla\u00e7\u00e3o \u00e9 aumentar os juros. O cr\u00e9dito mais caro desacelera o consumo e a produ\u00e7\u00e3o. Como consequ\u00eancia, os pre\u00e7os tendem a n\u00e3o aumentar de forma t\u00e3o r\u00e1pida.<\/p>\n<p>Alguns fatores que pressionam o aumento dos pre\u00e7os e est\u00e3o na mira do Copom:<\/p>\n<ul class=\"wp-block-list\">\n<li><strong>c\u00e2mbio\u00a0<\/strong>\u2013 o real enfrenta uma desvaloriza\u00e7\u00e3o mais intensa em rela\u00e7\u00e3o ao d\u00f3lar em 2024. Est\u00e1 acima de R$ 5 desde 28 de mar\u00e7o \u2013o que influencia a infla\u00e7\u00e3o pela varia\u00e7\u00e3o no pre\u00e7o das importa\u00e7\u00f5es;<\/li>\n<li><strong>economia aquecida\u00a0<\/strong>\u2013 as divulga\u00e7\u00f5es de indicadores de empregos e da\u00a0<a rel=\"nofollow noopener\" target=\"_blank\" href=\"https:\/\/www.poder360.com.br\/poder-economia\/pib-do-brasil-acelera-e-cresce-14-no-2o-trimestre-diz-ibge\/\">alta<\/a>\u00a0do PIB (Produto Interno Bruto) vieram acima do esperado. Apesar de significar for\u00e7a na economia, os dados tamb\u00e9m tendem a fortalecer o \u00edndice de pre\u00e7os;<\/li>\n<li><strong>pol\u00edtica fiscal\u00a0<\/strong>\u2013 o Banco Central j\u00e1 disse estar de olho na forma como o governo administra as contas p\u00fablicas. Poucas medidas foram apresentadas para cortar gastos de forma permanente, mas h\u00e1 v\u00e1rias tentativas de aumentar a arrecada\u00e7\u00e3o.<\/li>\n<\/ul>\n<p><em>\u201cO Comit\u00ea reafirma que uma pol\u00edtica fiscal cr\u00edvel e comprometida com a sustentabilidade da d\u00edvida contribui para a ancoragem das expectativas de infla\u00e7\u00e3o e para a redu\u00e7\u00e3o dos pr\u00eamios de risco dos ativos financeiros, consequentemente impactando a pol\u00edtica monet\u00e1ria\u201d,<\/em>\u00a0disse o comunicado do Copom.<\/p>\n<h3 class=\"wp-block-heading\"><strong>JUROS NO MUNDO<\/strong><\/h3>\n<p>O Brasil ocupa a 2\u00aa posi\u00e7\u00e3o no\u00a0<em>ranking\u00a0<\/em>de maiores juros reais do mundo com a decis\u00e3o desta 4\u00aa feira (18.set). O levantamento do economista Jason Vieira mostra que a taxa \u201c<em>ex-ante<\/em>\u201d, aquela projetada para os pr\u00f3ximos 12 meses, ser\u00e1 de 7,33%. O pa\u00eds fica atr\u00e1s s\u00f3 da R\u00fassia, com 9,05%.<\/p>\n<p>Os juros reais s\u00e3o calculados considerando a infla\u00e7\u00e3o de cada pa\u00eds. <\/p>\n<div class=\"wp-block-image\">\n<figure class=\"aligncenter size-large is-resized\"><\/figure>\n<\/div>\n<h3 class=\"wp-block-heading\"><strong>GAL\u00cdPOLO PRESIDENTE<\/strong><\/h3>\n<p>A reuni\u00e3o do Copom de setembro \u00e9 a 1\u00aa com a\u00a0indica\u00e7\u00e3o oficializada de Gabriel Gal\u00edpolo\u00a0para o comando do Banco Central. Atualmente, ele \u00e9 diretor de Pol\u00edtica Monet\u00e1ria da autoridade.\u00a0<\/p>\n<p>Gal\u00edpolo subiu o tom sobre a condu\u00e7\u00e3o dos juros depois do encontro de julho. Ele refor\u00e7ou o posicionamento da ata e defendeu um aumento da taxa b\u00e1sica em uma eventual necessidade. As declara\u00e7\u00f5es refor\u00e7aram as expectativas do mercado para esta 4\u00aa feira (18.set).<\/p>\n<p><em>\u201cEstamos dispostos a viver com uma taxa mais restritiva por mais tempo, por\u00e9m, ficou para mim uma sensa\u00e7\u00e3o de que essa frase\u00a0<\/em>[\u2026]<em>\u00a0foi lida como retirar da mesa a possibilidade de alta. E isso n\u00e3o \u00e9 a realidade do diagn\u00f3stico do Copom. A alta est\u00e1 na mesa e a gente quer ver como isso vai se desdobrar\u201d<\/em>,\u00a0declarou o diretor\u00a0em 12 de agosto.<\/p>\n<p>As falas se deram ainda antes de ser indicado por\u00a0Luiz In\u00e1cio Lula da Silva\u00a0(PT) para a vaga a ser deixada por Roberto Campos Neto.<\/p>\n<h3 class=\"wp-block-heading\"><strong>PLACAR UN\u00c2NIME<\/strong><\/h3>\n<p>Esta \u00e9 a 3\u00aa reuni\u00e3o seguida do Copom com placar un\u00e2nime na vota\u00e7\u00e3o. Houve um racha em maio. Os 4 indicados por Lula para a diretoria do Banco Central votaram por uma redu\u00e7\u00e3o de meio ponto percentual. J\u00e1 5 os nomes colocados pelo ex-presidente\u00a0Jair Bolsonaro\u00a0(PL) votaram por uma queda de 0,25 ponto percentual \u2013que prevaleceu.<\/p>\n<p>A divis\u00e3o\u00a0provocou\u00a0uma rea\u00e7\u00e3o negativa entre os agentes econ\u00f4micos. Na reuni\u00e3o seguinte, de junho, todos os diretores votaram pela manuten\u00e7\u00e3o da Selic em 10,50% ao ano.<\/p>\n<p>A reuni\u00e3o do racha, em maio, foi a \u00fanica em que Gal\u00edpolo e Campos Neto n\u00e3o tiveram votos iguais.\u00a0<\/p>\n<h3 class=\"wp-block-heading\"><strong>AS CR\u00cdTICAS DE LULA<\/strong><\/h3>\n<p>O presidente Lula se posicionou de forma ativa contra altas nos juros durante o seu 3\u00ba mandato \u00e0 frente do Planalto. Entretanto, moderou suas falas especificamente em rela\u00e7\u00e3o a Gal\u00edpolo \u2013j\u00e1 depois da indica\u00e7\u00e3o.<\/p>\n<p><em>\u201cSe um dia o Gal\u00edpolo chegar para mim e falar \u2018tem que aumentar os juros\u2019, \u00f3timo. Ele tem o perfil de uma pessoa competent\u00edssima e \u00e9 um brasileiro que gosta do Brasil\u201d<\/em>,\u00a0afirmou\u00a0em 30 de agosto.<\/p>\n<p>O petista diz que o comando do Banco Central n\u00e3o pode ser controlado por um\u00a0<em>\u201crepresentante do sistema financeiro\u201d<\/em>. Segundo ele, o diretor de Pol\u00edtica Monet\u00e1ria n\u00e3o tem essa representa\u00e7\u00e3o.<\/p>\n<p>Lula voltou a criticar Roberto Campos Neto em 13 de setembro, a 5 dias da reuni\u00e3o do Copom. O atual chefe da autoridade monet\u00e1ria vinculou o aumento do sal\u00e1rio m\u00ednimo a um impacto na infla\u00e7\u00e3o. O presidente da Rep\u00fablica n\u00e3o gostou.<\/p>\n<p><em>\u201cAgora vem o cara do Banco Central e diz que n\u00e3o pode aumentar o sal\u00e1rio m\u00ednimo, que esse neg\u00f3cio de pleno emprego pode causar infla\u00e7\u00e3o\u201d<\/em>, disse Lula.<\/p>\n<h3 class=\"wp-block-heading\"><strong>EXPECTATIVA AO FIM DO ANO<\/strong><\/h3>\n<p>O mercado financeiro espera que a Selic termine 2024 a 11,25% ao ano. Ou seja, deve iniciar um novo ciclo de eleva\u00e7\u00f5es no indicador.\u00a0<\/p>\n<p>O\u00a0Boletim Focus divulgado na 2\u00aa feira\u00a0(16.set) indica uma infla\u00e7\u00e3o de 4,35% ao fim do ano.<\/p>\n<div class=\"wp-block-image\">\n<figure class=\"aligncenter size-large is-resized\"><img decoding=\"async\" src=\"https:\/\/static.poder360.com.br\/2024\/09\/boletim-focus-economia-2set2024-1-1536x1536.png\" alt=\"\" style=\"width:566px;height:auto\"\/><\/figure>\n<\/div>\n<h3 class=\"wp-block-heading\"><strong>POL\u00cdTICA MONET\u00c1RIA<\/strong><\/h3>\n<p>Relembre as decis\u00f5es BC nas \u00faltimas 10 reuni\u00f5es:<\/p>\n<ul class=\"wp-block-list\">\n<li><strong>agosto de 2023<\/strong>\u00a0\u2013\u00a0corte\u00a0de 13,75% para 13,25%;<\/li>\n<li><strong>setembro de 2023<\/strong>\u00a0\u2013\u00a0corte\u00a0de 13,25% para 12,75%;<\/li>\n<li><strong>novembro de 2023<\/strong>\u00a0\u2013\u00a0corte\u00a0de 12,75% para 12,25%;<\/li>\n<li><strong>dezembro de 2023<\/strong>\u00a0\u2013\u00a0corte\u00a0de 12,25% para 11,75%;<\/li>\n<li><strong>janeiro de 2024<\/strong>\u00a0\u2013\u00a0corte\u00a0de 11,75% para 11,25%;<\/li>\n<li><strong>mar\u00e7o de 2024\u00a0<\/strong>\u2013\u00a0corte\u00a0de 11,25% para 10,75%;<\/li>\n<li><strong>maio de 2024\u00a0<\/strong>\u2013\u00a0corte\u00a0de 10,75% para 10,50%;<\/li>\n<li><strong>junho de 2024\u00a0<\/strong>\u2013\u00a0manuten\u00e7\u00e3o\u00a0em 10,50%;<\/li>\n<li><strong>julho de 2024\u00a0<\/strong>\u2013\u00a0manuten\u00e7\u00e3o\u00a0em 10,50%;<\/li>\n<li><strong>setembro de 2023\u00a0<\/strong>\u2013 aumento de 10,50% para 10,75%<\/li>\n<\/ul>\n<p><strong><a rel=\"nofollow noopener\" target=\"_blank\" href=\"https:\/\/www.poder360.com.br\/poder-economia\/bc-eleva-selic-em-025-p-p-para-1075-e-a-1a-alta-do-lula-3\/\">Source link<\/a><\/strong><\/p>\n<\/div>\n<p><br \/>\n<br \/><a href=\"https:\/\/tvfloridausa.com\/2024\/09\/18\/bc-eleva-selic-em-025-p-p-para-1075-e-a-1a-alta-do-lula-3-paulo-figueiredo\/\">Source link <\/a><\/p>","protected":false},"excerpt":{"rendered":"<p>Decis\u00e3o do Copom foi un\u00e2nime; \u00e9 a reuni\u00e3o inaugural com Gal\u00edpolo indicado a presidente da autoridade monet\u00e1ria O\u00a0Banco Central\u00a0decidiu nesta 4\u00aa feira (18.set.2024) elevar a Selic para 10,75% ao ano.&hellip;<\/p>","protected":false},"author":1,"featured_media":39068,"comment_status":"closed","ping_status":"open","sticky":false,"template":"","format":"standard","meta":{"content-type":"","footnotes":""},"categories":[22],"tags":[],"class_list":["post-39067","post","type-post","status-publish","format-standard","has-post-thumbnail","hentry","category-tv-florida-usa"],"_links":{"self":[{"href":"https:\/\/tvbrazilusa.com\/pt\/wp-json\/wp\/v2\/posts\/39067","targetHints":{"allow":["GET"]}}],"collection":[{"href":"https:\/\/tvbrazilusa.com\/pt\/wp-json\/wp\/v2\/posts"}],"about":[{"href":"https:\/\/tvbrazilusa.com\/pt\/wp-json\/wp\/v2\/types\/post"}],"author":[{"embeddable":true,"href":"https:\/\/tvbrazilusa.com\/pt\/wp-json\/wp\/v2\/users\/1"}],"replies":[{"embeddable":true,"href":"https:\/\/tvbrazilusa.com\/pt\/wp-json\/wp\/v2\/comments?post=39067"}],"version-history":[{"count":1,"href":"https:\/\/tvbrazilusa.com\/pt\/wp-json\/wp\/v2\/posts\/39067\/revisions"}],"predecessor-version":[{"id":39069,"href":"https:\/\/tvbrazilusa.com\/pt\/wp-json\/wp\/v2\/posts\/39067\/revisions\/39069"}],"wp:featuredmedia":[{"embeddable":true,"href":"https:\/\/tvbrazilusa.com\/pt\/wp-json\/wp\/v2\/media\/39068"}],"wp:attachment":[{"href":"https:\/\/tvbrazilusa.com\/pt\/wp-json\/wp\/v2\/media?parent=39067"}],"wp:term":[{"taxonomy":"category","embeddable":true,"href":"https:\/\/tvbrazilusa.com\/pt\/wp-json\/wp\/v2\/categories?post=39067"},{"taxonomy":"post_tag","embeddable":true,"href":"https:\/\/tvbrazilusa.com\/pt\/wp-json\/wp\/v2\/tags?post=39067"}],"curies":[{"name":"wp","href":"https:\/\/api.w.org\/{rel}","templated":true}]}}