{"id":39107,"date":"2024-09-19T02:40:11","date_gmt":"2024-09-19T02:40:11","guid":{"rendered":"https:\/\/tvbrazilusa.com\/2024\/09\/19\/por-que-aaron-rodgers-diz-que-jogar-contra-os-patriots-sera-um-pouco-estranho\/"},"modified":"2024-09-19T02:48:48","modified_gmt":"2024-09-19T02:48:48","slug":"por-que-aaron-rodgers-diz-que-jogar-contra-os-patriots-sera-um-pouco-estranho","status":"publish","type":"post","link":"https:\/\/tvbrazilusa.com\/pt\/2024\/09\/19\/por-que-aaron-rodgers-diz-que-jogar-contra-os-patriots-sera-um-pouco-estranho\/","title":{"rendered":"Por que Aaron Rodgers diz que jogar contra os Patriots ser\u00e1 &#8220;um pouco estranho&#8221;"},"content":{"rendered":"<p> <script async src=\"https:\/\/pagead2.googlesyndication.com\/pagead\/js\/adsbygoogle.js?client=ca-pub-8864793242727901\"\r\n     crossorigin=\"anonymous\"><\/script><br \/>\n<\/p>\n<div id=\"\">\n<header class=\"m-article-header m-article-header--standard\">\n\t\t\t\t\t\t\t\t\t\t\t\t<span id=\"article-header-primary-term\"><br \/>\n\t\t\t\t\t\t\t\t<a class=\"a-term a-term--primary\" href=\"https:\/\/www.boston.com\/tag\/new-england-patriots\/\"><\/p>\n<p>\t\t\t\t\t\t\t\tPatriotas\t\t\t\t\t\t\t\t<\/a><br \/>\n\t\t\t\t\t\t\t<\/span><\/p>\n<h2 class=\"m-article-header__sub-headline\">\u201c\u00c9 um bom lembrete de qu\u00e3o especial \u00e9 ainda jogar aos 40 anos.\u201d<\/h2>\n<figure class=\"a-photo m-article-header__photo\"><figcaption class=\"a-photo__caption\">\n<p>\tAaron Rodgers jogar\u00e1 contra os Patriots pela primeira vez como membro dos Jets na quinta-feira. <em> (Foto AP\/George Walker IV)<\/em>\t<\/figcaption><\/figure>\n<\/header>\n<p>Aaron Rodgers n\u00e3o \u00e9 nenhum estranho ao enfrentar o New England Patriots. <\/p>\n<p>Embora o futuro membro do Hall da Fama tenha passado a maior parte de sua carreira na NFC com o Green Bay Packers, ele jogou quatro partidas contra o New England \u2014 ostentando um hist\u00f3rico de 2-2 contra Bill Belichick e companhia.<\/p>\n<p>\u00c9 claro que muita coisa mudou em Foxborough ultimamente, com o mandato de 24 anos de Belichick na Nova Inglaterra chegando ao fim e Jerod Mayo agora patrulhando a lateral da Nova Inglaterra. <\/p>\n<p>A hierarquia remodelada da Nova Inglaterra n\u00e3o passou despercebida para um veterano experiente como Rodgers, especialmente depois de v\u00e1rias batalhas com Belichick e Tom Brady ao longo dos anos. Em particular, Rodgers, de 40 anos, acredita que ser\u00e1 um ajuste enfrentar um t\u00e9cnico em Mayo, contra quem ele costumava jogar no campo.<\/p>\n<p>Mayo, 38, foi convocado na primeira rodada do Draft da NFL de 2008, tr\u00eas anos depois de Rodgers ter sido selecionado pelos Packers na primeira rodada do Draft da NFL de 2005. <\/p>\n<p>\u201cFica um pouco estranho quando voc\u00ea joga contra treinadores que voc\u00ea j\u00e1 enfrentou, voc\u00ea joga com caras que poderiam ser seus filhos, em termos de idade, sabe?\u201d<a target=\"_blank\" href=\"https:\/\/www.youtube.com\/watch?v=Hs4AzshL7-E\" rel=\"noreferrer noopener\"> Rodgers disse a rep\u00f3rteres em Nova York na ter\u00e7a-feira<\/a>. \u201c\u00c9 um bom lembrete de qu\u00e3o especial \u00e9 ainda estar jogando aos 40 anos.\u201d<\/p>\n<p>O confronto do hor\u00e1rio nobre de quinta-feira no MetLife Stadium marcar\u00e1 a primeira vez que Rodgers jogar\u00e1 contra o New England como quarterback dos Jets.<\/p>\n<p>Rodgers jogou apenas quatro snaps na Semana 1 da temporada de 2023 antes de sofrer uma les\u00e3o no tend\u00e3o de Aquiles que o encerrou, com Zach Wilson e Trevor Siemian sendo titulares pelo New York nos dois jogos dos Jets contra os Patriots no ano passado.<\/p>\n<p>Rodgers e os Jets est\u00e3o 1-1 nesta temporada, com o veterano QB completando 31 de 51 passes para 343 jardas, tr\u00eas touchdowns e uma intercepta\u00e7\u00e3o. Ele ter\u00e1 um confronto assustador contra a secund\u00e1ria de New England, especialmente o cornerback do segundo ano Christian Gonzalez. <\/p>\n<p>Falando no &#8220;The Pat McAfee Show&#8221; da ESPN na ter\u00e7a-feira, Rodgers elogiou Gonzalez, que deve ganhar muitos snaps contra o principal wideout de Nova York, Garrett Wilson, na quinta-feira. <\/p>\n<p>\u201cEu acho que ele \u00e9 um \u00f3timo jogador\u201d, disse Rodgers sobre Gonzalez. \u201cEle estava em nossa reabilita\u00e7\u00e3o na f\u00e1brica de Aquiles na offseason. N\u00e3o estava reabilitando um Aquiles, mas ele estava l\u00e1. Conheci ele s\u00f3 um pouquinho. Ele \u00e9 um \u00f3timo garoto. Ele \u00e9 super, super talentoso. Quero dizer, ele \u00e9 um jogador de elite.\u201d<\/p>\n<figure class=\"wp-block-embed is-type-rich is-provider-twitter wp-block-embed-twitter\"\/>\n<p>Gonzalez enfrentou Wilson durante o encontro da Semana 3 em 2023, com Wilson limitado a tr\u00eas recep\u00e7\u00f5es e 18 jardas em 23 rotas na vit\u00f3ria de New England por 15 a 10. <\/p>\n<p>\u00c9 claro que o confronto no hor\u00e1rio nobre de quinta-feira deve ser muito mais assustador para Gonzalez e a defesa da Nova Inglaterra com Rodgers no lugar de QB em vez de Zach Wilson.<\/p>\n<div class=\"m-block m-generic-cta\t m-generic-cta--post-content\t m-generic-cta--dark\t m-generic-cta--homepage\t m-generic-cta--email-signup\t\t m-generic-cta-block-style--default \tt-amp__generic-cta\"><\/p>\n<div class=\"m-generic-cta__wrap\">\n<div class=\"m-generic-cta__content\">\n<h3 class=\"m-generic-cta__title\">Boston.com Hoje<\/h3>\n<p class=\"m-generic-cta__subtitle\">Inscreva-se para receber as \u00faltimas manchetes na sua caixa de entrada todas as manh\u00e3s.<\/p>\n<\/p><\/div>\n<\/p><\/div>\n<\/div><\/div>\n<p><script>\n\t\tvar consent=\"grant\";\n\t\t\/* The above code is parsing the JSON data from the local storage and storing it in a variable. *\/\n\t\t\t\t\tconst onetrustStorageConsent = JSON.parse(localStorage.getItem( 'consent_one_trust_bdc' ) );\n\t\t\tif ( ( onetrustStorageConsent !== null ) ) {\n\t\t\t\t\/* Checking to see if the user has consented to the use of cookies.\n\t\t\t\t* If they have not, it is deleting the cookie.\n\t\t\t\t* This will comment for now, until further notice.\n\t\t\t\t*\/\n\t\t\t\t\/\/if ( onetrustStorageConsent.C0002 === false ) {\n\t\t\t\t\/\/\tdocument.cookie=\"_fbp=;expires=Thu, 01 Jan 2010 00:00:00 UTC; path=\/; domain=.boston.com\";\n\t\t\t\t\/\/}\n\t\t\t\t\/* Checking if the user has given consent for the cookie C0002.\n\t\t\t\t* If the user has given consent, the variable consent will be set to 'grant'.\n\t\t\t\t* If the user has not given consent,the variable consent will be set to 'revoke'.\n\t\t\t\t* Documentation https:\/\/developers.facebook.com\/docs\/meta-pixel\/implementation\/gdpr\n\t\t\t\t*\/\n\t\t\t\tif ( onetrustStorageConsent.C0002 !== true ) {\n\t\t\t\t\tconsent=\"revoke\";\n\t\t\t\t}\n\t\t\t}\n\t\t\t\t!function(f,b,e,v,n,t,s)\n\t\t{if(f.fbq)return;n=f.fbq=function(){n.callMethod?\n\t\tn.callMethod.apply(n,arguments):n.queue.push(arguments)};\n\t\tif(!f._fbq)f._fbq=n;n.push=n;n.loaded=!0;n.version='2.0';\n\t\tn.queue=[];t=b.createElement(e);t.async=!0;\n\t\tt.src=v;s=b.getElementsByTagName(e)[0];\n\t\ts.parentNode.insertBefore(t,s)}(window, document,'script',\n\t\t'https:\/\/connect.facebook.net\/en_US\/fbevents.js');\n\t\tfbq('consent', consent);\n\t\tfbq('init', '989222871864976');\n\t\tfbq('track', 'PageView');\n\t<\/script><script type=\"module\">\n\t\tvar consent=\"grant\";\n\t\t\/* The above code is parsing the JSON data from the local storage and storing it in a variable. *\/\n\t\t\tconst onetrustStorageConsent = JSON.parse(localStorage.getItem( 'consent_one_trust_bdc' ) );\n\t\t\t\/* Checking to see if the user has consented to the use of cookies.\n\t\t\t* If they have not, it is deleting the cookie.\n\t\t\t* This will comment for now, until further notice.\n\t\t\t*\/\n\t\t\t\/\/if ( onetrustStorageConsent.C0002 === false ) {\n\t\t\t\/\/\tdocument.cookie=\"_fbp=;expires=Thu, 01 Jan 2010 00:00:00 UTC; path=\/; domain=.boston.com\";\n\t\t\t\/\/}\n\t\t\t\/* Checking if the user has given consent for the cookie C0002.\n\t\t\t* If the user has given consent, the variable consent will be set to 'grant'.\n\t\t\t* If the user has not given consent,the variable consent will be set to 'revoke'.\n\t\t\t* Documentation https:\/\/developers.facebook.com\/docs\/meta-pixel\/implementation\/gdpr\n\t\t\t*\/\n\t\t\tif ( ( onetrustStorageConsent !== null ) && (onetrustStorageConsent.C0002 !== true ) ) {\n\t\t\t\tconsent=\"revoke\";\n\t\t\t}\n\t\t\t\t!function(f,b,e,v,n,t,s){if(f.fbq)return;n=f.fbq=function()\n\t\t{n.callMethod? n.callMethod.apply(n,arguments):n.queue.push(arguments)}\n\t\t;if(!f._fbq)f._fbq=n;\n\t\tn.push=n;n.loaded=!0;n.version='2.0';n.queue=[];t=b.createElement(e);t.async=!0;\n\t\tt.src=v;s=b.getElementsByTagName(e)[0];s.parentNode.insertBefore(t,s)}(window,\n\t\tdocument,'script','https:\/\/connect.facebook.net\/en_US\/fbevents.js');\n\t\tfbq('consent', consent);\n\t\tfbq('init', '813236348753005');\n\t\tfbq('track', \"PageView\");\n\t<\/script><br \/>\n<br \/><br \/>\n<br \/><a href=\"https:\/\/www.boston.com\/sports\/new-england-patriots\/2024\/09\/18\/new-england-patriots-aaron-rodgers-jerod-mayo-new-york-jets-football-tnf\/\">Source link <\/a><\/p>","protected":false},"excerpt":{"rendered":"<p>Patriotas \u201c\u00c9 um bom lembrete de qu\u00e3o especial \u00e9 ainda jogar aos 40 anos.\u201d Aaron Rodgers jogar\u00e1 contra os Patriots pela primeira vez como membro dos Jets na quinta-feira. (Foto&hellip;<\/p>","protected":false},"author":1,"featured_media":39108,"comment_status":"closed","ping_status":"open","sticky":false,"template":"","format":"standard","meta":{"content-type":"","footnotes":""},"categories":[1],"tags":[],"class_list":["post-39107","post","type-post","status-publish","format-standard","has-post-thumbnail","hentry","category-uncategorized"],"_links":{"self":[{"href":"https:\/\/tvbrazilusa.com\/pt\/wp-json\/wp\/v2\/posts\/39107","targetHints":{"allow":["GET"]}}],"collection":[{"href":"https:\/\/tvbrazilusa.com\/pt\/wp-json\/wp\/v2\/posts"}],"about":[{"href":"https:\/\/tvbrazilusa.com\/pt\/wp-json\/wp\/v2\/types\/post"}],"author":[{"embeddable":true,"href":"https:\/\/tvbrazilusa.com\/pt\/wp-json\/wp\/v2\/users\/1"}],"replies":[{"embeddable":true,"href":"https:\/\/tvbrazilusa.com\/pt\/wp-json\/wp\/v2\/comments?post=39107"}],"version-history":[{"count":1,"href":"https:\/\/tvbrazilusa.com\/pt\/wp-json\/wp\/v2\/posts\/39107\/revisions"}],"predecessor-version":[{"id":39109,"href":"https:\/\/tvbrazilusa.com\/pt\/wp-json\/wp\/v2\/posts\/39107\/revisions\/39109"}],"wp:featuredmedia":[{"embeddable":true,"href":"https:\/\/tvbrazilusa.com\/pt\/wp-json\/wp\/v2\/media\/39108"}],"wp:attachment":[{"href":"https:\/\/tvbrazilusa.com\/pt\/wp-json\/wp\/v2\/media?parent=39107"}],"wp:term":[{"taxonomy":"category","embeddable":true,"href":"https:\/\/tvbrazilusa.com\/pt\/wp-json\/wp\/v2\/categories?post=39107"},{"taxonomy":"post_tag","embeddable":true,"href":"https:\/\/tvbrazilusa.com\/pt\/wp-json\/wp\/v2\/tags?post=39107"}],"curies":[{"name":"wp","href":"https:\/\/api.w.org\/{rel}","templated":true}]}}