{"id":39113,"date":"2024-09-19T02:59:28","date_gmt":"2024-09-19T02:59:28","guid":{"rendered":"https:\/\/tvbrazilusa.com\/2024\/09\/19\/cinco-agentes-penitenciarios-feridos-em-prisao-de-seguranca-maxima-em-massachusetts\/"},"modified":"2024-09-19T03:00:21","modified_gmt":"2024-09-19T03:00:21","slug":"cinco-agentes-penitenciarios-feridos-em-prisao-de-seguranca-maxima-em-massachusetts","status":"publish","type":"post","link":"https:\/\/tvbrazilusa.com\/pt\/2024\/09\/19\/cinco-agentes-penitenciarios-feridos-em-prisao-de-seguranca-maxima-em-massachusetts\/","title":{"rendered":"Cinco agentes penitenci\u00e1rios feridos em pris\u00e3o de seguran\u00e7a m\u00e1xima em Massachusetts."},"content":{"rendered":"<p> <script async src=\"https:\/\/pagead2.googlesyndication.com\/pagead\/js\/adsbygoogle.js?client=ca-pub-8864793242727901\"\r\n     crossorigin=\"anonymous\"><\/script><br \/>\n<\/p>\n<div id=\"\">\n<header class=\"m-article-header m-article-header--standard\">\n\t\t\t\t\t\t\t\t\t\t\t\t<span id=\"article-header-primary-term\"><br \/>\n\t\t\t\t\t\t\t\t<a class=\"a-term a-term--primary\" href=\"https:\/\/www.boston.com\/tag\/local-news\/\"><\/p>\n<p>\t\t\t\t\t\t\t\tNot\u00edcias locais\t\t\t\t\t\t\t\t<\/a><br \/>\n\t\t\t\t\t\t\t<\/span><\/p>\n<h2 class=\"m-article-header__sub-headline\">Dois policiais foram esfaqueados por presos, informou o Departamento Correcional, e outros tr\u00eas ficaram feridos na noite de quarta-feira.<\/h2>\n<figure class=\"a-photo m-article-header__photo\"><figcaption class=\"a-photo__caption\">\n<p>\tARQUIVO &#8211; O Centro Correcional Souza-Baranowski \u00e9 cercado por cercas, quarta-feira, 19 de abril de 2017, em Lancaster, Massachusetts.<em> (Foto AP\/Elise Amendola, Arquivo)<\/em>\t<\/figcaption><\/figure>\n<\/header>\n<p>Cinco agentes penitenci\u00e1rios da \u00fanica pris\u00e3o de seguran\u00e7a m\u00e1xima de Massachusetts ficaram feridos na noite de quarta-feira, informou o Departamento Correcional do estado.<\/p>\n<p>Um porta-voz do departamento disse que dois agentes penitenci\u00e1rios foram esfaqueados diversas vezes por presos por volta das 18h20, e mais tr\u00eas agentes ficaram feridos ao responder ao incidente.<\/p>\n<p>Todos os cinco policiais foram transportados para um hospital pr\u00f3ximo, disse o porta-voz. A instala\u00e7\u00e3o \u00e9 segura, e uma investiga\u00e7\u00e3o envolvendo a Pol\u00edcia Estadual de Massachusetts est\u00e1 em andamento, de acordo com o porta-voz.<\/p>\n<p>O Sindicato Federado de Oficiais Penitenci\u00e1rios de Massachusetts compartilhou o incidente no Facebook na noite de quarta-feira, dizendo que um policial foi esfaqueado nas costas e na cabe\u00e7a. <\/p>\n<p>A postagem deles criticou o Departamento de Corre\u00e7\u00f5es, alegando que j\u00e1 se passaram quatro anos desde que o departamento &#8220;autorizou o uso de unidades t\u00e1ticas e fez uma busca completa em toda a institui\u00e7\u00e3o&#8221;.<\/p>\n<p>\u201cCHEGA!\u201d, escreveu o sindicato. \u201cQuanto mais nossos membros ter\u00e3o que suportar antes que voc\u00eas decidam mant\u00ea-los seguros? Os internos est\u00e3o literalmente comandando o asilo. Fa\u00e7am seu trabalho.\u201d<\/p>\n<p>No m\u00eas passado, o sindicato <a href=\"https:\/\/www.bostonherald.com\/2024\/09\/04\/38-weapons-seized-inside-massachusetts-prison-union-says-after-prison-guard-was-sickened-doc-finalizing-an-enhanced-policy-for-drugs\/\">disse o <em>Boston Herald<\/em><\/a>  que dezenas de \u201carmas afiadas de fabrica\u00e7\u00e3o caseira\u201d foram encontradas dentro de Souza-Baranowski.<\/p>\n<p>\u201cAlgu\u00e9m vai se machucar\u201d, disse Dennis Martin, presidente do MCOFU, ao <em>Arauto<\/em>. \u201cEstamos em um momento assustador agora.\u201d<\/p>\n<p>O Departamento de Corre\u00e7\u00f5es n\u00e3o respondeu imediatamente \u00e0s perguntas sobre as alega\u00e7\u00f5es do sindicato.<\/p>\n<p><iframe src=\"https:\/\/www.facebook.com\/plugins\/post.php?href=https%3A%2F%2Fwww.facebook.com%2Fpermalink.php%3Fstory_fbid%3Dpfbid02oCnhE4wYtPgY8LpFcye1hHpPmGn3Qp1pE2k7ywUrxkmWcEFiRkECxGrwZUdfd3mZl%26id%3D100057854629759&#038;show_text=false&#038;width=500\" width=\"500\" height=\"381\" style=\"border:none;overflow:hidden\" scrolling=\"no\" frameborder=\"0\" allowfullscreen=\"true\" allow=\"autoplay; clipboard-write; encrypted-media; picture-in-picture; web-share\"><\/iframe><\/p>\n<div class=\"m-block m-generic-cta\t m-generic-cta--post-content\t m-generic-cta--dark\t m-generic-cta--homepage\t m-generic-cta--email-signup\t\t m-generic-cta-block-style--default \tt-amp__generic-cta\"><\/p>\n<div class=\"m-generic-cta__wrap\">\n<div class=\"m-generic-cta__content\">\n<h3 class=\"m-generic-cta__title\">Boston.com Hoje<\/h3>\n<p class=\"m-generic-cta__subtitle\">Inscreva-se para receber as \u00faltimas manchetes na sua caixa de entrada todas as manh\u00e3s.<\/p>\n<\/p><\/div>\n<\/p><\/div>\n<\/div><\/div>\n<p><script>\n\t\tvar consent=\"grant\";\n\t\t\/* The above code is parsing the JSON data from the local storage and storing it in a variable. *\/\n\t\t\t\t\tconst onetrustStorageConsent = JSON.parse(localStorage.getItem( 'consent_one_trust_bdc' ) );\n\t\t\tif ( ( onetrustStorageConsent !== null ) ) {\n\t\t\t\t\/* Checking to see if the user has consented to the use of cookies.\n\t\t\t\t* If they have not, it is deleting the cookie.\n\t\t\t\t* This will comment for now, until further notice.\n\t\t\t\t*\/\n\t\t\t\t\/\/if ( onetrustStorageConsent.C0002 === false ) {\n\t\t\t\t\/\/\tdocument.cookie=\"_fbp=;expires=Thu, 01 Jan 2010 00:00:00 UTC; path=\/; domain=.boston.com\";\n\t\t\t\t\/\/}\n\t\t\t\t\/* Checking if the user has given consent for the cookie C0002.\n\t\t\t\t* If the user has given consent, the variable consent will be set to 'grant'.\n\t\t\t\t* If the user has not given consent,the variable consent will be set to 'revoke'.\n\t\t\t\t* Documentation https:\/\/developers.facebook.com\/docs\/meta-pixel\/implementation\/gdpr\n\t\t\t\t*\/\n\t\t\t\tif ( onetrustStorageConsent.C0002 !== true ) {\n\t\t\t\t\tconsent=\"revoke\";\n\t\t\t\t}\n\t\t\t}\n\t\t\t\t!function(f,b,e,v,n,t,s)\n\t\t{if(f.fbq)return;n=f.fbq=function(){n.callMethod?\n\t\tn.callMethod.apply(n,arguments):n.queue.push(arguments)};\n\t\tif(!f._fbq)f._fbq=n;n.push=n;n.loaded=!0;n.version='2.0';\n\t\tn.queue=[];t=b.createElement(e);t.async=!0;\n\t\tt.src=v;s=b.getElementsByTagName(e)[0];\n\t\ts.parentNode.insertBefore(t,s)}(window, document,'script',\n\t\t'https:\/\/connect.facebook.net\/en_US\/fbevents.js');\n\t\tfbq('consent', consent);\n\t\tfbq('init', '989222871864976');\n\t\tfbq('track', 'PageView');\n\t<\/script><script type=\"module\">\n\t\tvar consent=\"grant\";\n\t\t\/* The above code is parsing the JSON data from the local storage and storing it in a variable. *\/\n\t\t\tconst onetrustStorageConsent = JSON.parse(localStorage.getItem( 'consent_one_trust_bdc' ) );\n\t\t\t\/* Checking to see if the user has consented to the use of cookies.\n\t\t\t* If they have not, it is deleting the cookie.\n\t\t\t* This will comment for now, until further notice.\n\t\t\t*\/\n\t\t\t\/\/if ( onetrustStorageConsent.C0002 === false ) {\n\t\t\t\/\/\tdocument.cookie=\"_fbp=;expires=Thu, 01 Jan 2010 00:00:00 UTC; path=\/; domain=.boston.com\";\n\t\t\t\/\/}\n\t\t\t\/* Checking if the user has given consent for the cookie C0002.\n\t\t\t* If the user has given consent, the variable consent will be set to 'grant'.\n\t\t\t* If the user has not given consent,the variable consent will be set to 'revoke'.\n\t\t\t* Documentation https:\/\/developers.facebook.com\/docs\/meta-pixel\/implementation\/gdpr\n\t\t\t*\/\n\t\t\tif ( ( onetrustStorageConsent !== null ) && (onetrustStorageConsent.C0002 !== true ) ) {\n\t\t\t\tconsent=\"revoke\";\n\t\t\t}\n\t\t\t\t!function(f,b,e,v,n,t,s){if(f.fbq)return;n=f.fbq=function()\n\t\t{n.callMethod? n.callMethod.apply(n,arguments):n.queue.push(arguments)}\n\t\t;if(!f._fbq)f._fbq=n;\n\t\tn.push=n;n.loaded=!0;n.version='2.0';n.queue=[];t=b.createElement(e);t.async=!0;\n\t\tt.src=v;s=b.getElementsByTagName(e)[0];s.parentNode.insertBefore(t,s)}(window,\n\t\tdocument,'script','https:\/\/connect.facebook.net\/en_US\/fbevents.js');\n\t\tfbq('consent', consent);\n\t\tfbq('init', '813236348753005');\n\t\tfbq('track', \"PageView\");\n\t<\/script><br \/>\n<br \/><br \/>\n<br \/><a href=\"https:\/\/www.boston.com\/news\/local-news\/2024\/09\/18\/five-correction-officers-injured-at-maximum-security-prison-in-mass\/\">Source link <\/a><\/p>","protected":false},"excerpt":{"rendered":"<p>Not\u00edcias locais Dois policiais foram esfaqueados por presos, informou o Departamento Correcional, e outros tr\u00eas ficaram feridos na noite de quarta-feira. ARQUIVO &#8211; O Centro Correcional Souza-Baranowski \u00e9 cercado por&hellip;<\/p>","protected":false},"author":1,"featured_media":39114,"comment_status":"closed","ping_status":"open","sticky":false,"template":"","format":"standard","meta":{"content-type":"","footnotes":""},"categories":[1],"tags":[],"class_list":["post-39113","post","type-post","status-publish","format-standard","has-post-thumbnail","hentry","category-uncategorized"],"_links":{"self":[{"href":"https:\/\/tvbrazilusa.com\/pt\/wp-json\/wp\/v2\/posts\/39113","targetHints":{"allow":["GET"]}}],"collection":[{"href":"https:\/\/tvbrazilusa.com\/pt\/wp-json\/wp\/v2\/posts"}],"about":[{"href":"https:\/\/tvbrazilusa.com\/pt\/wp-json\/wp\/v2\/types\/post"}],"author":[{"embeddable":true,"href":"https:\/\/tvbrazilusa.com\/pt\/wp-json\/wp\/v2\/users\/1"}],"replies":[{"embeddable":true,"href":"https:\/\/tvbrazilusa.com\/pt\/wp-json\/wp\/v2\/comments?post=39113"}],"version-history":[{"count":1,"href":"https:\/\/tvbrazilusa.com\/pt\/wp-json\/wp\/v2\/posts\/39113\/revisions"}],"predecessor-version":[{"id":39115,"href":"https:\/\/tvbrazilusa.com\/pt\/wp-json\/wp\/v2\/posts\/39113\/revisions\/39115"}],"wp:featuredmedia":[{"embeddable":true,"href":"https:\/\/tvbrazilusa.com\/pt\/wp-json\/wp\/v2\/media\/39114"}],"wp:attachment":[{"href":"https:\/\/tvbrazilusa.com\/pt\/wp-json\/wp\/v2\/media?parent=39113"}],"wp:term":[{"taxonomy":"category","embeddable":true,"href":"https:\/\/tvbrazilusa.com\/pt\/wp-json\/wp\/v2\/categories?post=39113"},{"taxonomy":"post_tag","embeddable":true,"href":"https:\/\/tvbrazilusa.com\/pt\/wp-json\/wp\/v2\/tags?post=39113"}],"curies":[{"name":"wp","href":"https:\/\/api.w.org\/{rel}","templated":true}]}}