{"id":39134,"date":"2024-09-19T04:03:00","date_gmt":"2024-09-19T04:03:00","guid":{"rendered":"https:\/\/tvbrazilusa.com\/2024\/09\/19\/plataforma-x-retoma-temporariamente-no-brasil-apos-mudanca-de-provedor-mas-bloqueio-devera-retornar-paulo-figueiredo\/"},"modified":"2024-09-19T04:11:31","modified_gmt":"2024-09-19T04:11:31","slug":"plataforma-x-retoma-temporariamente-no-brasil-apos-mudanca-de-provedor-mas-bloqueio-devera-retornar-paulo-figueiredo","status":"publish","type":"post","link":"https:\/\/tvbrazilusa.com\/pt\/2024\/09\/19\/plataforma-x-retoma-temporariamente-no-brasil-apos-mudanca-de-provedor-mas-bloqueio-devera-retornar-paulo-figueiredo\/","title":{"rendered":"Plataforma X Retoma Temporariamente no Brasil Ap\u00f3s Mudan\u00e7a de Provedor, Mas Bloqueio Dever\u00e1 Retornar &#8211; Paulo Figueiredo"},"content":{"rendered":"<p> <script async src=\"https:\/\/pagead2.googlesyndication.com\/pagead\/js\/adsbygoogle.js?client=ca-pub-8864793242727901\"\r\n     crossorigin=\"anonymous\"><\/script><br \/>\n<\/p>\n<div id=\"wtr-content\" data-bg=\"#FFFFFF\" data-fg=\"#006d91\" data-width=\"25\" data-mute=\"1\" data-fgopacity=\"1.00\" data-mutedopacity=\"0.5\" data-placement=\"bottom\" data-placement-offset=\"0\" data-content-offset=\"262\" data-placement-touch=\"bottom\" data-placement-offset-touch=\"0\" data-transparent=\"\" data-shadow=\"0\" data-touch=\"1\" data-non-touch=\"1\" data-comments=\"0\" data-commentsbg=\"transparent\" data-location=\"page\" data-mutedfg=\"#006d91\" data-endfg=\"#006d91\" data-rtl=\"\">\n<p>Em um comunicado divulgado pela <em>Global Government Affairs<\/em> da plataforma X (antigo Twitter), a empresa explicou a recente restaura\u00e7\u00e3o tempor\u00e1ria de seus servi\u00e7os no Brasil. Segundo a equipe, a interrup\u00e7\u00e3o do X no pa\u00eds impactou a infraestrutura utilizada para fornecer servi\u00e7os em toda a Am\u00e9rica Latina, tornando o acesso invi\u00e1vel para a equipe t\u00e9cnica respons\u00e1vel. Isso resultou na necessidade de uma mudan\u00e7a de provedores de rede, o que, de forma n\u00e3o intencional, permitiu uma restaura\u00e7\u00e3o tempor\u00e1ria dos servi\u00e7os para os usu\u00e1rios brasileiros.<\/p>\n<p>De acordo com o comunicado, ap\u00f3s o desligamento da plataforma no Brasil, a equipe do X se viu impossibilitada de acessar a infraestrutura necess\u00e1ria para manter o servi\u00e7o na Am\u00e9rica Latina. Para contornar esse problema, a empresa optou por trocar de provedores, o que acabou gerando o retorno tempor\u00e1rio da plataforma no pa\u00eds. No entanto, esse retorno foi descrito como \u201cinadvertido\u201d e \u201ctempor\u00e1rio\u201d, deixando claro que o bloqueio pode ser restabelecido em breve.<\/p>\n<figure class=\"wp-block-embed is-type-rich is-provider-twitter wp-block-embed-twitter\">\n<div class=\"wp-block-embed__wrapper\">\n<blockquote class=\"twitter-tweet\" data-width=\"550\" data-dnt=\"true\">\n<p lang=\"en\" dir=\"ltr\">When X was shut down in Brazil, our infrastructure to provide service to Latin America was no longer accessible to our team. To continue providing optimal service to our users, we changed network providers. This change resulted in an inadvertent and temporary service restoration\u2026<\/p>\n<p>\u2014 Global Government Affairs (@GlobalAffairs) <a href=\"https:\/\/twitter.com\/GlobalAffairs\/status\/1836567745229365552?ref_src=twsrc%5Etfw\">September 19, 2024<\/a><\/p><\/blockquote>\n<\/div>\n<\/figure>\n<h3 class=\"wp-block-heading\">Negocia\u00e7\u00f5es com o Governo Brasileiro<\/h3>\n<p>Apesar desse breve per\u00edodo de acessibilidade, a equipe da plataforma X afirma que espera que a plataforma se torne inacess\u00edvel novamente em breve, pois os desafios legais que levaram ao bloqueio inicial ainda persistem. Mesmo assim, a empresa enfatizou que continua trabalhando em esfor\u00e7os diplom\u00e1ticos e operacionais com o governo brasileiro para garantir que a plataforma seja plenamente restaurada para os usu\u00e1rios do Brasil o mais r\u00e1pido poss\u00edvel.<\/p>\n<p>A a\u00e7\u00e3o do Supremo Tribunal Federal do Brasil, liderada pelo ministro Alexandre de Moraes, em bloquear o acesso ao X se deu como parte de uma a\u00e7\u00e3o contra alegadas contas que promoviam \u201cdiscurso de \u00f3dio e desinforma\u00e7\u00e3o\u201d. O CEO da X, Elon Musk, se recusou a cumprir as exig\u00eancias de censura, levando Moraes a ordenar o bloqueio total da plataforma no pa\u00eds.<\/p>\n<h3 class=\"wp-block-heading\">Impactos da Censura no X no Brasil<\/h3>\n<p>A decis\u00e3o de Moraes gerou uma onda de rea\u00e7\u00f5es internacionais, incluindo cr\u00edticas \u00e0 sua postura de censura. Musk, em v\u00e1rias ocasi\u00f5es, classificou o ministro como \u201cditador\u201d e comparou-o ao personagem Darth Vader de \u201cStar Wars\u201d. Segundo o empres\u00e1rio, a decis\u00e3o de bloquear o X em um pa\u00eds com mais de 200 milh\u00f5es de habitantes \u00e9 um ato antidemocr\u00e1tico que compromete a liberdade de express\u00e3o.<\/p>\n<p>Mesmo com a restaura\u00e7\u00e3o tempor\u00e1ria, usu\u00e1rios brasileiros que tentarem acessar o X podem enfrentar san\u00e7\u00f5es financeiras de acordo com as pol\u00edticas estabelecidas por Moraes. Muitos cidad\u00e3os t\u00eam recorrido a VPNs para acessar a plataforma, contornando o bloqueio.<\/p>\n<p>A quest\u00e3o da liberdade de express\u00e3o digital no Brasil ganhou destaque global, com v\u00e1rios governos e entidades manifestando preocupa\u00e7\u00f5es sobre o impacto da decis\u00e3o no cen\u00e1rio democr\u00e1tico do pa\u00eds. O bloqueio do X \u00e9 visto por muitos como um sinal alarmante de autoritarismo digital. Nos Estados Unidos, o governo Biden emitiu uma rara cr\u00edtica ao Brasil, defendendo o direito dos cidad\u00e3os ao acesso livre \u00e0s redes sociais como uma forma fundamental de liberdade de express\u00e3o.<\/p>\n<h3 class=\"wp-block-heading\">Consequ\u00eancias do Bloqueio<\/h3>\n<p>A remo\u00e7\u00e3o dos representantes da empresa do pa\u00eds ap\u00f3s a amea\u00e7a de pris\u00e3o de Moraes, somada \u00e0 a\u00e7\u00e3o judicial contra a plataforma, indica um conflito ainda sem solu\u00e7\u00e3o. Al\u00e9m disso, a mudan\u00e7a de provedores de rede mostra a determina\u00e7\u00e3o da X em continuar fornecendo seus servi\u00e7os no Brasil, mesmo diante das adversidades.<\/p>\n<p>Com a expectativa de que a plataforma se torne novamente inacess\u00edvel, a situa\u00e7\u00e3o permanece incerta. O X continua a trabalhar para retomar plenamente seu servi\u00e7o e restaurar o acesso dos usu\u00e1rios brasileiros, mas a continuidade das negocia\u00e7\u00f5es com o governo brasileiro ser\u00e1 essencial para determinar o futuro da plataforma no pa\u00eds.<\/p>\n<p>Enquanto a plataforma X enfrenta os desafios impostos pelo governo brasileiro, a restaura\u00e7\u00e3o tempor\u00e1ria serve como um sinal de que a empresa n\u00e3o abandonar\u00e1 seus usu\u00e1rios t\u00e3o facilmente. O esfor\u00e7o cont\u00ednuo para contornar as barreiras impostas destaca o papel crucial da liberdade de express\u00e3o nas redes sociais e os desafios que as plataformas enfrentam ao equilibrar as demandas regulat\u00f3rias com os princ\u00edpios democr\u00e1ticos.<\/p>\n<p>Com o desenrolar dos eventos, o Brasil poder\u00e1 se encontrar no centro de um debate global sobre censura, liberdade de express\u00e3o e governan\u00e7a digital.<\/p>\n<p><strong><a href=\"https:\/\/x.com\/GlobalAffairs\">Source link<\/a><\/strong><\/p>\n<\/div>\n<p><script async src=\"\/\/platform.twitter.com\/widgets.js\" charset=\"utf-8\"><\/script><br \/>\n<br \/><br \/>\n<br \/><a href=\"https:\/\/paulofigueiredoshow.com\/plataforma-x-retoma-temporariamente-no-brasil-apos-mudanca-de-provedor-mas-bloqueio-devera-retornar\/\">Source link <\/a><\/p>","protected":false},"excerpt":{"rendered":"<p>Em um comunicado divulgado pela Global Government Affairs da plataforma X (antigo Twitter), a empresa explicou a recente restaura\u00e7\u00e3o tempor\u00e1ria de seus servi\u00e7os no Brasil. Segundo a equipe, a interrup\u00e7\u00e3o&hellip;<\/p>","protected":false},"author":1,"featured_media":39135,"comment_status":"closed","ping_status":"open","sticky":false,"template":"","format":"standard","meta":{"content-type":"","footnotes":""},"categories":[16],"tags":[123,8013,20996,425,871,20997,4188],"class_list":["post-39134","post","type-post","status-publish","format-standard","has-post-thumbnail","hentry","category-noticias","tag-brasil","tag-comunicado","tag-global-government-affairs","tag-moraes","tag-stf","tag-temporario","tag-x"],"_links":{"self":[{"href":"https:\/\/tvbrazilusa.com\/pt\/wp-json\/wp\/v2\/posts\/39134","targetHints":{"allow":["GET"]}}],"collection":[{"href":"https:\/\/tvbrazilusa.com\/pt\/wp-json\/wp\/v2\/posts"}],"about":[{"href":"https:\/\/tvbrazilusa.com\/pt\/wp-json\/wp\/v2\/types\/post"}],"author":[{"embeddable":true,"href":"https:\/\/tvbrazilusa.com\/pt\/wp-json\/wp\/v2\/users\/1"}],"replies":[{"embeddable":true,"href":"https:\/\/tvbrazilusa.com\/pt\/wp-json\/wp\/v2\/comments?post=39134"}],"version-history":[{"count":1,"href":"https:\/\/tvbrazilusa.com\/pt\/wp-json\/wp\/v2\/posts\/39134\/revisions"}],"predecessor-version":[{"id":39136,"href":"https:\/\/tvbrazilusa.com\/pt\/wp-json\/wp\/v2\/posts\/39134\/revisions\/39136"}],"wp:featuredmedia":[{"embeddable":true,"href":"https:\/\/tvbrazilusa.com\/pt\/wp-json\/wp\/v2\/media\/39135"}],"wp:attachment":[{"href":"https:\/\/tvbrazilusa.com\/pt\/wp-json\/wp\/v2\/media?parent=39134"}],"wp:term":[{"taxonomy":"category","embeddable":true,"href":"https:\/\/tvbrazilusa.com\/pt\/wp-json\/wp\/v2\/categories?post=39134"},{"taxonomy":"post_tag","embeddable":true,"href":"https:\/\/tvbrazilusa.com\/pt\/wp-json\/wp\/v2\/tags?post=39134"}],"curies":[{"name":"wp","href":"https:\/\/api.w.org\/{rel}","templated":true}]}}