{"id":39168,"date":"2024-09-19T09:57:53","date_gmt":"2024-09-19T09:57:53","guid":{"rendered":"https:\/\/tvbrazilusa.com\/2024\/09\/19\/procurador-chavista-da-venezuela-tramita-pedido-de-mandado-de-prisao-contra-milei\/"},"modified":"2024-09-19T09:57:55","modified_gmt":"2024-09-19T09:57:55","slug":"procurador-chavista-da-venezuela-tramita-pedido-de-mandado-de-prisao-contra-milei","status":"publish","type":"post","link":"https:\/\/tvbrazilusa.com\/pt\/2024\/09\/19\/procurador-chavista-da-venezuela-tramita-pedido-de-mandado-de-prisao-contra-milei\/","title":{"rendered":"Procurador chavista da Venezuela tramita pedido de mandado de pris\u00e3o contra Milei"},"content":{"rendered":"<p> <script async src=\"https:\/\/pagead2.googlesyndication.com\/pagead\/js\/adsbygoogle.js?client=ca-pub-8864793242727901\"\r\n     crossorigin=\"anonymous\"><\/script><br \/>\n<\/p>\n<div id=\"taboola-read-more\" style=\"display:block; width:100%\">\n<p>O Minist\u00e9rio P\u00fablico da Venezuela, controlado pelo chavismo, est\u00e1 tramitando um pedido de mandado de pris\u00e3o contra o presidente da Argentina, Javier Milei pelo que considera como \u201croubo\u201d de um avi\u00e3o venezuelano-iraniano que ficou retido em Buenos Aires desde junho de 2022 at\u00e9 fevereiro deste ano, quando foi enviado aos Estados Unidos.<\/p>\n<p>O avi\u00e3o, um Boeing 747, havia sido transferido da Mahan Air, empresa sancionada pelos EUA, para a Emtrasur, uma empresa estatal venezuelana. A Mahan Air est\u00e1 sob san\u00e7\u00e3o americana por ter sido acusada de prestar apoio \u00e0 Guarda Revolucion\u00e1ria Isl\u00e2mica do Ir\u00e3.<\/p>\n<p>O an\u00fancio foi feito nesta quarta-feira (18) pelo procurador-geral chavista da Venezuela, Tarek William Saab.<\/p>\n<p>De acordo com ele, foram designados &#8220;dois promotores especializados no assunto, que est\u00e3o realizando os procedimentos relevantes no caso e est\u00e3o tramitando o mandado de pris\u00e3o\u201d, que se estende contra a secret\u00e1ria-geral da Presid\u00eancia da Argentina e irm\u00e3 do presidente, Karina Milei, e a ministra da Seguran\u00e7a, Patricia Bullrich.<\/p>\n<p>\u201cIsso, nas pr\u00f3ximas horas, ter\u00e1 suas consequ\u00eancias em um tribunal competente aqui na Venezuela, com os respectivos mandados de pris\u00e3o nos respectivos \u00f3rg\u00e3os competentes, porque n\u00e3o pode ficar impune\u201d, disse Saab.<\/p>\n<p>Ele afirmou que, no caso do avi\u00e3o, que foi \u201ctotalmente desmontado\u201d nos Estados Unidos, os crimes de \u201croubo agravado, lavagem de dinheiro, priva\u00e7\u00e3o ileg\u00edtima da liberdade, simula\u00e7\u00e3o de um ato pun\u00edvel, interfer\u00eancia ilegal, inutiliza\u00e7\u00e3o da aeronave e associa\u00e7\u00e3o criminosa\u201d foram cometidos de acordo com a lei venezuelana.<\/p>\n<p>Al\u00e9m disso, Saab informou a nomea\u00e7\u00e3o de um \u201cpromotor especializado na prote\u00e7\u00e3o dos direitos humanos para realizar as investiga\u00e7\u00f5es correspondentes\u201d contra Milei e Bullrich pelos \u201catos cometidos contra o povo argentino\u201d.<\/p>\n<p>\u201cPoder\u00edamos estar diante de graves viola\u00e7\u00f5es de direitos humanos que poderiam constituir crimes contra a humanidade\u201d, disse.<\/p>\n<p>O procurador, que chamou Milei de \u201cfascista\u201d e \u201cneonazista\u201d, tamb\u00e9m alegou que na Argentina est\u00e1 sendo aplicado um \u201cprograma premeditado de viol\u00eancia institucional\u201d contra sua popula\u00e7\u00e3o e que o presidente do pa\u00eds \u00e9 \u201co mais feroz violador dos direitos humanos do continente\u201d e \u201cum perigo brutal para todo o hemisf\u00e9rio\u201d.<\/p>\n<p>Neste m\u00eas, o Minist\u00e9rio das Rela\u00e7\u00f5es Exteriores da Argentina pediu ao Tribunal Penal Internacional (TPI) que solicite ordens de pris\u00e3o contra o ditador venezuelano, Nicol\u00e1s Maduro, e outros l\u00edderes do regime, devido ao agravamento da situa\u00e7\u00e3o na Venezuela ap\u00f3s as elei\u00e7\u00f5es fraudadas realizadas no pa\u00eds em 28 de julho, onde o Conselho Nacional Eleitoral chavista elegeu Maduro &#8211; um resultado que tamb\u00e9m \u00e9 considerado fraudulento pela oposi\u00e7\u00e3o e alguns pa\u00edses, como os EUA.<\/p>\n<p>Fonte: Gazeta do Povo<\/p>\n<\/p><\/div>\n<p><br \/>\n<br \/><a href=\"https:\/\/diariodobrasilnoticias.com.br\/noticia\/procurador-chavista-da-venezuela-tramita-pedido-de-mandado-de-prisao-contra-milei-66ebf4c07e8d5\">Source link <\/a><\/p>","protected":false},"excerpt":{"rendered":"<p>O Minist\u00e9rio P\u00fablico da Venezuela, controlado pelo chavismo, est\u00e1 tramitando um pedido de mandado de pris\u00e3o contra o presidente da Argentina, Javier Milei pelo que considera como \u201croubo\u201d de um&hellip;<\/p>","protected":false},"author":1,"featured_media":39169,"comment_status":"closed","ping_status":"open","sticky":false,"template":"","format":"standard","meta":{"content-type":"","footnotes":""},"categories":[16],"tags":[123,2448,5313,1267],"class_list":["post-39168","post","type-post","status-publish","format-standard","has-post-thumbnail","hentry","category-noticias","tag-brasil","tag-diario","tag-noticia","tag-noticias"],"_links":{"self":[{"href":"https:\/\/tvbrazilusa.com\/pt\/wp-json\/wp\/v2\/posts\/39168","targetHints":{"allow":["GET"]}}],"collection":[{"href":"https:\/\/tvbrazilusa.com\/pt\/wp-json\/wp\/v2\/posts"}],"about":[{"href":"https:\/\/tvbrazilusa.com\/pt\/wp-json\/wp\/v2\/types\/post"}],"author":[{"embeddable":true,"href":"https:\/\/tvbrazilusa.com\/pt\/wp-json\/wp\/v2\/users\/1"}],"replies":[{"embeddable":true,"href":"https:\/\/tvbrazilusa.com\/pt\/wp-json\/wp\/v2\/comments?post=39168"}],"version-history":[{"count":1,"href":"https:\/\/tvbrazilusa.com\/pt\/wp-json\/wp\/v2\/posts\/39168\/revisions"}],"predecessor-version":[{"id":39170,"href":"https:\/\/tvbrazilusa.com\/pt\/wp-json\/wp\/v2\/posts\/39168\/revisions\/39170"}],"wp:featuredmedia":[{"embeddable":true,"href":"https:\/\/tvbrazilusa.com\/pt\/wp-json\/wp\/v2\/media\/39169"}],"wp:attachment":[{"href":"https:\/\/tvbrazilusa.com\/pt\/wp-json\/wp\/v2\/media?parent=39168"}],"wp:term":[{"taxonomy":"category","embeddable":true,"href":"https:\/\/tvbrazilusa.com\/pt\/wp-json\/wp\/v2\/categories?post=39168"},{"taxonomy":"post_tag","embeddable":true,"href":"https:\/\/tvbrazilusa.com\/pt\/wp-json\/wp\/v2\/tags?post=39168"}],"curies":[{"name":"wp","href":"https:\/\/api.w.org\/{rel}","templated":true}]}}