{"id":39174,"date":"2024-09-19T10:28:20","date_gmt":"2024-09-19T10:28:20","guid":{"rendered":"https:\/\/tvbrazilusa.com\/2024\/09\/19\/misterio-descubra-o-que-os-psicologos-dizem-sobre-a-personalidade-de-quem-se-veste-sempre-de-preto\/"},"modified":"2024-09-19T10:28:20","modified_gmt":"2024-09-19T10:28:20","slug":"misterio-descubra-o-que-os-psicologos-dizem-sobre-a-personalidade-de-quem-se-veste-sempre-de-preto","status":"publish","type":"post","link":"https:\/\/tvbrazilusa.com\/pt\/2024\/09\/19\/misterio-descubra-o-que-os-psicologos-dizem-sobre-a-personalidade-de-quem-se-veste-sempre-de-preto\/","title":{"rendered":"MIST\u00c9RIO: Descubra o que os psic\u00f3logos dizem sobre a personalidade de quem se veste sempre de preto"},"content":{"rendered":"<p> <script async src=\"https:\/\/pagead2.googlesyndication.com\/pagead\/js\/adsbygoogle.js?client=ca-pub-8864793242727901\"\r\n     crossorigin=\"anonymous\"><\/script><br \/>\n<\/p>\n<div id=\"taboola-read-more\" style=\"display:block; width:100%\">\n<p>O preto \u00e9 uma cor amplamente apreciada no mundo da moda, conhecida por sua eleg\u00e2ncia e sofistica\u00e7\u00e3o. Segundo a revista \u2018WebMD\u2019, a psicologia das cores conecta as tonalidades com emo\u00e7\u00f5es e comportamentos, oferecendo informa\u00e7\u00f5es valiosas sobre as prefer\u00eancias pessoais de quem que se veste sempre de preto.<\/p>\n<p>Sendo assim, o uso constante do preto pode revelar aspectos fascinantes da personalidade de quem o adota.<\/p>\n<p>O que o uso frequente de pessoas que se veste sempre de preto revela sobre sua personalidade<br \/>A psic\u00f3loga Lara Ferreiro, em entrevista ao ABC, explica que o preto pode simbolizar for\u00e7a e seriedade. Sua versatilidade e facilidade de combina\u00e7\u00e3o s\u00e3o raz\u00f5es pelas quais \u00e9 uma cor t\u00e3o popular.<\/p>\n<p>Ferreiro acrescenta que o preto pode transmitir uma sensa\u00e7\u00e3o de paz para muitos, influenciando a percep\u00e7\u00e3o que os outros t\u00eam de quem o usa.<\/p>\n<p><strong>Aspectos da personalidade associados ao preto<\/strong><br \/>Especialistas sugerem que, quem se veste sempre de preto, pode possuir diversas caracter\u00edsticas da personalidade. Pessoas que optam pelo preto podem preferir n\u00e3o chamar aten\u00e7\u00e3o, o que pode estar relacionado \u00e0 introvers\u00e3o ou a inseguran\u00e7as f\u00edsicas.<\/p>\n<p>O preto \u00e9 frequentemente associado a uma imagem de eleg\u00e2ncia, mist\u00e9rio e criatividade. Tamb\u00e9m pode transmitir uma sensa\u00e7\u00e3o de intimida\u00e7\u00e3o e poder, refletindo individualismo.<\/p>\n<p>Al\u00e9m disso, o preto pode evocar sentimentos de melancolia e nostalgia, enquanto oferece uma sensa\u00e7\u00e3o de prote\u00e7\u00e3o e seguran\u00e7a. Em resumo, quem usa roupas pretas com frequ\u00eancia tende a transmitir confian\u00e7a e uma identidade pessoal forte.<\/p>\n<p>Fonte: nd+<\/p>\n<\/p><\/div>\n<p><br \/>\n<br \/><a href=\"https:\/\/diariodobrasilnoticias.com.br\/noticia\/misterio-descubra-o-que-os-psicologos-dizem-sobre-a-personalidade-de-quem-se-veste-sempre-de-preto-66ebf88b1e2a8\">Source link <\/a><\/p>","protected":false},"excerpt":{"rendered":"<p>O preto \u00e9 uma cor amplamente apreciada no mundo da moda, conhecida por sua eleg\u00e2ncia e sofistica\u00e7\u00e3o. Segundo a revista \u2018WebMD\u2019, a psicologia das cores conecta as tonalidades com emo\u00e7\u00f5es&hellip;<\/p>","protected":false},"author":1,"featured_media":39175,"comment_status":"closed","ping_status":"open","sticky":false,"template":"","format":"standard","meta":{"content-type":"","footnotes":""},"categories":[16],"tags":[123,2448,5313,1267],"class_list":["post-39174","post","type-post","status-publish","format-standard","has-post-thumbnail","hentry","category-noticias","tag-brasil","tag-diario","tag-noticia","tag-noticias"],"_links":{"self":[{"href":"https:\/\/tvbrazilusa.com\/pt\/wp-json\/wp\/v2\/posts\/39174","targetHints":{"allow":["GET"]}}],"collection":[{"href":"https:\/\/tvbrazilusa.com\/pt\/wp-json\/wp\/v2\/posts"}],"about":[{"href":"https:\/\/tvbrazilusa.com\/pt\/wp-json\/wp\/v2\/types\/post"}],"author":[{"embeddable":true,"href":"https:\/\/tvbrazilusa.com\/pt\/wp-json\/wp\/v2\/users\/1"}],"replies":[{"embeddable":true,"href":"https:\/\/tvbrazilusa.com\/pt\/wp-json\/wp\/v2\/comments?post=39174"}],"version-history":[{"count":1,"href":"https:\/\/tvbrazilusa.com\/pt\/wp-json\/wp\/v2\/posts\/39174\/revisions"}],"predecessor-version":[{"id":39176,"href":"https:\/\/tvbrazilusa.com\/pt\/wp-json\/wp\/v2\/posts\/39174\/revisions\/39176"}],"wp:featuredmedia":[{"embeddable":true,"href":"https:\/\/tvbrazilusa.com\/pt\/wp-json\/wp\/v2\/media\/39175"}],"wp:attachment":[{"href":"https:\/\/tvbrazilusa.com\/pt\/wp-json\/wp\/v2\/media?parent=39174"}],"wp:term":[{"taxonomy":"category","embeddable":true,"href":"https:\/\/tvbrazilusa.com\/pt\/wp-json\/wp\/v2\/categories?post=39174"},{"taxonomy":"post_tag","embeddable":true,"href":"https:\/\/tvbrazilusa.com\/pt\/wp-json\/wp\/v2\/tags?post=39174"}],"curies":[{"name":"wp","href":"https:\/\/api.w.org\/{rel}","templated":true}]}}