{"id":39189,"date":"2024-09-19T11:30:44","date_gmt":"2024-09-19T11:30:44","guid":{"rendered":"https:\/\/tvbrazilusa.com\/2024\/09\/19\/diabetes-tipo-2-saiba-como-sua-voz-pode-indicar-a-presenca-da-doenca\/"},"modified":"2024-09-19T11:30:45","modified_gmt":"2024-09-19T11:30:45","slug":"diabetes-tipo-2-saiba-como-sua-voz-pode-indicar-a-presenca-da-doenca","status":"publish","type":"post","link":"https:\/\/tvbrazilusa.com\/pt\/2024\/09\/19\/diabetes-tipo-2-saiba-como-sua-voz-pode-indicar-a-presenca-da-doenca\/","title":{"rendered":"Diabetes tipo 2: saiba como sua voz pode indicar a presen\u00e7a da doen\u00e7a"},"content":{"rendered":"<p> <script async src=\"https:\/\/pagead2.googlesyndication.com\/pagead\/js\/adsbygoogle.js?client=ca-pub-8864793242727901\"\r\n     crossorigin=\"anonymous\"><\/script><br \/>\n<\/p>\n<div id=\"taboola-read-more\" style=\"display:block; width:100%\">\n<p data-fetch=\"true\">Cientistas descobriram que pode haver uma conex\u00e3o entre o tom de voz e os n\u00edveis de a\u00e7\u00facar no sangue. Os especialistas acreditam que em breve ser\u00e1 poss\u00edvel diagnosticar o diabete tipo 2\u00a0 at\u00e9 pelo\u00a0<a href=\"https:\/\/ndmais.com.br\/saude\/veja-a-lista-dos-celulares-mais-radioativos-do-mercado-e-se-o-seu-e-um-deles\/\">telefone<\/a>, atrav\u00e9s de um aplicativo.<\/p>\n<p><strong>\u00c9 poss\u00edvel saber se tenho diabete tipo 2 pela voz?<\/strong><br \/>Cientistas canadenses publicaram na revista cient\u00edfica Nature que o tom de voz e os n\u00edveis de a\u00e7\u00facar no sangue est\u00e3o relacionados, podendo ser uma nova forma de monitora\u00e7\u00e3o do diabete tipo 2 menos invasiva.<\/p>\n<p>Segundo o estudo, \u00e0 medida que os n\u00edveis de glicose no sangue aumentam, a frequ\u00eancia principal da voz tamb\u00e9m cresce. O tom de voz fica um pouco mais alto, cerca de 0,02 Hz para cada aumento de mg\/dL de a\u00e7\u00facar no sangue, eleva\u00e7\u00e3o que passa despercebido ao ouvido humano.<\/p>\n<p>Entretanto, smartphones equipados com um aplicativo que amplia os sons pode notar a diferen\u00e7a no tom de voz. Os cientistas afirmam que 6 a 10 segundos de \u00e1udio s\u00e3o suficientes para diagnosticar o aumento da glicemia com certa precis\u00e3o.<\/p>\n<p>\u201cAo estabelecer uma associa\u00e7\u00e3o entre os n\u00edveis de glicose e a frequ\u00eancia fundamental da voz, nosso estudo fornece uma base s\u00f3lida para futuras pesquisas para prever e monitorar os n\u00edveis de glicose\u201d, comenta Jaycee Kaufman, cientista do Klick Labs, em Toronto.<\/p>\n<p>\u201cEmbora os m\u00e9todos atuais de monitoriza\u00e7\u00e3o do diabetes sejam muitas vezes invasivos e desconfort\u00e1veis, a medi\u00e7\u00e3o baseada na voz pode ser t\u00e3o f\u00e1cil quanto falar ao telefone. Uma verdadeira revolu\u00e7\u00e3o para os estimados 463 milh\u00f5es de pessoas em todo o mundo que convivem com o diabete tipo 2\u201d, finaliza o especialista.<\/p>\n<p>\u00a0<\/p>\n<p>Fonte: nd+<\/p>\n<\/p><\/div>\n<p><br \/>\n<br \/><a href=\"https:\/\/diariodobrasilnoticias.com.br\/noticia\/diabetes-tipo-2-saiba-como-sua-voz-pode-indicar-a-presenca-da-doenca-66ebffc15eeda\">Source link <\/a><\/p>","protected":false},"excerpt":{"rendered":"<p>Cientistas descobriram que pode haver uma conex\u00e3o entre o tom de voz e os n\u00edveis de a\u00e7\u00facar no sangue. Os especialistas acreditam que em breve ser\u00e1 poss\u00edvel diagnosticar o diabete&hellip;<\/p>","protected":false},"author":1,"featured_media":39190,"comment_status":"closed","ping_status":"open","sticky":false,"template":"","format":"standard","meta":{"content-type":"","footnotes":""},"categories":[16],"tags":[123,2448,5313,1267],"class_list":["post-39189","post","type-post","status-publish","format-standard","has-post-thumbnail","hentry","category-noticias","tag-brasil","tag-diario","tag-noticia","tag-noticias"],"_links":{"self":[{"href":"https:\/\/tvbrazilusa.com\/pt\/wp-json\/wp\/v2\/posts\/39189","targetHints":{"allow":["GET"]}}],"collection":[{"href":"https:\/\/tvbrazilusa.com\/pt\/wp-json\/wp\/v2\/posts"}],"about":[{"href":"https:\/\/tvbrazilusa.com\/pt\/wp-json\/wp\/v2\/types\/post"}],"author":[{"embeddable":true,"href":"https:\/\/tvbrazilusa.com\/pt\/wp-json\/wp\/v2\/users\/1"}],"replies":[{"embeddable":true,"href":"https:\/\/tvbrazilusa.com\/pt\/wp-json\/wp\/v2\/comments?post=39189"}],"version-history":[{"count":1,"href":"https:\/\/tvbrazilusa.com\/pt\/wp-json\/wp\/v2\/posts\/39189\/revisions"}],"predecessor-version":[{"id":39191,"href":"https:\/\/tvbrazilusa.com\/pt\/wp-json\/wp\/v2\/posts\/39189\/revisions\/39191"}],"wp:featuredmedia":[{"embeddable":true,"href":"https:\/\/tvbrazilusa.com\/pt\/wp-json\/wp\/v2\/media\/39190"}],"wp:attachment":[{"href":"https:\/\/tvbrazilusa.com\/pt\/wp-json\/wp\/v2\/media?parent=39189"}],"wp:term":[{"taxonomy":"category","embeddable":true,"href":"https:\/\/tvbrazilusa.com\/pt\/wp-json\/wp\/v2\/categories?post=39189"},{"taxonomy":"post_tag","embeddable":true,"href":"https:\/\/tvbrazilusa.com\/pt\/wp-json\/wp\/v2\/tags?post=39189"}],"curies":[{"name":"wp","href":"https:\/\/api.w.org\/{rel}","templated":true}]}}