{"id":39203,"date":"2024-09-19T12:21:10","date_gmt":"2024-09-19T12:21:10","guid":{"rendered":"https:\/\/tvbrazilusa.com\/2024\/09\/19\/medicamento-que-voce-usa-para-dormir-pode-estar-relacionado-ao-desenvolvimento-de-alzheimer-entenda\/"},"modified":"2024-09-19T12:21:11","modified_gmt":"2024-09-19T12:21:11","slug":"medicamento-que-voce-usa-para-dormir-pode-estar-relacionado-ao-desenvolvimento-de-alzheimer-entenda","status":"publish","type":"post","link":"https:\/\/tvbrazilusa.com\/pt\/2024\/09\/19\/medicamento-que-voce-usa-para-dormir-pode-estar-relacionado-ao-desenvolvimento-de-alzheimer-entenda\/","title":{"rendered":"Medicamento que voc\u00ea usa para dormir pode estar relacionado ao desenvolvimento de Alzheimer; ENTENDA"},"content":{"rendered":"<p> <script async src=\"https:\/\/pagead2.googlesyndication.com\/pagead\/js\/adsbygoogle.js?client=ca-pub-8864793242727901\"\r\n     crossorigin=\"anonymous\"><\/script><br \/>\n<\/p>\n<div id=\"taboola-read-more\" style=\"display:block; width:100%\">\n<p>A ci\u00eancia continua em uma busca constante para entender a doen\u00e7a de Alzheimer, e alguns avan\u00e7os, divulgados nos \u00faltimos tempos, j\u00e1 deixam pesquisadores mais perto de respostas. At\u00e9 o momento, \u00e9 aceito, na comunidade cient\u00edfica, que h\u00e1 uma rela\u00e7\u00e3o entre o sono e o agravamento desta doen\u00e7a. E agora, em um estudo mais recente, cientistas descobriram que rem\u00e9dios usados para dormir podem ter rela\u00e7\u00e3o com o Alzheimer.<\/p>\n<p><strong>Rela\u00e7\u00e3o do rem\u00e9dio para dormir com o Alzheimer<\/strong><\/p>\n<p>Segundo o Science Alert, que divulga publica\u00e7\u00f5es e descobertas do universo cient\u00edfico, um estudo realizado em 2023 descobriu que rem\u00e9dios utilizados para o sono reduzem o ac\u00famulo de uma subst\u00e2ncia t\u00f3xica que est\u00e1 no c\u00e9rebro.<\/p>\n<p>A pesquisa foi conduzida pela Universidade de Washington, em St. Louis, e utilizou como m\u00e9todo de hip\u00f3tese pessoas que tomaram o rem\u00e9dio Suvorexant, comum para tratar ins\u00f4nia. Pacientes que utilizaram o rem\u00e9dio apresentaram uma queda de prote\u00ednas que se acumulam na doen\u00e7a de Alzheimer.<\/p>\n<p>O estudo foi desenvolvido, inicialmente, com um grupo pequeno de pessoas saud\u00e1veis. O objetivo da pesquisa \u00e9 analisar sinais de alerta precoces do Alzheimer em pessoas com dist\u00farbios do sono. Geralmente, indiv\u00edduos que tem dificuldade para dormir acabam com a mem\u00f3ria prejudicada no dia seguinte, al\u00e9m de apresentar um decl\u00ednio cognitivo.<\/p>\n<p>Dessa forma, promover um sono de melhor qualidade poderia ser uma maneira de prevenir o Alzheimer, permitindo que o c\u00e9rebro se livre de subst\u00e2ncias t\u00f3xicas durante o sono mais profundo. No entanto, n\u00e3o \u00e9 indicado que as pessoas passem a tomar esse rem\u00e9dio todas as noites para evitar a doen\u00e7a. O estudo ainda precisa passar por diversas etapas at\u00e9, de fato, chegar a uma conclus\u00e3o para comunidade em geral.<\/p>\n<p><strong>O que \u00e9 o Alzheimer?<\/strong><br \/>Conforme o Minist\u00e9rio da Sa\u00fade, a doen\u00e7a de Alzheimer pode ser definida como um transtorno neurodegenerativo progressivo. A doen\u00e7a \u00e9 considerada fatal, pois assim que se manifesta ela passa a progredir e afetar a \u00e1rea cognitiva e a mem\u00f3ria do c\u00e9rebro, comprometendo significativamente a vida da pessoa acometida.<\/p>\n<p>O Alzheimer surge quando o processamento de determinadas prote\u00ednas do sistema nervoso central d\u00e3o errado. Assim, prote\u00ednas consideradas t\u00f3xicas aparecem dentro dos neur\u00f4nios, o que explica a perda de mem\u00f3ria, problemas na fala, racioc\u00ednio e at\u00e9 reconhecimento de est\u00edmulos sensoriais.<\/p>\n<p>Fonte: nsc total<\/p>\n<\/p><\/div>\n<p><br \/>\n<br \/><a href=\"https:\/\/diariodobrasilnoticias.com.br\/noticia\/medicamento-que-voce-usa-para-dormir-pode-estar-relacionado-ao-desenvolvimento-de-alzheimer-entenda-66ec11678b7e5\">Source link <\/a><\/p>","protected":false},"excerpt":{"rendered":"<p>A ci\u00eancia continua em uma busca constante para entender a doen\u00e7a de Alzheimer, e alguns avan\u00e7os, divulgados nos \u00faltimos tempos, j\u00e1 deixam pesquisadores mais perto de respostas. At\u00e9 o momento,&hellip;<\/p>","protected":false},"author":1,"featured_media":39204,"comment_status":"closed","ping_status":"open","sticky":false,"template":"","format":"standard","meta":{"content-type":"","footnotes":""},"categories":[16],"tags":[123,2448,5313,1267],"class_list":["post-39203","post","type-post","status-publish","format-standard","has-post-thumbnail","hentry","category-noticias","tag-brasil","tag-diario","tag-noticia","tag-noticias"],"_links":{"self":[{"href":"https:\/\/tvbrazilusa.com\/pt\/wp-json\/wp\/v2\/posts\/39203","targetHints":{"allow":["GET"]}}],"collection":[{"href":"https:\/\/tvbrazilusa.com\/pt\/wp-json\/wp\/v2\/posts"}],"about":[{"href":"https:\/\/tvbrazilusa.com\/pt\/wp-json\/wp\/v2\/types\/post"}],"author":[{"embeddable":true,"href":"https:\/\/tvbrazilusa.com\/pt\/wp-json\/wp\/v2\/users\/1"}],"replies":[{"embeddable":true,"href":"https:\/\/tvbrazilusa.com\/pt\/wp-json\/wp\/v2\/comments?post=39203"}],"version-history":[{"count":1,"href":"https:\/\/tvbrazilusa.com\/pt\/wp-json\/wp\/v2\/posts\/39203\/revisions"}],"predecessor-version":[{"id":39205,"href":"https:\/\/tvbrazilusa.com\/pt\/wp-json\/wp\/v2\/posts\/39203\/revisions\/39205"}],"wp:featuredmedia":[{"embeddable":true,"href":"https:\/\/tvbrazilusa.com\/pt\/wp-json\/wp\/v2\/media\/39204"}],"wp:attachment":[{"href":"https:\/\/tvbrazilusa.com\/pt\/wp-json\/wp\/v2\/media?parent=39203"}],"wp:term":[{"taxonomy":"category","embeddable":true,"href":"https:\/\/tvbrazilusa.com\/pt\/wp-json\/wp\/v2\/categories?post=39203"},{"taxonomy":"post_tag","embeddable":true,"href":"https:\/\/tvbrazilusa.com\/pt\/wp-json\/wp\/v2\/tags?post=39203"}],"curies":[{"name":"wp","href":"https:\/\/api.w.org\/{rel}","templated":true}]}}