{"id":39212,"date":"2024-09-19T12:32:20","date_gmt":"2024-09-19T12:32:20","guid":{"rendered":"https:\/\/tvbrazilusa.com\/2024\/09\/19\/israel-esta-se-preparando-para-uma-guerra-com-o-hezbollah\/"},"modified":"2024-09-19T12:39:23","modified_gmt":"2024-09-19T12:39:23","slug":"israel-esta-se-preparando-para-uma-guerra-com-o-hezbollah","status":"publish","type":"post","link":"https:\/\/tvbrazilusa.com\/pt\/2024\/09\/19\/israel-esta-se-preparando-para-uma-guerra-com-o-hezbollah\/","title":{"rendered":"Israel est\u00e1 se preparando para uma guerra com o Hezbollah?"},"content":{"rendered":"<p> <script async src=\"https:\/\/pagead2.googlesyndication.com\/pagead\/js\/adsbygoogle.js?client=ca-pub-8864793242727901\"\r\n     crossorigin=\"anonymous\"><\/script><br \/>\n<\/p>\n<div id=\"\">\n<header class=\"m-article-header m-article-header--standard\">\n\t\t\t\t\t\t\t\t\t\t\t\t<span id=\"article-header-primary-term\"><br \/>\n\t\t\t\t\t\t\t\t<a class=\"a-term a-term--primary\" href=\"https:\/\/www.boston.com\/tag\/world-news\/\"><\/p>\n<p>\t\t\t\t\t\t\t\tNot\u00edcias do mundo\t\t\t\t\t\t\t\t<\/a><br \/>\n\t\t\t\t\t\t\t<\/span><\/p>\n<h2 class=\"m-article-header__sub-headline\">\u00c0 medida que os combates em Gaza diminu\u00edram, Israel fortaleceu suas for\u00e7as ao longo da fronteira com o L\u00edbano, incluindo a chegada nesta semana de uma poderosa divis\u00e3o do ex\u00e9rcito que participou de alguns dos combates mais pesados \u200b\u200bem Gaza.<\/h2>\n<figure class=\"a-photo m-article-header__photo\"><figcaption class=\"a-photo__caption\">\n<p>\tCombatentes do Hezbollah fazem sauda\u00e7\u00e3o ao lado dos caix\u00f5es de quatro v\u00edtimas que foram mortas na ter\u00e7a-feira depois que seus pagers port\u00e1teis explodiram, durante o cortejo f\u00fanebre no sub\u00farbio ao sul de Beirute, L\u00edbano, quarta-feira, 18 de setembro de 2024. <em> Foto AP\/Bilal Hussein<\/em>\t<\/figcaption><\/figure>\n<div class=\"m-article-header__meta\">\n<div class=\"m-article-header__byline\">\n<p class=\"m-article-header__author\">\n<p>\t\t\t\t\t\t\t\tPor JULIA FRANKEL, Associated Press\t\t\t\t\t\t\t<\/p>\n<p>\t\t\t\t\t\t    \t\t\t\t\t\t\t<time class=\"m-article-header__date\"><\/p>\n<p>        \t\t\t\t\t\t\t19 de setembro de 2024 | 8h32    \t\t\t\t\t\t\t<\/time><\/p><\/div>\n<\/p><\/div>\n<\/header>\n<p>JERUSAL\u00c9M (AP) \u2014 Com o ministro da defesa de Israel anunciando uma &#8220;nova fase&#8221; da guerra e um aparente ataque israelense provocando explos\u00f5es em dispositivos eletr\u00f4nicos no L\u00edbano, o espectro de um combate total entre Israel e o Hezbollah parece mais pr\u00f3ximo do que nunca.<\/p>\n<p>As esperan\u00e7as de uma solu\u00e7\u00e3o diplom\u00e1tica para o conflito parecem estar desaparecendo rapidamente, \u00e0 medida que Israel sinaliza o desejo de mudar o status quo no norte do pa\u00eds, onde tem trocado tiros na fronteira com o Hezbollah desde que o grupo militante liban\u00eas come\u00e7ou a atacar em 8 de outubro, um dia ap\u00f3s o in\u00edcio da guerra pelo Hamas.<\/p>\n<p>Nos \u00faltimos dias, Israel enviou uma poderosa for\u00e7a de combate para a fronteira norte, autoridades intensificaram sua ret\u00f3rica e o Gabinete de Seguran\u00e7a do pa\u00eds designou o retorno de dezenas de milhares de moradores deslocados para suas casas no norte de Israel como uma meta oficial de guerra.<\/p>\n<p>Veja como Israel est\u00e1 se preparando para uma guerra com o L\u00edbano:<\/p>\n<h3 class=\"wp-block-heading\" id=\"h-troops-drawn-from-gaza-to-the-northern-border\">Tropas retiradas de Gaza para a fronteira norte<\/h3>\n<p>Embora os combates di\u00e1rios entre Israel e o Hezbollah tenham se intensificado em diversas ocasi\u00f5es, os inimigos ferozes t\u00eam sido cuidadosos para evitar uma guerra total.<\/p>\n<p>Isso parece estar mudando \u2014 especialmente depois que pagers, walkie-talkies e outros dispositivos <a href=\"https:\/\/apnews.com\/article\/lebanon-israel-hezbollah-pager-explosion-e9493409a0648b846fdcadffdb02d71e\">explodiu no L\u00edbano na ter\u00e7a e quarta-feira,<\/a> matando pelo menos 20 e ferindo milhares em um ataque sofisticado que o Hezbollah atribuiu a Israel.<\/p>\n<p>\u201cVoc\u00ea n\u00e3o faz algo assim, atinge milhares de pessoas e acha que a guerra n\u00e3o est\u00e1 chegando\u201d, disse o brigadeiro-general israelense aposentado Amir Avivi, que lidera o F\u00f3rum de Defesa e Seguran\u00e7a de Israel, um grupo de ex-comandantes militares belicosos. \u201cPor que n\u00e3o fizemos isso por 11 meses? Porque n\u00e3o est\u00e1vamos dispostos a ir para a guerra ainda. O que est\u00e1 acontecendo agora? Israel est\u00e1 pronto para a guerra.\u201d<\/p>\n<p>\u00c0 medida que os combates em Gaza diminu\u00edram, Israel fortaleceu suas for\u00e7as ao longo da fronteira com o L\u00edbano, incluindo a chegada nesta semana de uma poderosa divis\u00e3o do ex\u00e9rcito que participou de alguns dos combates mais pesados \u200b\u200bem Gaza.<\/p>\n<p>Acredita-se que a 98\u00aa Divis\u00e3o inclua milhares de tropas, incluindo unidades de infantaria paraquedista e artilharia e for\u00e7as de comando de elite especialmente treinadas para opera\u00e7\u00f5es atr\u00e1s das linhas inimigas. Sua implanta\u00e7\u00e3o foi confirmada por um oficial com conhecimento do assunto que falou sob condi\u00e7\u00e3o de anonimato para discutir os movimentos das tropas.<\/p>\n<p>A divis\u00e3o desempenhou um papel fundamental em Gaza, liderando as opera\u00e7\u00f5es do ex\u00e9rcito na <a href=\"https:\/\/apnews.com\/article\/israel-palestinians-hamas-war-news-08-09-2024-585d6a6e9dbe474083d3daec441e340c\">cidade do sul de Khan Younis<\/a>um reduto do Hamas. A ofensiva infligiu pesadas perdas aos combatentes e t\u00faneis do Hamas, mas tamb\u00e9m causou danos massivos, fez milhares de palestinos fugirem e resultou em dezenas de mortes de civis. Israel diz que o Hamas coloca civis em perigo ao se esconder em \u00e1reas residenciais.<\/p>\n<p>Os militares tamb\u00e9m disseram que realizaram uma s\u00e9rie de exerc\u00edcios nesta semana ao longo da fronteira.<\/p>\n<p>\u201cA miss\u00e3o \u00e9 clara\u201d, disse o Maj. Gen. Ori Gordin, que chefia o Comando Norte de Israel. \u201cEstamos determinados a mudar a realidade da seguran\u00e7a o mais r\u00e1pido poss\u00edvel.\u201d<\/p>\n<h3 class=\"wp-block-heading\" id=\"h-a-new-phase-of-war\">Uma &#8216;nova fase&#8217; de guerra<\/h3>\n<p>Os movimentos militares t\u00eam sido acompanhados por uma ret\u00f3rica intensificada dos l\u00edderes israelenses, que dizem que sua paci\u00eancia est\u00e1 se esgotando.<\/p>\n<p>O Ministro da Defesa Yoav Gallant declarou na quarta-feira \u00e0 noite o in\u00edcio de um \u201c <a href=\"https:\/\/apnews.com\/article\/lebanon-israel-exploding-pagers-hezbollah-syria-ce6af3c2e6de0a0dddfae48634278288\">nova fase\u201d da guerra<\/a> enquanto Israel volta seu foco para o Hezbollah. \u201cO centro de gravidade est\u00e1 mudando para o norte, desviando recursos e for\u00e7as\u201d, disse ele.<\/p>\n<p>Ele falou um dia depois que o Gabinete de Israel tornou p\u00fablico o retorno dos moradores deslocados para suas casas no norte de Israel. <a href=\"https:\/\/apnews.com\/article\/israel-palestinians-hamas-war-lebanon-39f6bdbacb2d4d0743f78a85bd138708\">um objetivo formal da guerra<\/a>. A mudan\u00e7a foi amplamente simb\u00f3lica \u2014 os l\u00edderes israelenses h\u00e1 muito prometeram trazer esses moradores para casa. Mas elevar o significado do objetivo sinalizou uma postura mais dura.<\/p>\n<p>Ap\u00f3s se reunir na quarta-feira com as principais autoridades de seguran\u00e7a, o primeiro-ministro Benjamin Netanyahu declarou: \u201cDevolveremos os moradores do norte em seguran\u00e7a \u00e0s suas casas\u201d.<\/p>\n<p>Netanyahu transmitiu uma mensagem igualmente dura com um importante enviado dos EUA \u00e0 regi\u00e3o esta semana para aliviar as tens\u00f5es.<\/p>\n<p>Uma autoridade com conhecimento do encontro disse \u00e0 Associated Press que o enviado, Amos Hochstein, disse a Netanyahu que intensificar o conflito com o Hezbollah n\u00e3o ajudaria a trazer os israelenses evacuados de volta para casa.<\/p>\n<p>Netanyahu, de acordo com uma declara\u00e7\u00e3o de seu gabinete, disse a Hochstein que os moradores n\u00e3o podem retornar sem \u201cuma mudan\u00e7a fundamental na situa\u00e7\u00e3o de seguran\u00e7a no norte\u201d. A declara\u00e7\u00e3o disse que, embora Netanyahu \u201caprecie e respeite\u201d o apoio dos EUA, Israel \u201cfar\u00e1 o que for necess\u00e1rio para salvaguardar sua seguran\u00e7a\u201d.<\/p>\n<h3 class=\"wp-block-heading\" id=\"h-is-war-inevitable\">A guerra \u00e9 inevit\u00e1vel?<\/h3>\n<p>A m\u00eddia israelense informou na quarta-feira que o governo ainda n\u00e3o decidiu se lan\u00e7ar\u00e1 uma grande ofensiva no L\u00edbano.<\/p>\n<p>Muito, ao que parece, depender\u00e1 da resposta do Hezbollah. O l\u00edder do grupo, Hassan Nasrallah, deve fazer um grande discurso na quinta-feira.<\/p>\n<p>Mas o sentimento p\u00fablico em Israel parece apoiar uma a\u00e7\u00e3o mais dura contra o Hezbollah.<\/p>\n<p>Uma pesquisa no final de agosto pelo Instituto de Democracia Israelense, um think tank de Jerusal\u00e9m, descobriu que 67% dos entrevistados judeus achavam que Israel deveria intensificar sua resposta ao Hezbollah. Isso inclui 46% dos entrevistados judeus que acreditavam que Israel deveria lan\u00e7ar uma ofensiva profunda atacando a infraestrutura libanesa, e 21% que buscam uma resposta intensificada que evite atacar a infraestrutura do Hezbollah.<\/p>\n<p>\u201cH\u00e1 muita press\u00e3o da sociedade para ir \u00e0 guerra e vencer\u201d, disse Avivi, o general aposentado. \u201cA menos que o Hezbollah diga amanh\u00e3 de manh\u00e3: &#8216;OK, recebemos a mensagem. Estamos nos retirando do sul do L\u00edbano&#8217;, a guerra \u00e9 iminente.\u201d<\/p>\n<p>Tal guerra certamente seria devastadora para ambos os lados.<\/p>\n<p>Mais de 500 pessoas j\u00e1 foram mortas no L\u00edbano por ataques israelenses desde 8 de outubro, a maioria delas combatentes do Hezbollah e outros grupos armados, mas tamb\u00e9m mais de 100 civis. No norte de Israel, pelo menos 23 soldados e 26 civis foram mortos por ataques do L\u00edbano.<\/p>\n<p>Israel infligiu danos pesados \u200b\u200bao L\u00edbano durante uma guerra de um m\u00eas contra o Hezbollah em 2006, que terminou em um impasse. L\u00edderes israelenses amea\u00e7aram a\u00e7\u00f5es ainda mais duras desta vez, prometendo repetir as cenas de destrui\u00e7\u00e3o de Gaza no L\u00edbano.<\/p>\n<p>Mas o Hezbollah tamb\u00e9m construiu suas capacidades desde 2006. O Hezbollah tem uma estimativa de 150.000 foguetes e m\u00edsseis, alguns dos quais se acredita terem sistemas de orienta\u00e7\u00e3o que podem amea\u00e7ar alvos sens\u00edveis em Israel. Ele tamb\u00e9m desenvolveu uma frota cada vez mais sofisticada de drones.<\/p>\n<p>Capaz de atingir todas as partes de Israel, o Hezbollah poderia paralisar a vida em Israel e fazer com que centenas de milhares de israelenses fugissem.<\/p>\n<p><em>A escritora da Associated Press, Natalie Melzer, em Jerusal\u00e9m, contribuiu para esta reportagem.<\/em><\/p>\n<div class=\"m-block m-generic-cta\t m-generic-cta--post-content\t m-generic-cta--dark\t m-generic-cta--homepage\t m-generic-cta--email-signup\t\t m-generic-cta-block-style--default \tt-amp__generic-cta\"><\/p>\n<div class=\"m-generic-cta__wrap\">\n<div class=\"m-generic-cta__content\">\n<h3 class=\"m-generic-cta__title\">Alertas de not\u00edcias extras<\/h3>\n<p class=\"m-generic-cta__subtitle\">Receba atualiza\u00e7\u00f5es de \u00faltima hora assim que elas acontecerem.<\/p>\n<\/p><\/div>\n<\/p><\/div>\n<\/div><\/div>\n<p><script>\n\t\tvar consent=\"grant\";\n\t\t\/* The above code is parsing the JSON data from the local storage and storing it in a variable. *\/\n\t\t\t\t\tconst onetrustStorageConsent = JSON.parse(localStorage.getItem( 'consent_one_trust_bdc' ) );\n\t\t\tif ( ( onetrustStorageConsent !== null ) ) {\n\t\t\t\t\/* Checking to see if the user has consented to the use of cookies.\n\t\t\t\t* If they have not, it is deleting the cookie.\n\t\t\t\t* This will comment for now, until further notice.\n\t\t\t\t*\/\n\t\t\t\t\/\/if ( onetrustStorageConsent.C0002 === false ) {\n\t\t\t\t\/\/\tdocument.cookie=\"_fbp=;expires=Thu, 01 Jan 2010 00:00:00 UTC; path=\/; domain=.boston.com\";\n\t\t\t\t\/\/}\n\t\t\t\t\/* Checking if the user has given consent for the cookie C0002.\n\t\t\t\t* If the user has given consent, the variable consent will be set to 'grant'.\n\t\t\t\t* If the user has not given consent,the variable consent will be set to 'revoke'.\n\t\t\t\t* Documentation https:\/\/developers.facebook.com\/docs\/meta-pixel\/implementation\/gdpr\n\t\t\t\t*\/\n\t\t\t\tif ( onetrustStorageConsent.C0002 !== true ) {\n\t\t\t\t\tconsent=\"revoke\";\n\t\t\t\t}\n\t\t\t}\n\t\t\t\t!function(f,b,e,v,n,t,s)\n\t\t{if(f.fbq)return;n=f.fbq=function(){n.callMethod?\n\t\tn.callMethod.apply(n,arguments):n.queue.push(arguments)};\n\t\tif(!f._fbq)f._fbq=n;n.push=n;n.loaded=!0;n.version='2.0';\n\t\tn.queue=[];t=b.createElement(e);t.async=!0;\n\t\tt.src=v;s=b.getElementsByTagName(e)[0];\n\t\ts.parentNode.insertBefore(t,s)}(window, document,'script',\n\t\t'https:\/\/connect.facebook.net\/en_US\/fbevents.js');\n\t\tfbq('consent', consent);\n\t\tfbq('init', '989222871864976');\n\t\tfbq('track', 'PageView');\n\t<\/script><script type=\"module\">\n\t\tvar consent=\"grant\";\n\t\t\/* The above code is parsing the JSON data from the local storage and storing it in a variable. *\/\n\t\t\tconst onetrustStorageConsent = JSON.parse(localStorage.getItem( 'consent_one_trust_bdc' ) );\n\t\t\t\/* Checking to see if the user has consented to the use of cookies.\n\t\t\t* If they have not, it is deleting the cookie.\n\t\t\t* This will comment for now, until further notice.\n\t\t\t*\/\n\t\t\t\/\/if ( onetrustStorageConsent.C0002 === false ) {\n\t\t\t\/\/\tdocument.cookie=\"_fbp=;expires=Thu, 01 Jan 2010 00:00:00 UTC; path=\/; domain=.boston.com\";\n\t\t\t\/\/}\n\t\t\t\/* Checking if the user has given consent for the cookie C0002.\n\t\t\t* If the user has given consent, the variable consent will be set to 'grant'.\n\t\t\t* If the user has not given consent,the variable consent will be set to 'revoke'.\n\t\t\t* Documentation https:\/\/developers.facebook.com\/docs\/meta-pixel\/implementation\/gdpr\n\t\t\t*\/\n\t\t\tif ( ( onetrustStorageConsent !== null ) && (onetrustStorageConsent.C0002 !== true ) ) {\n\t\t\t\tconsent=\"revoke\";\n\t\t\t}\n\t\t\t\t!function(f,b,e,v,n,t,s){if(f.fbq)return;n=f.fbq=function()\n\t\t{n.callMethod? n.callMethod.apply(n,arguments):n.queue.push(arguments)}\n\t\t;if(!f._fbq)f._fbq=n;\n\t\tn.push=n;n.loaded=!0;n.version='2.0';n.queue=[];t=b.createElement(e);t.async=!0;\n\t\tt.src=v;s=b.getElementsByTagName(e)[0];s.parentNode.insertBefore(t,s)}(window,\n\t\tdocument,'script','https:\/\/connect.facebook.net\/en_US\/fbevents.js');\n\t\tfbq('consent', consent);\n\t\tfbq('init', '813236348753005');\n\t\tfbq('track', \"PageView\");\n\t<\/script><br \/>\n<br \/><br \/>\n<br \/><a href=\"https:\/\/www.boston.com\/news\/world-news\/2024\/09\/19\/is-israel-preparing-for-a-war-with-hezbollah\/\">Source link <\/a><\/p>","protected":false},"excerpt":{"rendered":"<p>Not\u00edcias do mundo \u00c0 medida que os combates em Gaza diminu\u00edram, Israel fortaleceu suas for\u00e7as ao longo da fronteira com o L\u00edbano, incluindo a chegada nesta semana de uma poderosa&hellip;<\/p>","protected":false},"author":1,"featured_media":39213,"comment_status":"closed","ping_status":"open","sticky":false,"template":"","format":"standard","meta":{"content-type":"","footnotes":""},"categories":[1],"tags":[],"class_list":["post-39212","post","type-post","status-publish","format-standard","has-post-thumbnail","hentry","category-uncategorized"],"_links":{"self":[{"href":"https:\/\/tvbrazilusa.com\/pt\/wp-json\/wp\/v2\/posts\/39212","targetHints":{"allow":["GET"]}}],"collection":[{"href":"https:\/\/tvbrazilusa.com\/pt\/wp-json\/wp\/v2\/posts"}],"about":[{"href":"https:\/\/tvbrazilusa.com\/pt\/wp-json\/wp\/v2\/types\/post"}],"author":[{"embeddable":true,"href":"https:\/\/tvbrazilusa.com\/pt\/wp-json\/wp\/v2\/users\/1"}],"replies":[{"embeddable":true,"href":"https:\/\/tvbrazilusa.com\/pt\/wp-json\/wp\/v2\/comments?post=39212"}],"version-history":[{"count":1,"href":"https:\/\/tvbrazilusa.com\/pt\/wp-json\/wp\/v2\/posts\/39212\/revisions"}],"predecessor-version":[{"id":39214,"href":"https:\/\/tvbrazilusa.com\/pt\/wp-json\/wp\/v2\/posts\/39212\/revisions\/39214"}],"wp:featuredmedia":[{"embeddable":true,"href":"https:\/\/tvbrazilusa.com\/pt\/wp-json\/wp\/v2\/media\/39213"}],"wp:attachment":[{"href":"https:\/\/tvbrazilusa.com\/pt\/wp-json\/wp\/v2\/media?parent=39212"}],"wp:term":[{"taxonomy":"category","embeddable":true,"href":"https:\/\/tvbrazilusa.com\/pt\/wp-json\/wp\/v2\/categories?post=39212"},{"taxonomy":"post_tag","embeddable":true,"href":"https:\/\/tvbrazilusa.com\/pt\/wp-json\/wp\/v2\/tags?post=39212"}],"curies":[{"name":"wp","href":"https:\/\/api.w.org\/{rel}","templated":true}]}}