{"id":39221,"date":"2024-09-19T12:58:21","date_gmt":"2024-09-19T12:58:21","guid":{"rendered":"https:\/\/tvbrazilusa.com\/2024\/09\/19\/lula-diz-que-ninguem-faz-turismo-em-lugar-muito-pobre-so-politico-em-eleicao\/"},"modified":"2024-09-19T12:58:21","modified_gmt":"2024-09-19T12:58:21","slug":"lula-diz-que-ninguem-faz-turismo-em-lugar-muito-pobre-so-politico-em-eleicao","status":"publish","type":"post","link":"https:\/\/tvbrazilusa.com\/pt\/2024\/09\/19\/lula-diz-que-ninguem-faz-turismo-em-lugar-muito-pobre-so-politico-em-eleicao\/","title":{"rendered":"Lula diz que \u2018ningu\u00e9m faz turismo em lugar muito pobre, s\u00f3 pol\u00edtico em elei\u00e7\u00e3o\u2019"},"content":{"rendered":"<p> <script async src=\"https:\/\/pagead2.googlesyndication.com\/pagead\/js\/adsbygoogle.js?client=ca-pub-8864793242727901\"\r\n     crossorigin=\"anonymous\"><\/script><br \/>\n<\/p>\n<div id=\"taboola-read-more\" style=\"display:block; width:100%\">\n<p>O presidente Lula disse, nesta quarta-feira, 18, que \u201cningu\u00e9m faz turismo em lugar muito pobre, s\u00f3 pol\u00edtico em elei\u00e7\u00e3o\u201d. A declara\u00e7\u00e3o ocorreu durante seu discurso na cerim\u00f4nia de san\u00e7\u00e3o da Lei Geral do Turismo, realizada no Pal\u00e1cio do Planalto na tarde desta quarta-feira, 18.<\/p>\n<p>\u201cNingu\u00e9m quer fazer turismo para coisa ruim\u201d, afirmou Lula. \u201cNingu\u00e9m vai fazer turismo em lugar muito pobre: \u2018Ah, l\u00e1 \u00e9 muito pobre, tem muita gente passando fome\u2019. Ningu\u00e9m. A n\u00e3o ser alguns assistentes sociais, os caras do IBGE, agentes de sa\u00fade ou pol\u00edticos em \u00e9poca de elei\u00e7\u00e3o. A\u00ed a gente vai muito em lugar de pobre.\u201d<\/p>\n<p>Lula ainda disse que pol\u00edtico \u201cn\u00e3o vai em lugar de banqueiro\u201d durante campanha eleitoral, \u201cmas em lugar de pobre a gente vai muito\u201d. Nesse sentido, destacou que \u00e9 \u201cpreciso fazer turismo em coisas que s\u00e3o atrativas, em praias limpas\u201d.<\/p>\n<p><strong>Lula comete gafe ao confundir nome de Lira<\/strong><br \/>O chefe do Executivo tamb\u00e9m chegou a cometer uma gafe durante seu discurso, ao confundir o nome do presidente da C\u00e2mara dos Deputados, Arthur Lira (PP-AL), que participava da cerim\u00f4nia.<\/p>\n<p>\u201cVoc\u00ea disse uma coisa importante, presidente da C\u00e2mara \u2018Fernando\u2019 Lira, n\u00e3o adianta a gente fazer reservas em uma floresta qualquer e ficar s\u00f3 para os mosquitos e as cobras se enxergarem\u201d, disse Lula, ao estabelecer a import\u00e2ncia de se atrair turistas europeus para o Brasil.<\/p>\n<p>\u201c\u00c9 preciso que a gente crie condi\u00e7\u00f5es de que aquela reserva se torne uma \u00e1rea de visita\u00e7\u00e3o\u201d, afirmou Lula. \u201cVamos atrair aquelas pessoas l\u00e1 na Europa, no Ocidente, que dizem amar a Amaz\u00f4nia, para visitar o Brasil.\u201d<\/p>\n<p>\u201cMas tem que ter uma picada, uma estradazinha, um carro el\u00e9trico ou um carro a etanol, n\u00e3o precisa ser carro a combust\u00edvel f\u00f3ssil. Afinal de contas, n\u00e3o podemos nos esquecer que somos o maior produtor de combust\u00edvel alternativo do mundo\u201d, acrescentou.<\/p>\n<p>Fonte: Revista Oeste<\/p>\n<\/p><\/div>\n<p><br \/>\n<br \/><a href=\"https:\/\/diariodobrasilnoticias.com.br\/noticia\/lula-diz-que-ninguem-faz-turismo-em-lugar-muito-pobre-so-politico-em-eleicao-66ebfd51083b8\">Source link <\/a><\/p>","protected":false},"excerpt":{"rendered":"<p>O presidente Lula disse, nesta quarta-feira, 18, que \u201cningu\u00e9m faz turismo em lugar muito pobre, s\u00f3 pol\u00edtico em elei\u00e7\u00e3o\u201d. A declara\u00e7\u00e3o ocorreu durante seu discurso na cerim\u00f4nia de san\u00e7\u00e3o da&hellip;<\/p>","protected":false},"author":1,"featured_media":39222,"comment_status":"closed","ping_status":"open","sticky":false,"template":"","format":"standard","meta":{"content-type":"","footnotes":""},"categories":[16],"tags":[123,2448,5313,1267],"class_list":["post-39221","post","type-post","status-publish","format-standard","has-post-thumbnail","hentry","category-noticias","tag-brasil","tag-diario","tag-noticia","tag-noticias"],"_links":{"self":[{"href":"https:\/\/tvbrazilusa.com\/pt\/wp-json\/wp\/v2\/posts\/39221","targetHints":{"allow":["GET"]}}],"collection":[{"href":"https:\/\/tvbrazilusa.com\/pt\/wp-json\/wp\/v2\/posts"}],"about":[{"href":"https:\/\/tvbrazilusa.com\/pt\/wp-json\/wp\/v2\/types\/post"}],"author":[{"embeddable":true,"href":"https:\/\/tvbrazilusa.com\/pt\/wp-json\/wp\/v2\/users\/1"}],"replies":[{"embeddable":true,"href":"https:\/\/tvbrazilusa.com\/pt\/wp-json\/wp\/v2\/comments?post=39221"}],"version-history":[{"count":1,"href":"https:\/\/tvbrazilusa.com\/pt\/wp-json\/wp\/v2\/posts\/39221\/revisions"}],"predecessor-version":[{"id":39223,"href":"https:\/\/tvbrazilusa.com\/pt\/wp-json\/wp\/v2\/posts\/39221\/revisions\/39223"}],"wp:featuredmedia":[{"embeddable":true,"href":"https:\/\/tvbrazilusa.com\/pt\/wp-json\/wp\/v2\/media\/39222"}],"wp:attachment":[{"href":"https:\/\/tvbrazilusa.com\/pt\/wp-json\/wp\/v2\/media?parent=39221"}],"wp:term":[{"taxonomy":"category","embeddable":true,"href":"https:\/\/tvbrazilusa.com\/pt\/wp-json\/wp\/v2\/categories?post=39221"},{"taxonomy":"post_tag","embeddable":true,"href":"https:\/\/tvbrazilusa.com\/pt\/wp-json\/wp\/v2\/tags?post=39221"}],"curies":[{"name":"wp","href":"https:\/\/api.w.org\/{rel}","templated":true}]}}