{"id":39230,"date":"2024-09-19T13:16:51","date_gmt":"2024-09-19T13:16:51","guid":{"rendered":"https:\/\/tvbrazilusa.com\/2024\/09\/19\/queimadas-no-brasil-deputado-solicita-investigacao-da-ministra-marina-por-prevaricacao\/"},"modified":"2024-09-19T13:16:52","modified_gmt":"2024-09-19T13:16:52","slug":"queimadas-no-brasil-deputado-solicita-investigacao-da-ministra-marina-por-prevaricacao","status":"publish","type":"post","link":"https:\/\/tvbrazilusa.com\/pt\/2024\/09\/19\/queimadas-no-brasil-deputado-solicita-investigacao-da-ministra-marina-por-prevaricacao\/","title":{"rendered":"QUEIMADAS NO BRASIL: Deputado solicita investiga\u00e7\u00e3o da ministra Marina por prevarica\u00e7\u00e3o"},"content":{"rendered":"<p> <script async src=\"https:\/\/pagead2.googlesyndication.com\/pagead\/js\/adsbygoogle.js?client=ca-pub-8864793242727901\"\r\n     crossorigin=\"anonymous\"><\/script><br \/>\n<\/p>\n<div id=\"taboola-read-more\" style=\"display:block; width:100%\">\n<p>Deputado federal Ubiratan Sanderson (PL-RS) ingressou com uma representa\u00e7\u00e3o junto \u00e0 Procuradoria Geral da Rep\u00fablica (PGR) para que Paulo Gonet instaure investiga\u00e7\u00e3o para apurar a poss\u00edvel pr\u00e1tica de crime de prevarica\u00e7\u00e3o por parte da ministra do meio ambiente Marina Silva.<\/p>\n<p>Em of\u00edcio dirigido \u00e0 PGR, Sanderson solicitou a apura\u00e7\u00e3o de uma poss\u00edvel omiss\u00e3o da ministra do meio ambiente pela falta de medidas efetivas para se combater as crescentes queimadas que atingem o pa\u00eds.<\/p>\n<p>Segundo o deputado, entre os dias 12 e 13 de setembro de 2024, o Brasil concentrou 71,9% de todas as queimadas registradas na Am\u00e9rica do Sul. Com base em dados do sistema BDQueimadas, do Instituto Nacional de Pesquisas Espaciais (Inpe), foram registrados 7.322 focos de inc\u00eandio nas \u00faltimas 48 horas at\u00e9 a sexta-feira, 13.<\/p>\n<p>Ainda para Sanderson, considerando o acumulado do ano, o Brasil havia registrado 180.137 focos de inc\u00eandio em 2024.\u00a0<strong>Ou seja, 50,6% daquilo registrado em toda a Am\u00e9rica do Sul<\/strong>. O n\u00famero \u00e9 108% maior em rela\u00e7\u00e3o ao mesmo per\u00edodo de 2023, quando foram anotados 86.256 focos entre janeiro e 13 de setembro.<\/p>\n<p><em>\u201cAl\u00e9m das consequ\u00eancias para o meio ambiente, o grande volume de queimadas no pa\u00eds tem pressionado o sistema de sa\u00fade e causa muita preocupa\u00e7\u00e3o, principalmente envolvendo idosos e crian\u00e7as com problemas respirat\u00f3rios. Por causa dos inc\u00eandios, cidades em diversas partes do pa\u00eds foram atingidas por nuvens de fuma\u00e7a, o que prejudica sobremaneira a qualidade do ar\u201d<\/em>, afirma o parlamentar na representa\u00e7\u00e3o.<\/p>\n<p><em>\u201cTais fatos, em conjunto, al\u00e9m de revelarem a nocividade das severas queimadas que atingem o pa\u00eds, indicam uma poss\u00edvel conduta omissiva da ministra do Meio Ambiente e Mudan\u00e7a do Clima no sentido de n\u00e3o adotar, com efici\u00eancia, as medidas necess\u00e1rias para o enfrentamento \u00e0s queimadas, sobretudo quando comparado com as medidas que t\u00eam sido adotadas por outros pa\u00edses na mesma regi\u00e3o\u201d<\/em>, acrescentou ele.<\/p>\n<p>Fonte: O antagonista<\/p>\n<\/p><\/div>\n<p><br \/>\n<br \/><a href=\"https:\/\/diariodobrasilnoticias.com.br\/noticia\/queimadas-no-brasil-deputado-solicita-investigacao-da-ministra-marina-por-prevaricacao-66ebfe91d20b2\">Source link <\/a><\/p>","protected":false},"excerpt":{"rendered":"<p>Deputado federal Ubiratan Sanderson (PL-RS) ingressou com uma representa\u00e7\u00e3o junto \u00e0 Procuradoria Geral da Rep\u00fablica (PGR) para que Paulo Gonet instaure investiga\u00e7\u00e3o para apurar a poss\u00edvel pr\u00e1tica de crime de&hellip;<\/p>","protected":false},"author":1,"featured_media":39231,"comment_status":"closed","ping_status":"open","sticky":false,"template":"","format":"standard","meta":{"content-type":"","footnotes":""},"categories":[16],"tags":[123,2448,5313,1267],"class_list":["post-39230","post","type-post","status-publish","format-standard","has-post-thumbnail","hentry","category-noticias","tag-brasil","tag-diario","tag-noticia","tag-noticias"],"_links":{"self":[{"href":"https:\/\/tvbrazilusa.com\/pt\/wp-json\/wp\/v2\/posts\/39230","targetHints":{"allow":["GET"]}}],"collection":[{"href":"https:\/\/tvbrazilusa.com\/pt\/wp-json\/wp\/v2\/posts"}],"about":[{"href":"https:\/\/tvbrazilusa.com\/pt\/wp-json\/wp\/v2\/types\/post"}],"author":[{"embeddable":true,"href":"https:\/\/tvbrazilusa.com\/pt\/wp-json\/wp\/v2\/users\/1"}],"replies":[{"embeddable":true,"href":"https:\/\/tvbrazilusa.com\/pt\/wp-json\/wp\/v2\/comments?post=39230"}],"version-history":[{"count":1,"href":"https:\/\/tvbrazilusa.com\/pt\/wp-json\/wp\/v2\/posts\/39230\/revisions"}],"predecessor-version":[{"id":39232,"href":"https:\/\/tvbrazilusa.com\/pt\/wp-json\/wp\/v2\/posts\/39230\/revisions\/39232"}],"wp:featuredmedia":[{"embeddable":true,"href":"https:\/\/tvbrazilusa.com\/pt\/wp-json\/wp\/v2\/media\/39231"}],"wp:attachment":[{"href":"https:\/\/tvbrazilusa.com\/pt\/wp-json\/wp\/v2\/media?parent=39230"}],"wp:term":[{"taxonomy":"category","embeddable":true,"href":"https:\/\/tvbrazilusa.com\/pt\/wp-json\/wp\/v2\/categories?post=39230"},{"taxonomy":"post_tag","embeddable":true,"href":"https:\/\/tvbrazilusa.com\/pt\/wp-json\/wp\/v2\/tags?post=39230"}],"curies":[{"name":"wp","href":"https:\/\/api.w.org\/{rel}","templated":true}]}}