{"id":39236,"date":"2024-09-19T13:29:12","date_gmt":"2024-09-19T13:29:12","guid":{"rendered":"https:\/\/tvbrazilusa.com\/2024\/09\/19\/funcionario-da-drogasil-tem-surto-e-destroi-o-carro-de-um-cliente-com-uma-barra-de-ferro-veja-video\/"},"modified":"2024-09-19T13:29:13","modified_gmt":"2024-09-19T13:29:13","slug":"funcionario-da-drogasil-tem-surto-e-destroi-o-carro-de-um-cliente-com-uma-barra-de-ferro-veja-video","status":"publish","type":"post","link":"https:\/\/tvbrazilusa.com\/pt\/2024\/09\/19\/funcionario-da-drogasil-tem-surto-e-destroi-o-carro-de-um-cliente-com-uma-barra-de-ferro-veja-video\/","title":{"rendered":"Funcion\u00e1rio da Drogasil tem surto e destr\u00f3i o carro de um cliente com uma barra de ferro; VEJA V\u00cdDEO"},"content":{"rendered":"<p> <script async src=\"https:\/\/pagead2.googlesyndication.com\/pagead\/js\/adsbygoogle.js?client=ca-pub-8864793242727901\"\r\n     crossorigin=\"anonymous\"><\/script><br \/>\n<\/p>\n<div id=\"taboola-read-more\" style=\"display:block; width:100%\">\n<p>Um funcion\u00e1rio da Drogasil em Lauro de Freitas, na Regi\u00e3o Metropolitana de Salvador (RMS), entrou em surto enquanto trabalhava e destruiu um carro no estacionamento da farm\u00e1cia usando uma barra de ferro. O caso foi registrado na manh\u00e3 de segunda-feira (16). Ningu\u00e9m ficou ferido.<\/p>\n<p>A farm\u00e1cia \u00e9 localizada no bairro Buraquinho e, segundo a Pol\u00edcia Civil, o homem de 35 anos danificou o ve\u00edculo de um cliente e parte do balc\u00e3o e das prateleiras do estabelecimento. V\u00eddeos mostram o funcion\u00e1rio com o objeto de metal em m\u00e3os e batendo no ve\u00edculo.<\/p>\n<p>ASSISTA:<\/p>\n<p>Policiais da 52\u00aa Companhia Independente (CIPM) foram acionados e conduziram o homem para uma unidade de sa\u00fade. O dono do carro e o gerente do estabelecimento foram para a delegacia, onde o funcion\u00e1rio ser\u00e1 apresentado ap\u00f3s receber alta.<\/p>\n<div class=\"container--component-block\">\n<p id=\"paragrafo-pll0mhblmm\" class=\"component--paragrafo\">A 23\u00aa Delegacia Territorial de Lauro de Freitas investiga o crime de dano ocorrido.\u00a0Imagens das c\u00e2meras de monitoramento, oitivas e outras dilig\u00eancias ir\u00e3o contribuir para aprofundamento da investiga\u00e7\u00e3o.<\/p>\n<\/div>\n<div class=\"container--component-block\">\n<p id=\"paragrafo-t1f6i0l8xh\" class=\"component--paragrafo\">Em nota, a Drogasil lamentou o epis\u00f3dio e informou que colabora com as investiga\u00e7\u00f5es, assim como adotar\u00e1 provid\u00eancias internas.<\/p>\n<p class=\"component--paragrafo\">\u00a0<\/p>\n<p class=\"component--paragrafo\">Fonte: Correio 24h<\/p>\n<\/div><\/div>\n<p><br \/>\n<br \/><a href=\"https:\/\/diariodobrasilnoticias.com.br\/noticia\/funcionario-da-drogasil-tem-surto-e-destroi-o-carro-de-um-cliente-com-uma-barra-de-ferro-veja-video-66ec097ecd985\">Source link <\/a><\/p>","protected":false},"excerpt":{"rendered":"<p>Um funcion\u00e1rio da Drogasil em Lauro de Freitas, na Regi\u00e3o Metropolitana de Salvador (RMS), entrou em surto enquanto trabalhava e destruiu um carro no estacionamento da farm\u00e1cia usando uma barra&hellip;<\/p>","protected":false},"author":1,"featured_media":39237,"comment_status":"closed","ping_status":"open","sticky":false,"template":"","format":"standard","meta":{"content-type":"","footnotes":""},"categories":[16],"tags":[123,2448,5313,1267],"class_list":["post-39236","post","type-post","status-publish","format-standard","has-post-thumbnail","hentry","category-noticias","tag-brasil","tag-diario","tag-noticia","tag-noticias"],"_links":{"self":[{"href":"https:\/\/tvbrazilusa.com\/pt\/wp-json\/wp\/v2\/posts\/39236","targetHints":{"allow":["GET"]}}],"collection":[{"href":"https:\/\/tvbrazilusa.com\/pt\/wp-json\/wp\/v2\/posts"}],"about":[{"href":"https:\/\/tvbrazilusa.com\/pt\/wp-json\/wp\/v2\/types\/post"}],"author":[{"embeddable":true,"href":"https:\/\/tvbrazilusa.com\/pt\/wp-json\/wp\/v2\/users\/1"}],"replies":[{"embeddable":true,"href":"https:\/\/tvbrazilusa.com\/pt\/wp-json\/wp\/v2\/comments?post=39236"}],"version-history":[{"count":1,"href":"https:\/\/tvbrazilusa.com\/pt\/wp-json\/wp\/v2\/posts\/39236\/revisions"}],"predecessor-version":[{"id":39238,"href":"https:\/\/tvbrazilusa.com\/pt\/wp-json\/wp\/v2\/posts\/39236\/revisions\/39238"}],"wp:featuredmedia":[{"embeddable":true,"href":"https:\/\/tvbrazilusa.com\/pt\/wp-json\/wp\/v2\/media\/39237"}],"wp:attachment":[{"href":"https:\/\/tvbrazilusa.com\/pt\/wp-json\/wp\/v2\/media?parent=39236"}],"wp:term":[{"taxonomy":"category","embeddable":true,"href":"https:\/\/tvbrazilusa.com\/pt\/wp-json\/wp\/v2\/categories?post=39236"},{"taxonomy":"post_tag","embeddable":true,"href":"https:\/\/tvbrazilusa.com\/pt\/wp-json\/wp\/v2\/tags?post=39236"}],"curies":[{"name":"wp","href":"https:\/\/api.w.org\/{rel}","templated":true}]}}