{"id":39239,"date":"2024-09-19T12:51:53","date_gmt":"2024-09-19T12:51:53","guid":{"rendered":"https:\/\/tvbrazilusa.com\/2024\/09\/19\/refugiados-em-new-hampshire-recorrem-a-agricultura-para-obter-renda-e-sentir-o-gostinho-de-casa-2\/"},"modified":"2024-09-19T13:34:25","modified_gmt":"2024-09-19T13:34:25","slug":"refugiados-em-new-hampshire-recorrem-a-agricultura-para-obter-renda-e-sentir-o-gostinho-de-casa-2","status":"publish","type":"post","link":"https:\/\/tvbrazilusa.com\/pt\/2024\/09\/19\/refugiados-em-new-hampshire-recorrem-a-agricultura-para-obter-renda-e-sentir-o-gostinho-de-casa-2\/","title":{"rendered":"Refugiados em New Hampshire recorrem \u00e0 agricultura para obter renda e sentir o gostinho de casa"},"content":{"rendered":"<p> <script async src=\"https:\/\/pagead2.googlesyndication.com\/pagead\/js\/adsbygoogle.js?client=ca-pub-8864793242727901\"\r\n     crossorigin=\"anonymous\"><\/script><br \/>\n<\/p>\n<div id=\"\">\n<header class=\"m-article-header m-article-header--standard\">\n\t\t\t\t\t\t\t\t\t\t\t\t<span id=\"article-header-primary-term\"><br \/>\n\t\t\t\t\t\t\t\t<a class=\"a-term a-term--primary\" href=\"https:\/\/www.boston.com\/tag\/local-news\/\"><\/p>\n<p>\t\t\t\t\t\t\t\tNot\u00edcias locais\t\t\t\t\t\t\t\t<\/a><br \/>\n\t\t\t\t\t\t\t<\/span><\/p>\n<h2 class=\"m-article-header__sub-headline\">A fazenda \u00e9 de propriedade de uma organiza\u00e7\u00e3o sem fins lucrativos sediada em New Hampshire, a Organization for Refugee and Immigrant Success, que permite que os fazendeiros usem lotes de terra e lhes fornece treinamento e suporte.<\/h2>\n<figure class=\"a-photo m-article-header__photo\"><figcaption class=\"a-photo__caption\">\n<p>\tA agricultora Alsi Yussuf, uma refugiada da Som\u00e1lia, coloca tomates rec\u00e9m-colhidos de sua estufa em uma caixa de transporte antes de serem limpos e embalados na Fresh Start Farm, em 19 de agosto de 2024, em Dunbarton, NH <em> AP Photo\/Charles Krupa<\/em>\t<\/figcaption><\/figure>\n<div class=\"m-article-header__meta\">\n<div class=\"m-article-header__byline\">\n<p class=\"m-article-header__author\">\n<p>\t\t\t\t\t\t\t\tPor NICK PERRY e CHARLES KRUPA, Associated Press\t\t\t\t\t\t\t<\/p>\n<p>\t\t\t\t\t\t    \t\t\t\t\t\t\t<time class=\"m-article-header__date\"><\/p>\n<p>        \t\t\t\t\t\t\t19 de setembro de 2024 | 8:51 AM    \t\t\t\t\t\t\t<\/time><\/p><\/div>\n<\/p><\/div>\n<\/header>\n<p>DUNBARTON, NH (AP) \u2014 \u00c9 \u00e9poca de colheita no centro de New Hampshire, e uma fazenda parece ter sido transplantada de um continente distante.<\/p>\n<p>Os fazendeiros equilibram grandes caixas carregadas de vegetais em suas cabe\u00e7as enquanto conversam em somali e outras l\u00ednguas. Enquanto o sol queima a n\u00e9voa da manh\u00e3, os fazendeiros colhem alimentos b\u00e1sicos americanos como milho e tomate, bem como planta\u00e7\u00f5es com as quais cresceram, como quiabo e azeda. Muitas das mulheres usam tecidos vibrantes em laranja, vermelho e azul.<\/p>\n<p>A maioria dos trabalhadores desta fazenda em Dunbarton s\u00e3o refugiados que escaparam de guerras e persegui\u00e7\u00f5es angustiantes. Eles v\u00eam das na\u00e7\u00f5es africanas de Burundi, Ruanda, Som\u00e1lia e Congo, e agora administram seus pr\u00f3prios pequenos neg\u00f3cios, vendendo suas colheitas para mercados locais, bem como para amigos e conex\u00f5es em suas comunidades \u00e9tnicas. A agricultura lhes fornece uma renda e um gostinho de casa.<\/p>\n<figure class=\"wp-block-image size-full\"><img loading=\"lazy\" decoding=\"async\" width=\"2560\" height=\"1707\" src=\"https:\/\/bdc2020.o0bc.com\/wp-content\/uploads\/2024\/09\/AP24261036550059-66ec1b43ab7d5-scaled.jpg\" alt=\"O fazendeiro Sylvain Bukasa, um refugiado da Rep\u00fablica Democr\u00e1tica do Congo, tira pimentas rec\u00e9m-colhidas de uma cuba de limpeza para secar ao ar.\" class=\"wp-image-31768898\" srcset=\"https:\/\/bdc2020.o0bc.com\/wp-content\/uploads\/2024\/09\/AP24261036550059-66ec1b43ab7d5-scaled.jpg?width=200 200w, https:\/\/bdc2020.o0bc.com\/wp-content\/uploads\/2024\/09\/AP24261036550059-66ec1b43ab7d5-scaled.jpg?width=300 300w, https:\/\/bdc2020.o0bc.com\/wp-content\/uploads\/2024\/09\/AP24261036550059-66ec1b43ab7d5-scaled.jpg?width=400 400w, https:\/\/bdc2020.o0bc.com\/wp-content\/uploads\/2024\/09\/AP24261036550059-66ec1b43ab7d5-scaled.jpg?width=500 500w, https:\/\/bdc2020.o0bc.com\/wp-content\/uploads\/2024\/09\/AP24261036550059-66ec1b43ab7d5-scaled.jpg?width=600 600w, https:\/\/bdc2020.o0bc.com\/wp-content\/uploads\/2024\/09\/AP24261036550059-66ec1b43ab7d5-scaled.jpg?width=700 700w, https:\/\/bdc2020.o0bc.com\/wp-content\/uploads\/2024\/09\/AP24261036550059-66ec1b43ab7d5-scaled.jpg?width=800 800w, https:\/\/bdc2020.o0bc.com\/wp-content\/uploads\/2024\/09\/AP24261036550059-66ec1b43ab7d5-scaled.jpg?width=900 900w\" sizes=\"auto, (max-width: 2560px) 100vw, 2560px\"\/><figcaption class=\"wp-element-caption\">O fazendeiro Sylvain Bukasa, um refugiado da Rep\u00fablica Democr\u00e1tica do Congo, tira pimentas rec\u00e9m-colhidas de uma cuba de limpeza para serem secas ao ar antes de serem embaladas na Fresh Start Farm, em 19 de agosto de 2024, em Dunbarton, NH <i> \u2013 Foto AP\/Charles Krupa<\/i><\/figcaption><\/figure>\n<p>\u201cEu gosto dos EUA. Tenho meu pr\u00f3prio emprego\u201d, diz a refugiada e agricultora somali Khadija Aliow enquanto ela se diverte ao passar por um rep\u00f3rter, usando uma m\u00e3o para firmar a caixa de colheitas na cabe\u00e7a e a outra para fazer um sinal de positivo. \u201cFeliz. Estou t\u00e3o feliz.\u201d<\/p>\n<p>A fazenda \u00e9 de propriedade de uma organiza\u00e7\u00e3o sem fins lucrativos sediada em New Hampshire, a Organization for Refugee and Immigrant Success, que permite que os fazendeiros usem lotes de terra e fornece treinamento e suporte a eles. A organiza\u00e7\u00e3o administra fazendas semelhantes em Concord e na cidade vizinha de Boscawen.<\/p>\n<p>No total, 36 pessoas de cinco pa\u00edses africanos, incluindo o Sud\u00e3o do Sul, e a na\u00e7\u00e3o asi\u00e1tica do Nepal trabalham nas fazendas. Muitos eram fazendeiros em seus pa\u00edses de origem antes de virem para os EUA ou tinham experi\u00eancia anterior com agricultura, disse Tom McGee, diretor de programa da organiza\u00e7\u00e3o sem fins lucrativos.<\/p>\n<p>\u201cEsses s\u00e3o fazendeiros que s\u00e3o basicamente donos de neg\u00f3cios independentes, que est\u00e3o trabalhando em parceria com nossa organiza\u00e7\u00e3o para conseguir dar vida a esses produtos neste pa\u00eds\u201d, ele disse. \u201cE para ter outro senso de prop\u00f3sito, e uma maneira de se trazerem para a comunidade, e pertencerem. E realmente participarem do sonho americano.\u201d<\/p>\n<p>A organiza\u00e7\u00e3o sem fins lucrativos administra um mercado de alimentos em Manchester, onde as pessoas podem comprar produtos frescos ou se inscrever para receber caixas entregues. McGee disse que h\u00e1 alguns outros programas com objetivos semelhantes espalhados pelos EUA, mas que o modelo continua relativamente raro. Ele disse que sua organiza\u00e7\u00e3o depende de financiamento estadual e federal, bem como de doa\u00e7\u00f5es privadas.<\/p>\n<p>O fazendeiro Sylvain Bukasa disse que escapou em 2000 do conflito de d\u00e9cadas no Congo que resultou em milh\u00f5es de mortes. Ele passou seis anos com sua esposa e filho em um campo de refugiados na Tanz\u00e2nia antes de ser aceito nos EUA em 2006.<\/p>\n<p>\u201cEu estava preocupado com minha seguran\u00e7a\u201d, ele disse. \u201cDecidi ir para algum lugar onde fosse um pouco mais seguro.\u201d<\/p>\n<p>Bukasa disse que trabalhou duro desde que chegou aos EUA e que est\u00e1 curtindo sua nova vida. Mas, no come\u00e7o, ele sentia falta dos alimentos com os quais cresceu. Ele s\u00f3 conseguia encontr\u00e1-los em mercados especializados, onde eles tendiam a ser caros e de baixa qualidade.<\/p>\n<p>\u201cEm casa, com\u00edamos mais vegetais e menos carne\u201d, ele disse. \u201cQuando viemos para c\u00e1, com\u00edamos mais frango, mais pizza, coisas assim. Elas t\u00eam um gosto bom, mas n\u00e3o s\u00e3o boas para voc\u00ea.\u201d<\/p>\n<figure class=\"wp-block-image size-full\"><img loading=\"lazy\" decoding=\"async\" width=\"2560\" height=\"1707\" src=\"https:\/\/bdc2020.o0bc.com\/wp-content\/uploads\/2024\/09\/AP24261036551332-66ec1b4d3178d-scaled.jpg\" alt=\"O fazendeiro Sylvain Bukasa, um refugiado da Rep\u00fablica Democr\u00e1tica do Congo, sorri enquanto mostra as beterrabas cultivadas em seu lote na Fresh Start Farm.\" class=\"wp-image-31768903\" srcset=\"https:\/\/bdc2020.o0bc.com\/wp-content\/uploads\/2024\/09\/AP24261036551332-66ec1b4d3178d-scaled.jpg?width=200 200w, https:\/\/bdc2020.o0bc.com\/wp-content\/uploads\/2024\/09\/AP24261036551332-66ec1b4d3178d-scaled.jpg?width=300 300w, https:\/\/bdc2020.o0bc.com\/wp-content\/uploads\/2024\/09\/AP24261036551332-66ec1b4d3178d-scaled.jpg?width=400 400w, https:\/\/bdc2020.o0bc.com\/wp-content\/uploads\/2024\/09\/AP24261036551332-66ec1b4d3178d-scaled.jpg?width=500 500w, https:\/\/bdc2020.o0bc.com\/wp-content\/uploads\/2024\/09\/AP24261036551332-66ec1b4d3178d-scaled.jpg?width=600 600w, https:\/\/bdc2020.o0bc.com\/wp-content\/uploads\/2024\/09\/AP24261036551332-66ec1b4d3178d-scaled.jpg?width=700 700w, https:\/\/bdc2020.o0bc.com\/wp-content\/uploads\/2024\/09\/AP24261036551332-66ec1b4d3178d-scaled.jpg?width=800 800w, https:\/\/bdc2020.o0bc.com\/wp-content\/uploads\/2024\/09\/AP24261036551332-66ec1b4d3178d-scaled.jpg?width=900 900w\" sizes=\"auto, (max-width: 2560px) 100vw, 2560px\"\/><figcaption class=\"wp-element-caption\">O fazendeiro Sylvain Bukasa, um refugiado da Rep\u00fablica Democr\u00e1tica do Congo, sorri enquanto mostra as beterrabas cultivadas em seu lote na Fresh Start Farm, em 19 de agosto de 2024, em Dunbarton, NH <i> \u2013 Foto AP\/Charles Krupa<\/i><\/figcaption><\/figure>\n<p>Bukasa come\u00e7ou a cultivar safras na fazenda em 2011. O plano inicial na fazenda Dunbarton era permitir que migrantes como ele cultivassem safras tradicionais para si e suas fam\u00edlias. Mas a demanda cresceu, particularmente durante a pandemia, levando a fazenda a evoluir para uma opera\u00e7\u00e3o comercial.<\/p>\n<p>Para alguns dos fazendeiros, a colheita fornece sua renda principal. Para a maioria, como Bukasa, \u00e9 um bico. Ele trabalha em tempo integral como agente de servi\u00e7os para uma empresa de aluguel de carros e viaja sempre que pode para cuidar de seu lote de pouco mais de um acre (0,4 hectares). Os maiores desafios s\u00e3o garantir que suas planta\u00e7\u00f5es sejam adequadamente regadas e impedir que as ervas daninhas tomem conta, ele disse.<\/p>\n<p>Segundas-feiras s\u00e3o dias de colheita e, em uma segunda-feira recente, Bukasa listou os produtos que estava colhendo: tomates, ab\u00f3boras de ver\u00e3o, abobrinhas, couves, milho, quiabos e folhas de ab\u00f3boras e azedas \u2014 que ele e os outros migrantes chamam de azedas por causa do sabor.<\/p>\n<p>Ele disse que h\u00e1 uma comunidade congolesa surpreendentemente grande em toda a Nova Inglaterra, e eles apreciam o que ele cultiva.<\/p>\n<p>\u201c\u00c9 um trabalho duro, mas trabalho duro \u00e9 um bom trabalho\u201d, disse Bukasa. \u201c\u00c9 divertido e ajuda as pessoas. Gosto quando satisfa\u00e7o as pessoas com a comida que elas comem.\u201d<\/p>\n<figure class=\"wp-block-image size-full\"><img loading=\"lazy\" decoding=\"async\" width=\"2560\" height=\"1707\" src=\"https:\/\/bdc2020.o0bc.com\/wp-content\/uploads\/2024\/09\/AP24261036459785-66ec1b32d0d9d-scaled.jpg\" alt=\"Uma sele\u00e7\u00e3o de ab\u00f3bora, \u00e0 esquerda, e berinjela, \u00e0 direita, empilhadas ap\u00f3s serem lavadas.\" class=\"wp-image-31768892\" srcset=\"https:\/\/bdc2020.o0bc.com\/wp-content\/uploads\/2024\/09\/AP24261036459785-66ec1b32d0d9d-scaled.jpg?width=200 200w, https:\/\/bdc2020.o0bc.com\/wp-content\/uploads\/2024\/09\/AP24261036459785-66ec1b32d0d9d-scaled.jpg?width=300 300w, https:\/\/bdc2020.o0bc.com\/wp-content\/uploads\/2024\/09\/AP24261036459785-66ec1b32d0d9d-scaled.jpg?width=400 400w, https:\/\/bdc2020.o0bc.com\/wp-content\/uploads\/2024\/09\/AP24261036459785-66ec1b32d0d9d-scaled.jpg?width=500 500w, https:\/\/bdc2020.o0bc.com\/wp-content\/uploads\/2024\/09\/AP24261036459785-66ec1b32d0d9d-scaled.jpg?width=600 600w, https:\/\/bdc2020.o0bc.com\/wp-content\/uploads\/2024\/09\/AP24261036459785-66ec1b32d0d9d-scaled.jpg?width=700 700w, https:\/\/bdc2020.o0bc.com\/wp-content\/uploads\/2024\/09\/AP24261036459785-66ec1b32d0d9d-scaled.jpg?width=800 800w, https:\/\/bdc2020.o0bc.com\/wp-content\/uploads\/2024\/09\/AP24261036459785-66ec1b32d0d9d-scaled.jpg?width=900 900w\" sizes=\"auto, (max-width: 2560px) 100vw, 2560px\"\/><figcaption class=\"wp-element-caption\">Uma sele\u00e7\u00e3o de ab\u00f3bora, \u00e0 esquerda, e berinjela, \u00e0 direita, s\u00e3o empilhadas ap\u00f3s serem lavadas para serem embaladas para um programa de compartilhamento comunit\u00e1rio na Fresh Start Farm, 19 de agosto de 2024, em Dunbarton, NH <i> \u2013 Foto AP\/Charles Krupa<\/i><\/figcaption><\/figure>\n<p>Seu sonho \u00e9 um dia comprar sua pr\u00f3pria fazenda com alguns acres de terra, para que ele possa sair de casa para cuidar de suas planta\u00e7\u00f5es em vez de dirigir 20 minutos como ele faz agora. Um desafio mais imediato, ele disse, \u00e9 trabalhar no lado de marketing de seu neg\u00f3cio.<\/p>\n<p>Ele chegou ao ponto em que agora cultiva mais comida do que consegue vender, e odeia ver qualquer coisa disso ir para o lixo. Uma ideia \u00e9 comprar uma van, para que ele mesmo possa entregar mais produtos.<\/p>\n<p>\u201cVoc\u00ea v\u00ea a competi\u00e7\u00e3o ali dentro\u201d, ele diz com um sorriso, apontando para a tenda onde outros fazendeiros refugiados lavam e embalam suas colheitas. \u201cVeja quantos fazendeiros est\u00e3o tentando vender seus produtos.\u201d<\/p>\n<div class=\"m-block m-generic-cta\t m-generic-cta--post-content\t m-generic-cta--dark\t m-generic-cta--homepage\t m-generic-cta--email-signup\t\t m-generic-cta-block-style--default \tt-amp__generic-cta\"><\/p>\n<div class=\"m-generic-cta__wrap\">\n<div class=\"m-generic-cta__content\">\n<h3 class=\"m-generic-cta__title\">Alertas de not\u00edcias extras<\/h3>\n<p class=\"m-generic-cta__subtitle\">Receba atualiza\u00e7\u00f5es de \u00faltima hora assim que elas acontecerem.<\/p>\n<\/p><\/div>\n<\/p><\/div>\n<\/div><\/div>\n<p><script>\n\t\tvar consent=\"grant\";\n\t\t\/* The above code is parsing the JSON data from the local storage and storing it in a variable. *\/\n\t\t\t\t\tconst onetrustStorageConsent = JSON.parse(localStorage.getItem( 'consent_one_trust_bdc' ) );\n\t\t\tif ( ( onetrustStorageConsent !== null ) ) {\n\t\t\t\t\/* Checking to see if the user has consented to the use of cookies.\n\t\t\t\t* If they have not, it is deleting the cookie.\n\t\t\t\t* This will comment for now, until further notice.\n\t\t\t\t*\/\n\t\t\t\t\/\/if ( onetrustStorageConsent.C0002 === false ) {\n\t\t\t\t\/\/\tdocument.cookie=\"_fbp=;expires=Thu, 01 Jan 2010 00:00:00 UTC; path=\/; domain=.boston.com\";\n\t\t\t\t\/\/}\n\t\t\t\t\/* Checking if the user has given consent for the cookie C0002.\n\t\t\t\t* If the user has given consent, the variable consent will be set to 'grant'.\n\t\t\t\t* If the user has not given consent,the variable consent will be set to 'revoke'.\n\t\t\t\t* Documentation https:\/\/developers.facebook.com\/docs\/meta-pixel\/implementation\/gdpr\n\t\t\t\t*\/\n\t\t\t\tif ( onetrustStorageConsent.C0002 !== true ) {\n\t\t\t\t\tconsent=\"revoke\";\n\t\t\t\t}\n\t\t\t}\n\t\t\t\t!function(f,b,e,v,n,t,s)\n\t\t{if(f.fbq)return;n=f.fbq=function(){n.callMethod?\n\t\tn.callMethod.apply(n,arguments):n.queue.push(arguments)};\n\t\tif(!f._fbq)f._fbq=n;n.push=n;n.loaded=!0;n.version='2.0';\n\t\tn.queue=[];t=b.createElement(e);t.async=!0;\n\t\tt.src=v;s=b.getElementsByTagName(e)[0];\n\t\ts.parentNode.insertBefore(t,s)}(window, document,'script',\n\t\t'https:\/\/connect.facebook.net\/en_US\/fbevents.js');\n\t\tfbq('consent', consent);\n\t\tfbq('init', '989222871864976');\n\t\tfbq('track', 'PageView');\n\t<\/script><script type=\"module\">\n\t\tvar consent=\"grant\";\n\t\t\/* The above code is parsing the JSON data from the local storage and storing it in a variable. *\/\n\t\t\tconst onetrustStorageConsent = JSON.parse(localStorage.getItem( 'consent_one_trust_bdc' ) );\n\t\t\t\/* Checking to see if the user has consented to the use of cookies.\n\t\t\t* If they have not, it is deleting the cookie.\n\t\t\t* This will comment for now, until further notice.\n\t\t\t*\/\n\t\t\t\/\/if ( onetrustStorageConsent.C0002 === false ) {\n\t\t\t\/\/\tdocument.cookie=\"_fbp=;expires=Thu, 01 Jan 2010 00:00:00 UTC; path=\/; domain=.boston.com\";\n\t\t\t\/\/}\n\t\t\t\/* Checking if the user has given consent for the cookie C0002.\n\t\t\t* If the user has given consent, the variable consent will be set to 'grant'.\n\t\t\t* If the user has not given consent,the variable consent will be set to 'revoke'.\n\t\t\t* Documentation https:\/\/developers.facebook.com\/docs\/meta-pixel\/implementation\/gdpr\n\t\t\t*\/\n\t\t\tif ( ( onetrustStorageConsent !== null ) && (onetrustStorageConsent.C0002 !== true ) ) {\n\t\t\t\tconsent=\"revoke\";\n\t\t\t}\n\t\t\t\t!function(f,b,e,v,n,t,s){if(f.fbq)return;n=f.fbq=function()\n\t\t{n.callMethod? n.callMethod.apply(n,arguments):n.queue.push(arguments)}\n\t\t;if(!f._fbq)f._fbq=n;\n\t\tn.push=n;n.loaded=!0;n.version='2.0';n.queue=[];t=b.createElement(e);t.async=!0;\n\t\tt.src=v;s=b.getElementsByTagName(e)[0];s.parentNode.insertBefore(t,s)}(window,\n\t\tdocument,'script','https:\/\/connect.facebook.net\/en_US\/fbevents.js');\n\t\tfbq('consent', consent);\n\t\tfbq('init', '813236348753005');\n\t\tfbq('track', \"PageView\");\n\t<\/script><br \/>\n<br \/><br \/>\n<br \/><a href=\"https:\/\/www.boston.com\/news\/local-news\/2024\/09\/19\/refugees-new-hampshire-turn-to-farming-income-taste-of-home-fresh-start\/\">Source link <\/a><\/p>","protected":false},"excerpt":{"rendered":"<p>Not\u00edcias locais A fazenda \u00e9 de propriedade de uma organiza\u00e7\u00e3o sem fins lucrativos sediada em New Hampshire, a Organization for Refugee and Immigrant Success, que permite que os fazendeiros usem&hellip;<\/p>","protected":false},"author":1,"featured_media":39240,"comment_status":"closed","ping_status":"open","sticky":false,"template":"","format":"standard","meta":{"content-type":"","footnotes":""},"categories":[1],"tags":[],"class_list":["post-39239","post","type-post","status-publish","format-standard","has-post-thumbnail","hentry","category-uncategorized"],"_links":{"self":[{"href":"https:\/\/tvbrazilusa.com\/pt\/wp-json\/wp\/v2\/posts\/39239","targetHints":{"allow":["GET"]}}],"collection":[{"href":"https:\/\/tvbrazilusa.com\/pt\/wp-json\/wp\/v2\/posts"}],"about":[{"href":"https:\/\/tvbrazilusa.com\/pt\/wp-json\/wp\/v2\/types\/post"}],"author":[{"embeddable":true,"href":"https:\/\/tvbrazilusa.com\/pt\/wp-json\/wp\/v2\/users\/1"}],"replies":[{"embeddable":true,"href":"https:\/\/tvbrazilusa.com\/pt\/wp-json\/wp\/v2\/comments?post=39239"}],"version-history":[{"count":1,"href":"https:\/\/tvbrazilusa.com\/pt\/wp-json\/wp\/v2\/posts\/39239\/revisions"}],"predecessor-version":[{"id":39241,"href":"https:\/\/tvbrazilusa.com\/pt\/wp-json\/wp\/v2\/posts\/39239\/revisions\/39241"}],"wp:featuredmedia":[{"embeddable":true,"href":"https:\/\/tvbrazilusa.com\/pt\/wp-json\/wp\/v2\/media\/39240"}],"wp:attachment":[{"href":"https:\/\/tvbrazilusa.com\/pt\/wp-json\/wp\/v2\/media?parent=39239"}],"wp:term":[{"taxonomy":"category","embeddable":true,"href":"https:\/\/tvbrazilusa.com\/pt\/wp-json\/wp\/v2\/categories?post=39239"},{"taxonomy":"post_tag","embeddable":true,"href":"https:\/\/tvbrazilusa.com\/pt\/wp-json\/wp\/v2\/tags?post=39239"}],"curies":[{"name":"wp","href":"https:\/\/api.w.org\/{rel}","templated":true}]}}