{"id":3924,"date":"2024-07-19T14:53:45","date_gmt":"2024-07-19T14:53:45","guid":{"rendered":"https:\/\/tvbrazilusa.com\/2024\/07\/19\/agora-pf-comunica-a-moraes-que-nao-conseguiu-obter-dados-do-celular-de-filipe-martins-ex-assessor-de-bolsonaro\/"},"modified":"2024-07-19T14:58:38","modified_gmt":"2024-07-19T14:58:38","slug":"agora-pf-comunica-a-moraes-que-nao-conseguiu-obter-dados-do-celular-de-filipe-martins-ex-assessor-de-bolsonaro","status":"publish","type":"post","link":"https:\/\/tvbrazilusa.com\/pt\/2024\/07\/19\/agora-pf-comunica-a-moraes-que-nao-conseguiu-obter-dados-do-celular-de-filipe-martins-ex-assessor-de-bolsonaro\/","title":{"rendered":"AGORA: PF comunica a Moraes que n\u00e3o conseguiu obter dados do celular de Filipe Martins, ex assessor de Bolsonaro"},"content":{"rendered":"<p> <script async src=\"https:\/\/pagead2.googlesyndication.com\/pagead\/js\/adsbygoogle.js?client=ca-pub-8864793242727901\"\r\n     crossorigin=\"anonymous\"><\/script><br \/>\n<\/p>\n<div>\n<p><em>Foto: Arthur Max\/MRE<\/em><\/p>\n<p>Em recentes not\u00edcias, a situa\u00e7\u00e3o de Filipe Martins, ex-assessor da Presid\u00eancia para Assuntos Internacionais, continua gerando controv\u00e9rsias e debates intensos. No dia 8 de fevereiro deste ano, ocorreu a apreens\u00e3o de seu celular pela Pol\u00edcia Federal, momento jur\u00eddico cr\u00edtico tamb\u00e9m destacado pela m\u00eddia especializada.<\/p>\n<p>Essa a\u00e7\u00e3o ocorre dentro de um contexto mais amplo, onde Martins foi detido com alega\u00e7\u00f5es de envolvimento em atos supostamente golpistas. Desde ent\u00e3o, o caso vem evoluindo com uma s\u00e9rie de interven\u00e7\u00f5es judiciais e investiga\u00e7\u00f5es. Descobrir o que cont\u00e9m o celular do ex-assessor pode ser a chave para desvendar detalhes cruciais dessa trama pol\u00edtica.<\/p>\n<h2 class=\"wp-block-heading\">Por Que o Celular de Filipe Martins \u00e9 Importante?<\/h2>\n<p>O <strong>celular<\/strong> de Filipe Martins pode conter informa\u00e7\u00f5es vitais que lan\u00e7ariam luz sobre a natureza e extens\u00e3o de sua participa\u00e7\u00e3o em atividades pol\u00edticas questionadas judicialmente. A capacidade de extrair dados deste dispositivo \u00e9, portanto, essencial para a Pol\u00edcia Federal e para o desenvolvimento do caso.<\/p>\n<h2 class=\"wp-block-heading\">A Dificuldade da Pol\u00edcia Federal em Extrair os Dados<\/h2>\n<p>A tentativa de extrair informa\u00e7\u00f5es do dispositivo m\u00f3vel, no entano, n\u00e3o foi bem-sucedida at\u00e9 o momento. Isso levanta v\u00e1rias preocupa\u00e7\u00f5es sobre os m\u00e9todos de armazenamento e seguran\u00e7a de dados que possam ter sido utilizados, bem como sobre as capacidades t\u00e9cnicas enfrentadas pelos respons\u00e1veis pela investiga\u00e7\u00e3o.<\/p>\n<h2 class=\"wp-block-heading\">Implica\u00e7\u00f5es no \u00c2mbito Judicial<\/h2>\n<p>O ministro Alexandre de Moraes, do STF, tem sido um personagem ativo no desenrolar deste caso, atuando diretamente em v\u00e1rios momentos-chave. Ap\u00f3s o atraso da PF em cumprir o prazo de 48 horas para entrega de resultados, Moraes resolveu intervir ainda mais diretamente. O fato levanta importantes discuss\u00f5es sobre os prazos e processos judiciais envolvidos em investiga\u00e7\u00f5es desse tipo.<\/p>\n<p>Nesse complexo quadro, emergem tamb\u00e9m evid\u00eancias consider\u00e1veis que sugerem que Martins poderia estar no Brasil em momentos chave, contrariando algumas das acusa\u00e7\u00f5es. Detalhes como registros de Uber e testemunhos de outras localidades no Brasil jogam uma nova luz sobre o caso, instigando questionamentos e revis\u00e3o de acusa\u00e7\u00f5es.<\/p>\n<ul class=\"wp-block-list\">\n<li>Apresenta\u00e7\u00e3o de comprovantes de Uber em datas-chave.<\/li>\n<li>Defesa robusta que contradiz acusa\u00e7\u00f5es iniciais.<\/li>\n<li>Problemas na extra\u00e7\u00e3o de dados do celular relevantes.<\/li>\n<\/ul>\n<p>A trajet\u00f3ria de Filipe Martins e a investiga\u00e7\u00e3o dos seus atos ainda prometem desdobramentos significativos. Enquanto isso, o p\u00fablico e a imprensa permanecem atentos \u00e0s atualiza\u00e7\u00f5es, que n\u00e3o apenas influenciam diretamente a vida do ex-assessor, mas tamb\u00e9m refletem din\u00e2micas pol\u00edticas e judiciais mais amplas em nosso pa\u00eds.<\/p>\n<\/p><\/div>\n<p><br \/>\n<br \/><a href=\"https:\/\/terrabrasilnoticias.com\/2024\/07\/agora-pf-comunica-a-moraes-que-nao-conseguiu-obter-dados-do-celular-de-filipe-martins-ex-assessor-de-bolsonaro\/\">Source link <\/a><\/p>","protected":false},"excerpt":{"rendered":"<p>Foto: Arthur Max\/MRE Em recentes not\u00edcias, a situa\u00e7\u00e3o de Filipe Martins, ex-assessor da Presid\u00eancia para Assuntos Internacionais, continua gerando controv\u00e9rsias e debates intensos. No dia 8 de fevereiro deste ano,&hellip;<\/p>","protected":false},"author":1,"featured_media":3925,"comment_status":"closed","ping_status":"open","sticky":false,"template":"","format":"standard","meta":{"content-type":"","footnotes":""},"categories":[16],"tags":[],"class_list":["post-3924","post","type-post","status-publish","format-standard","has-post-thumbnail","hentry","category-noticias"],"_links":{"self":[{"href":"https:\/\/tvbrazilusa.com\/pt\/wp-json\/wp\/v2\/posts\/3924","targetHints":{"allow":["GET"]}}],"collection":[{"href":"https:\/\/tvbrazilusa.com\/pt\/wp-json\/wp\/v2\/posts"}],"about":[{"href":"https:\/\/tvbrazilusa.com\/pt\/wp-json\/wp\/v2\/types\/post"}],"author":[{"embeddable":true,"href":"https:\/\/tvbrazilusa.com\/pt\/wp-json\/wp\/v2\/users\/1"}],"replies":[{"embeddable":true,"href":"https:\/\/tvbrazilusa.com\/pt\/wp-json\/wp\/v2\/comments?post=3924"}],"version-history":[{"count":1,"href":"https:\/\/tvbrazilusa.com\/pt\/wp-json\/wp\/v2\/posts\/3924\/revisions"}],"predecessor-version":[{"id":3926,"href":"https:\/\/tvbrazilusa.com\/pt\/wp-json\/wp\/v2\/posts\/3924\/revisions\/3926"}],"wp:featuredmedia":[{"embeddable":true,"href":"https:\/\/tvbrazilusa.com\/pt\/wp-json\/wp\/v2\/media\/3925"}],"wp:attachment":[{"href":"https:\/\/tvbrazilusa.com\/pt\/wp-json\/wp\/v2\/media?parent=3924"}],"wp:term":[{"taxonomy":"category","embeddable":true,"href":"https:\/\/tvbrazilusa.com\/pt\/wp-json\/wp\/v2\/categories?post=3924"},{"taxonomy":"post_tag","embeddable":true,"href":"https:\/\/tvbrazilusa.com\/pt\/wp-json\/wp\/v2\/tags?post=3924"}],"curies":[{"name":"wp","href":"https:\/\/api.w.org\/{rel}","templated":true}]}}