{"id":39266,"date":"2024-09-19T14:47:50","date_gmt":"2024-09-19T14:47:50","guid":{"rendered":"https:\/\/tvbrazilusa.com\/2024\/09\/19\/vistos-cancelados-alexandre-de-moraes-e-outros-ministros-do-stf-estao-na-mira-dos-estados-unidos\/"},"modified":"2024-09-19T14:47:51","modified_gmt":"2024-09-19T14:47:51","slug":"vistos-cancelados-alexandre-de-moraes-e-outros-ministros-do-stf-estao-na-mira-dos-estados-unidos","status":"publish","type":"post","link":"https:\/\/tvbrazilusa.com\/pt\/2024\/09\/19\/vistos-cancelados-alexandre-de-moraes-e-outros-ministros-do-stf-estao-na-mira-dos-estados-unidos\/","title":{"rendered":"Vistos cancelados: Alexandre de Moraes e outros ministros do STF est\u00e3o na mira dos Estados Unidos"},"content":{"rendered":"<p> <script async src=\"https:\/\/pagead2.googlesyndication.com\/pagead\/js\/adsbygoogle.js?client=ca-pub-8864793242727901\"\r\n     crossorigin=\"anonymous\"><\/script><br \/>\n<\/p>\n<div id=\"taboola-read-more\" style=\"display:block; width:100%\">\n<p>Congressistas dos Estados Unidos formalizaram uma solicita\u00e7\u00e3o para que o visto de entrada do ministro Alexandre de Moraes, do Supremo Tribunal Federal (STF), seja cancelado, estendendo a a\u00e7\u00e3o tamb\u00e9m aos demais membros da corte. Segundo o documento, assinado pelos parlamentares americanos, os magistrados, especialmente Moraes, estariam utilizando suas posi\u00e7\u00f5es para silenciar a liberdade de express\u00e3o no Brasil.<\/p>\n<p>A principal justificativa da a\u00e7\u00e3o \u00e9 a ordem do ministro Moraes que resultou no bloqueio do X\/Twitter no final de agosto, o que teria motivado a solicita\u00e7\u00e3o de cancelamento dos vistos. O documento foi assinado pelos deputados Mar\u00eda Elvira Salazar, Christopher H. Smith, Rich McCormick e Carlos Gim\u00e9nez, al\u00e9m do senador Rick Scott, e foi encaminhado ao secret\u00e1rio de Estado dos EUA, Antony Blinken.<\/p>\n<p>\u201cO juiz da Suprema Corte do Brasil, Alexandre de Moraes, tem um hist\u00f3rico bem documentado de restri\u00e7\u00e3o \u00e0 liberdade de express\u00e3o, especialmente contra indiv\u00edduos e grupos com opini\u00f5es pol\u00edticas conservadoras. As suas \u00faltimas a\u00e7\u00f5es representam o culminar de um padr\u00e3o mais amplo de excesso judicial\u201d, afirmaram os parlamentares.<\/p>\n<p>O pedido refor\u00e7a a solicita\u00e7\u00e3o para que qualquer pedido de visto, seja de concess\u00e3o ou renova\u00e7\u00e3o, seja negado, al\u00e9m da revoga\u00e7\u00e3o de vistos j\u00e1 existentes. \u201cRespeitosamente pedimos que voc\u00ea negue qualquer pedido de visto americano ou admiss\u00e3o nos Estados Unidos, incluindo a revoga\u00e7\u00e3o de qualquer visto existente, para o ministro da Suprema Corte brasileira, Alexandre de Moraes, e os demais membros da Suprema Corte do Brasil. O Brasil \u00e9 c\u00famplice nestas pr\u00e1ticas antidemocr\u00e1ticas\u201d, emenda o texto.<\/p>\n<p>Fonte: Conex\u00e3o Pol\u00edtica<\/p>\n<\/p><\/div>\n<p><br \/>\n<br \/><a href=\"https:\/\/diariodobrasilnoticias.com.br\/noticia\/cancelado-estados-unidos-cancelam-vistos-de-alexandre-de-moraes-e-outros-ministros-do-stf-que-estao-sob-vigilancia-66ec1cd8536b6\">Source link <\/a><\/p>","protected":false},"excerpt":{"rendered":"<p>Congressistas dos Estados Unidos formalizaram uma solicita\u00e7\u00e3o para que o visto de entrada do ministro Alexandre de Moraes, do Supremo Tribunal Federal (STF), seja cancelado, estendendo a a\u00e7\u00e3o tamb\u00e9m aos&hellip;<\/p>","protected":false},"author":1,"featured_media":39267,"comment_status":"closed","ping_status":"open","sticky":false,"template":"","format":"standard","meta":{"content-type":"","footnotes":""},"categories":[16],"tags":[123,2448,5313,1267],"class_list":["post-39266","post","type-post","status-publish","format-standard","has-post-thumbnail","hentry","category-noticias","tag-brasil","tag-diario","tag-noticia","tag-noticias"],"_links":{"self":[{"href":"https:\/\/tvbrazilusa.com\/pt\/wp-json\/wp\/v2\/posts\/39266","targetHints":{"allow":["GET"]}}],"collection":[{"href":"https:\/\/tvbrazilusa.com\/pt\/wp-json\/wp\/v2\/posts"}],"about":[{"href":"https:\/\/tvbrazilusa.com\/pt\/wp-json\/wp\/v2\/types\/post"}],"author":[{"embeddable":true,"href":"https:\/\/tvbrazilusa.com\/pt\/wp-json\/wp\/v2\/users\/1"}],"replies":[{"embeddable":true,"href":"https:\/\/tvbrazilusa.com\/pt\/wp-json\/wp\/v2\/comments?post=39266"}],"version-history":[{"count":1,"href":"https:\/\/tvbrazilusa.com\/pt\/wp-json\/wp\/v2\/posts\/39266\/revisions"}],"predecessor-version":[{"id":39268,"href":"https:\/\/tvbrazilusa.com\/pt\/wp-json\/wp\/v2\/posts\/39266\/revisions\/39268"}],"wp:featuredmedia":[{"embeddable":true,"href":"https:\/\/tvbrazilusa.com\/pt\/wp-json\/wp\/v2\/media\/39267"}],"wp:attachment":[{"href":"https:\/\/tvbrazilusa.com\/pt\/wp-json\/wp\/v2\/media?parent=39266"}],"wp:term":[{"taxonomy":"category","embeddable":true,"href":"https:\/\/tvbrazilusa.com\/pt\/wp-json\/wp\/v2\/categories?post=39266"},{"taxonomy":"post_tag","embeddable":true,"href":"https:\/\/tvbrazilusa.com\/pt\/wp-json\/wp\/v2\/tags?post=39266"}],"curies":[{"name":"wp","href":"https:\/\/api.w.org\/{rel}","templated":true}]}}