{"id":39316,"date":"2024-09-19T16:41:42","date_gmt":"2024-09-19T16:41:42","guid":{"rendered":"https:\/\/tvbrazilusa.com\/2024\/09\/19\/pf-quer-identificar-quem-esta-usando-o-x-de-forma-irregular-paulo-figueiredo\/"},"modified":"2024-09-19T16:43:04","modified_gmt":"2024-09-19T16:43:04","slug":"pf-quer-identificar-quem-esta-usando-o-x-de-forma-irregular-paulo-figueiredo","status":"publish","type":"post","link":"https:\/\/tvbrazilusa.com\/pt\/2024\/09\/19\/pf-quer-identificar-quem-esta-usando-o-x-de-forma-irregular-paulo-figueiredo\/","title":{"rendered":"PF quer identificar quem est\u00e1 usando o X de forma irregular &#8211; Paulo Figueiredo"},"content":{"rendered":"<p> <script async src=\"https:\/\/pagead2.googlesyndication.com\/pagead\/js\/adsbygoogle.js?client=ca-pub-8864793242727901\"\r\n     crossorigin=\"anonymous\"><\/script><br \/>\n<\/p>\n<div id=\"wtr-content\" data-bg=\"#FFFFFF\" data-fg=\"#006d91\" data-width=\"25\" data-mute=\"1\" data-fgopacity=\"1.00\" data-mutedopacity=\"0.5\" data-placement=\"bottom\" data-placement-offset=\"0\" data-content-offset=\"262\" data-placement-touch=\"bottom\" data-placement-offset-touch=\"0\" data-transparent=\"\" data-shadow=\"0\" data-touch=\"1\" data-non-touch=\"1\" data-comments=\"0\" data-commentsbg=\"transparent\" data-location=\"page\" data-mutedfg=\"#006d91\" data-endfg=\"#006d91\" data-rtl=\"\">\n<h3 class=\"wp-block-heading\">Solicita\u00e7\u00e3o foi feita pela PGR e autorizada por Moraes na segunda-feira, 16, antes da volta tempor\u00e1ria do X no Brasil<\/h3>\n<p>A pedido da Procuradoria-Geral da Rep\u00fablica, a\u00a0<strong>Pol\u00edcia Federal<\/strong>\u00a0quer identificar quem est\u00e1 acessando o X no Brasil, apesar do bloqueio imposto pelo ministro Alexandre de Moraes, do Supremo Tribunal Federal.<\/p>\n<p>Segundo\u00a0<em>O Globo<\/em>, Moraes autorizou a checagem dos usu\u00e1rios na segunda-feira, 16.<\/p>\n<p>Ao ordenar a suspens\u00e3o\u00a0<em>\u201cimediata, completa e integral\u201d<\/em>\u00a0da plataforma em 30 de agosto, Moraes estipulou uma multa di\u00e1ria de 50 mil reais para quem fizesse uso de\u00a0<em>\u201csubterf\u00fagios tecnol\u00f3gicos\u201d<\/em>, como VPNs, para acessar o X.<\/p>\n<p>A PF, no entanto, n\u00e3o esclareceu como pretende identificar os usu\u00e1rios que utilizarem VPNs para continuar usando o X.<\/p>\n<h3 class=\"wp-block-heading\" id=\"h-caso-deve-ir-ao-plenario-do-stf\">Caso deve ir ao plen\u00e1rio do STF<\/h3>\n<p>Relator de duas a\u00e7\u00f5es no STF que contestam o bloqueio do X,\u00a0o ministro Kassio Nunes Marques deu cinco dias para o colega Alexandre de Moraes\u00a0explicar a decis\u00e3o que suspendeu a plataforma.<\/p>\n<p>Ele tamb\u00e9m solicitou pareceres da PGR e da AGU, indicando que iria\u00a0levar o caso ao plen\u00e1rio da Corte.<\/p>\n<p>No despacho, Nunes Marques destacou que o tema \u00e9\u00a0<em>\u201csens\u00edvel e dotado de especial repercuss\u00e3o para a ordem p\u00fablica e social\u201d<\/em>. Por essa raz\u00e3o, esse caso deveria, na vis\u00e3o dele, ser submetido ao crivo dos 11 integrantes da Corte, n\u00e3o somente de uma turma de magistrados.<\/p>\n<p><strong><a href=\"https:\/\/oantagonista.com.br\/brasil\/pf-quer-identificar-quem-esta-usando-o-x-de-forma-irregular\/\">Source link<\/a><\/strong><\/p>\n<\/div>\n<p><br \/>\n<br \/><a href=\"https:\/\/paulofigueiredoshow.com\/pf-quer-identificar-quem-esta-usando-o-x-de-forma-irregular\/\">Source link <\/a><\/p>","protected":false},"excerpt":{"rendered":"<p>Solicita\u00e7\u00e3o foi feita pela PGR e autorizada por Moraes na segunda-feira, 16, antes da volta tempor\u00e1ria do X no Brasil A pedido da Procuradoria-Geral da Rep\u00fablica, a\u00a0Pol\u00edcia Federal\u00a0quer identificar quem&hellip;<\/p>","protected":false},"author":1,"featured_media":14558,"comment_status":"closed","ping_status":"open","sticky":false,"template":"","format":"standard","meta":{"content-type":"","footnotes":""},"categories":[16],"tags":[21051,123,21052,425,2063,9293,4188],"class_list":["post-39316","post","type-post","status-publish","format-standard","has-post-thumbnail","hentry","category-noticias","tag-acessando","tag-brasil","tag-m-vpns","tag-moraes","tag-pf","tag-usando","tag-x"],"_links":{"self":[{"href":"https:\/\/tvbrazilusa.com\/pt\/wp-json\/wp\/v2\/posts\/39316","targetHints":{"allow":["GET"]}}],"collection":[{"href":"https:\/\/tvbrazilusa.com\/pt\/wp-json\/wp\/v2\/posts"}],"about":[{"href":"https:\/\/tvbrazilusa.com\/pt\/wp-json\/wp\/v2\/types\/post"}],"author":[{"embeddable":true,"href":"https:\/\/tvbrazilusa.com\/pt\/wp-json\/wp\/v2\/users\/1"}],"replies":[{"embeddable":true,"href":"https:\/\/tvbrazilusa.com\/pt\/wp-json\/wp\/v2\/comments?post=39316"}],"version-history":[{"count":1,"href":"https:\/\/tvbrazilusa.com\/pt\/wp-json\/wp\/v2\/posts\/39316\/revisions"}],"predecessor-version":[{"id":39317,"href":"https:\/\/tvbrazilusa.com\/pt\/wp-json\/wp\/v2\/posts\/39316\/revisions\/39317"}],"wp:featuredmedia":[{"embeddable":true,"href":"https:\/\/tvbrazilusa.com\/pt\/wp-json\/wp\/v2\/media\/14558"}],"wp:attachment":[{"href":"https:\/\/tvbrazilusa.com\/pt\/wp-json\/wp\/v2\/media?parent=39316"}],"wp:term":[{"taxonomy":"category","embeddable":true,"href":"https:\/\/tvbrazilusa.com\/pt\/wp-json\/wp\/v2\/categories?post=39316"},{"taxonomy":"post_tag","embeddable":true,"href":"https:\/\/tvbrazilusa.com\/pt\/wp-json\/wp\/v2\/tags?post=39316"}],"curies":[{"name":"wp","href":"https:\/\/api.w.org\/{rel}","templated":true}]}}