{"id":39337,"date":"2024-09-19T15:43:35","date_gmt":"2024-09-19T15:43:35","guid":{"rendered":"https:\/\/tvbrazilusa.com\/2024\/09\/19\/show-da-manha-marco-antonio-costa-adrilles-tragicomico-e-daniel-miorim-19-09-2024\/"},"modified":"2024-09-19T15:43:35","modified_gmt":"2024-09-19T15:43:35","slug":"show-da-manha-marco-antonio-costa-adrilles-tragicomico-e-daniel-miorim-19-09-2024","status":"publish","type":"post","link":"https:\/\/tvbrazilusa.com\/pt\/2024\/09\/19\/show-da-manha-marco-antonio-costa-adrilles-tragicomico-e-daniel-miorim-19-09-2024\/","title":{"rendered":"SHOW DA MANH\u00c3 &#8211; MARCO ANT\u00d4NIO COSTA, ADRILLES, TRAGIC\u00d4MICO E DANIEL MIORIM &#8211; 19\/09\/2024"},"content":{"rendered":"<p><iframe  width=\"580\" height=\"385\" src=\"https:\/\/www.youtube.com\/embed\/9BG7wv3JE50?modestbranding=1\" frameborder=\"0\" allowfullscreen><\/iframe><br \/>\n<br \/>Inscreva-se no nosso Canal!<\/p>\n<p>ASSINE A PLATAFORMA FIO DI\u00c1RIO, COM CONTE\u00daDOS EXCLUSIVOS: <\/p>\n<p>INSCREVA-SE NA IMERS\u00c3O \u201cPODER SEM LIMITES\u201d &#8211; COM DANIEL BERTORELLI: <\/p>\n<p>Peti\u00e7\u00e3o pelo Impeachment de Alexandre de Moraes: <\/p>\n<p>Ou\u00e7a no Spotify: <\/p>\n<p>Para contribuir com o Fio Di\u00e1rio, envie um PIX em nossa chave: contato@fiodiario.com<\/p>\n<p>Siga no Instagram:<\/p>\n<p>Marco Ant\u00f4nio Costa: <\/p>\n<p>Adrilles Jorge: <\/p>\n<p>Fio Di\u00e1rio: <\/p>\n<p><a href=\"https:\/\/www.youtube.com\/watch?v=9BG7wv3JE50\">source<\/a><\/p>","protected":false},"excerpt":{"rendered":"<p>Inscreva-se no nosso Canal! ASSINE A PLATAFORMA FIO DI\u00c1RIO, COM CONTE\u00daDOS EXCLUSIVOS: INSCREVA-SE NA IMERS\u00c3O \u201cPODER SEM LIMITES\u201d &#8211; COM DANIEL BERTORELLI: Peti\u00e7\u00e3o pelo Impeachment de Alexandre de Moraes: Ou\u00e7a&hellip;<\/p>","protected":false},"author":1,"featured_media":39338,"comment_status":"","ping_status":"open","sticky":false,"template":"","format":"standard","meta":{"content-type":"","footnotes":""},"categories":[17],"tags":[560,559,437,920,557,558,19131,63,21058],"class_list":["post-39337","post","type-post","status-publish","format-standard","has-post-thumbnail","hentry","category-programas","tag-adrilles","tag-antonio","tag-costa","tag-daniel","tag-manha","tag-marco","tag-miorim","tag-show","tag-tragicomico"],"_links":{"self":[{"href":"https:\/\/tvbrazilusa.com\/pt\/wp-json\/wp\/v2\/posts\/39337","targetHints":{"allow":["GET"]}}],"collection":[{"href":"https:\/\/tvbrazilusa.com\/pt\/wp-json\/wp\/v2\/posts"}],"about":[{"href":"https:\/\/tvbrazilusa.com\/pt\/wp-json\/wp\/v2\/types\/post"}],"author":[{"embeddable":true,"href":"https:\/\/tvbrazilusa.com\/pt\/wp-json\/wp\/v2\/users\/1"}],"replies":[{"embeddable":true,"href":"https:\/\/tvbrazilusa.com\/pt\/wp-json\/wp\/v2\/comments?post=39337"}],"version-history":[{"count":0,"href":"https:\/\/tvbrazilusa.com\/pt\/wp-json\/wp\/v2\/posts\/39337\/revisions"}],"wp:featuredmedia":[{"embeddable":true,"href":"https:\/\/tvbrazilusa.com\/pt\/wp-json\/wp\/v2\/media\/39338"}],"wp:attachment":[{"href":"https:\/\/tvbrazilusa.com\/pt\/wp-json\/wp\/v2\/media?parent=39337"}],"wp:term":[{"taxonomy":"category","embeddable":true,"href":"https:\/\/tvbrazilusa.com\/pt\/wp-json\/wp\/v2\/categories?post=39337"},{"taxonomy":"post_tag","embeddable":true,"href":"https:\/\/tvbrazilusa.com\/pt\/wp-json\/wp\/v2\/tags?post=39337"}],"curies":[{"name":"wp","href":"https:\/\/api.w.org\/{rel}","templated":true}]}}