{"id":39367,"date":"2024-09-19T16:32:53","date_gmt":"2024-09-19T16:32:53","guid":{"rendered":"https:\/\/tvbrazilusa.com\/2024\/09\/19\/surgem-relatos-de-condicoes-extenuantes-na-academia-de-policia-estadual-apos-a-morte-de-um-recruta\/"},"modified":"2024-09-19T18:45:21","modified_gmt":"2024-09-19T18:45:21","slug":"surgem-relatos-de-condicoes-extenuantes-na-academia-de-policia-estadual-apos-a-morte-de-um-recruta","status":"publish","type":"post","link":"https:\/\/tvbrazilusa.com\/pt\/2024\/09\/19\/surgem-relatos-de-condicoes-extenuantes-na-academia-de-policia-estadual-apos-a-morte-de-um-recruta\/","title":{"rendered":"Surgem relatos de condi\u00e7\u00f5es extenuantes na Academia de Pol\u00edcia Estadual ap\u00f3s a morte de um recruta"},"content":{"rendered":"<p> <script async src=\"https:\/\/pagead2.googlesyndication.com\/pagead\/js\/adsbygoogle.js?client=ca-pub-8864793242727901\"\r\n     crossorigin=\"anonymous\"><\/script><br \/>\n<\/p>\n<div id=\"\">\n<header class=\"m-article-header m-article-header--standard\">\n\t\t\t\t\t\t\t\t\t\t\t\t<span id=\"article-header-primary-term\"><br \/>\n\t\t\t\t\t\t\t\t<a class=\"a-term a-term--primary\" href=\"https:\/\/www.boston.com\/tag\/local-news\/\"><\/p>\n<p>\t\t\t\t\t\t\t\tNot\u00edcias locais\t\t\t\t\t\t\t\t<\/a><br \/>\n\t\t\t\t\t\t\t<\/span><\/p>\n<h2 class=\"m-article-header__sub-headline\">Antes de sua morte na semana passada, Enrique Delgado-Garcia supostamente descreveu condi\u00e7\u00f5es semelhantes \u00e0s de trote na Academia de Pol\u00edcia Estadual, disse seu amigo pr\u00f3ximo ao The Boston Globe.<\/h2>\n<figure class=\"a-photo m-article-header__photo\"><figcaption class=\"a-photo__caption\">\n<p>\tEstagi\u00e1rios da Pol\u00edcia Estadual de Massachusetts marcham para uma cerim\u00f4nia de formatura no DCU Center em Worcester em 2021, marcando a conclus\u00e3o de seu treinamento na Academia de Pol\u00edcia Estadual em New Braintree.<em> David L Ryan\/Boston Globe Staff, Arquivo<\/em>\t<\/figcaption><\/figure>\n<\/header>\n<p>Acusa\u00e7\u00f5es de condi\u00e7\u00f5es extenuantes na Academia de Pol\u00edcia Estadual de Massachusetts surgiram \u00e0 medida que a investiga\u00e7\u00e3o sobre a morte do recruta da Pol\u00edcia Estadual <a href=\"https:\/\/www.boston.com\/news\/local-news\/2024\/09\/16\/worcester-das-office-will-not-lead-investigation-into-death-of-state-police-recruit-citing-conflict\/\" target=\"_blank\" rel=\"noreferrer noopener\">Enrique Delgado-Garcia<\/a> continua.<\/p>\n<p>Delgado-Garcia, 25, morreu na sexta-feira ap\u00f3s <a href=\"https:\/\/www.boston.com\/news\/local-news\/2024\/09\/14\/mass-police-recruit-dies-after-a-medical-crisis-during-training-exercise\/\" target=\"_blank\" rel=\"noreferrer noopener\">tornando-se indiferente<\/a> durante um exerc\u00edcio de treinamento em um ringue de boxe no dia anterior. Detalhes sobre o incidente s\u00e3o escassos at\u00e9 agora, e as autoridades ainda n\u00e3o anunciaram a causa ou a forma da morte. A fam\u00edlia de Delgado-Garcia disse anteriormente \u00e0 NBC10 Boston e \u00e0 Telemundo Nueva Inglaterra que ele estava sem dentes e sofreu <a href=\"https:\/\/www.nbcboston.com\/news\/local\/massachusetts-state-police-recruits-death-what-we-know-about-the-investigation\/3489726\/?os=io.&#038;ref=app\" target=\"_blank\" rel=\"noreferrer noopener\">um pesco\u00e7o quebrado e uma les\u00e3o cerebral<\/a>.<\/p>\n<p>Agora, um amigo pr\u00f3ximo de Delgado-Garcia e um de seus ex-colegas da Academia de Pol\u00edcia Estadual falaram sobre supostas condi\u00e7\u00f5es de treinamento.<\/p>\n<div class=\"m-block t-amp__list-container m-article-list-container m-article-list-container--frame-border a-border-frame  a-list-header__headline--red m-article-list--alternative--default  m-article-list--floated\">\n<ul class=\"t-amp__list a-list--no-style m-article-list m-article-list--recirculation m-article-list--has-images\">\n<li class=\"m-article-list__item m-article-list__item--featured\">\n\t\t\t\t<a class=\"m-article-list__link-wrapper\" href=\"https:\/\/www.boston.com\/news\/local-news\/2024\/09\/16\/worcester-das-office-will-not-lead-investigation-into-death-of-state-police-recruit-citing-conflict\/\" data-p1=\"article_recirc_inline_feature\"><br \/>\n\t\t\t\t<img loading=\"lazy\" decoding=\"async\" width=\"768\" height=\"432\" src=\"https:\/\/bdc2020.o0bc.com\/wp-content\/uploads\/2024\/09\/s3___bgmp-arc_arc-feeds_generic-photos_to-arc_delgado-garcia_2_X-66e86f575de74-768x432.jpg\" class=\"t-amp__list-image m-article-list__image m-article-list__image--full wp-post-image\" alt=\"\" aria-hidden=\"true\" srcset=\"https:\/\/bdc2020.o0bc.com\/wp-content\/uploads\/2024\/09\/s3___bgmp-arc_arc-feeds_generic-photos_to-arc_delgado-garcia_2_X-66e86f575de74-768x432.jpg?width=200 200w, https:\/\/bdc2020.o0bc.com\/wp-content\/uploads\/2024\/09\/s3___bgmp-arc_arc-feeds_generic-photos_to-arc_delgado-garcia_2_X-66e86f575de74-768x432.jpg?width=300 300w, https:\/\/bdc2020.o0bc.com\/wp-content\/uploads\/2024\/09\/s3___bgmp-arc_arc-feeds_generic-photos_to-arc_delgado-garcia_2_X-66e86f575de74-768x432.jpg?width=400 400w, https:\/\/bdc2020.o0bc.com\/wp-content\/uploads\/2024\/09\/s3___bgmp-arc_arc-feeds_generic-photos_to-arc_delgado-garcia_2_X-66e86f575de74-768x432.jpg?width=500 500w, https:\/\/bdc2020.o0bc.com\/wp-content\/uploads\/2024\/09\/s3___bgmp-arc_arc-feeds_generic-photos_to-arc_delgado-garcia_2_X-66e86f575de74-768x432.jpg?width=600 600w, https:\/\/bdc2020.o0bc.com\/wp-content\/uploads\/2024\/09\/s3___bgmp-arc_arc-feeds_generic-photos_to-arc_delgado-garcia_2_X-66e86f575de74-768x432.jpg?width=700 700w, https:\/\/bdc2020.o0bc.com\/wp-content\/uploads\/2024\/09\/s3___bgmp-arc_arc-feeds_generic-photos_to-arc_delgado-garcia_2_X-66e86f575de74-768x432.jpg?width=800 800w, https:\/\/bdc2020.o0bc.com\/wp-content\/uploads\/2024\/09\/s3___bgmp-arc_arc-feeds_generic-photos_to-arc_delgado-garcia_2_X-66e86f575de74-768x432.jpg?width=900 900w\" sizes=\"auto, (max-width: 768px) 100vw, 768px\"\/>\t\t\t\t\t<\/p>\n<p><h4 class=\"m-article-list__headline t-amp__list-headline\">\n\t\t\t\t\t\t\t<span class=\"m-article-list__link a-link a-link--inline a-link--text-link a-link--text-link-dark\"><\/p>\n<p>\t\t\t\t\t\t\tO gabinete do promotor de Worcester n\u00e3o conduzir\u00e1 a investiga\u00e7\u00e3o sobre a morte de um recruta da Pol\u00edcia Estadual, citando conflito\t\t\t\t\t\t\t<\/span><br \/>\n\t\t\t\t\t\t<\/h4>\n<\/p>\n<p>\t\t\t\t<\/a>\n\t\t\t<\/li>\n<li class=\"m-article-list__item\">\n\t\t\t\t\t\t<a class=\"m-article-list__link-wrapper\" href=\"https:\/\/www.boston.com\/news\/local-news\/2024\/09\/14\/mass-police-recruit-dies-after-a-medical-crisis-during-training-exercise\/\" data-p1=\"article_recirc_inline_feed\"><\/p>\n<p><h4 class=\"m-article-list__headline\">\n\t\t\t\t\t\t\t\t\t<span class=\"m-article-list__link a-link a-link--inline a-link--text-link a-link--text-link-dark\"><\/p>\n<p>\t\t\t\t\t\t\t\t\tRecruta da pol\u00edcia de Massachusetts morre ap\u00f3s uma &#8220;crise m\u00e9dica&#8221; durante exerc\u00edcio de treinamento\t\t\t\t\t\t\t\t\t<\/span><br \/>\n\t\t\t\t\t\t\t\t<\/h4>\n<\/p>\n<p>\t\t\t\t\t\t<\/a>\n\t\t\t\t\t<\/li>\n<\/ul>\n<\/div>\n<p>John Shugrue, que conheceu Delgado-Garcia quando eles frequentavam a mesma escola secund\u00e1ria em Worcester, disse <a href=\"https:\/\/www.bostonglobe.com\/2024\/09\/16\/metro\/early-says-msp-recruit-who-died-in-training-formerly-worked-for-him-in-das-office\/\" target=\"_blank\" rel=\"noreferrer noopener\"><em>O Globo de Boston<\/em><\/a>  seu amigo falou sobre as condi\u00e7\u00f5es extenuantes e semelhantes a trotes na academia, embora tenha dito que Delgado-Garcia estava determinado a seguir em frente.<\/p>\n<p>\u201cAs suas palavras exactas foram \u2018tortura\u2019\u201d, disse Shugrue ao <em>Globo<\/em>. \u201cEle achou que valia a pena, ent\u00e3o continuou insistindo. Ele n\u00e3o \u00e9 o tipo de pessoa que desiste.\u201d<\/p>\n<p>Um porta-voz da Pol\u00edcia Estadual disse ao <em>Globo <\/em>a academia foi projetada para ser rigorosa e incorporar treinamento de resili\u00eancia \u00e0 exposi\u00e7\u00e3o ao estresse para ajudar a se preparar para uma \u201ccarreira desafiadora e muitas vezes perigosa na aplica\u00e7\u00e3o da lei\u201d.<\/p>\n<p>Mas Giovani Jn-Baptiste, um ex-estagi\u00e1rio da Pol\u00edcia Estadual que treinou ao lado de Delgado-Garcia, disse <a href=\"https:\/\/www.nbcboston.com\/investigations\/it-was-really-hurtful-former-msp-trainee-who-knew-dead-recruit-details-racist-bullying-allegations-at-academy\/3491841\/\" target=\"_blank\" rel=\"noreferrer noopener\">NBC10 Boston<\/a> ele se sentiu isolado e sofreu com alega\u00e7\u00f5es de bullying e coment\u00e1rios racistas na academia.<\/p>\n<p>\u201cFisicamente, eu estava preparado. Mentalmente, eu estava preparado para o treinamento, mas n\u00e3o para o abuso mental\u201d, ele disse ao canal de not\u00edcias. \u201cTodos os dias, havia bullying.\u201d<\/p>\n<p>Jn-Baptiste tamb\u00e9m falou com <a href=\"https:\/\/www.cbsnews.com\/boston\/news\/massachusetts-state-police-academy-hazing\/\" target=\"_blank\" rel=\"noreferrer noopener\">ZBW<\/a>supostamente descrevendo uma experi\u00eancia de treinamento mais parecida com trote de fraternidade universit\u00e1ria do que treinamento policial. A Pol\u00edcia Estadual dispensou Jn-Baptiste da academia seis semanas antes da formatura, informou o ve\u00edculo de not\u00edcias. <\/p>\n<p>\u201cAs leis de privacidade impedem o Departamento de comentar mais sobre quaisquer detalhes da demiss\u00e3o do estagi\u00e1rio, no entanto, o Departamento nega veementemente as alega\u00e7\u00f5es\u201d, disse um porta-voz da Pol\u00edcia Estadual em um comunicado. <\/p>\n<p>O porta-voz tamb\u00e9m disse que a ag\u00eancia \u201cn\u00e3o tolera nenhuma forma de trote, discrimina\u00e7\u00e3o ou m\u00e1 conduta, e investigamos minuciosamente qualquer alega\u00e7\u00e3o de tal comportamento\u201d. <\/p>\n<h2 class=\"wp-block-heading\" id=\"h-who-will-lead-the-investigation\">Quem liderar\u00e1 a investiga\u00e7\u00e3o?<\/h2>\n<p>A morte de Delgado-Garcia continua sob investiga\u00e7\u00e3o, e o promotor p\u00fablico de Worcester, Joseph Early Jr., anunciou na segunda-feira que seu gabinete n\u00e3o liderar\u00e1 a investiga\u00e7\u00e3o, j\u00e1 que Delgado-Garcia trabalhou anteriormente no gabinete do promotor p\u00fablico. <\/p>\n<p>\u201cEstou procurando algu\u00e9m que possa olhar para isso com uma vis\u00e3o independente, que n\u00e3o tenha interesse no resultado\u201d, disse Early aos rep\u00f3rteres. <\/p>\n<p>Aparecendo no GBH&#8217;s \u201c<a href=\"https:\/\/www.youtube.com\/watch?v=DOoDhYImies&#038;list=PLMQKK3_a14M1mmIeR9IB7jB6AEy_zZz42&#038;index=2\" target=\"_blank\" rel=\"noreferrer noopener\">R\u00e1dio P\u00fablica de Boston<\/a>&#8220;Na ter\u00e7a-feira, a procuradora-geral de Massachusetts, Andrea Campbell, disse que entrou em contato com Early e que as autoridades determinar\u00e3o &#8220;muito em breve&#8221; qual ag\u00eancia deve liderar a investiga\u00e7\u00e3o. <\/p>\n<p>Para complicar essa busca, Campbell observou que seu escrit\u00f3rio e todos os escrit\u00f3rios de promotoria distrital em Massachusetts t\u00eam pessoal da Pol\u00edcia Estadual designado a eles. O escrit\u00f3rio do AG tamb\u00e9m representa ag\u00eancias estaduais \u2014 incluindo a Pol\u00edcia Estadual \u2014 em qualquer lit\u00edgio civil, ela disse.<\/p>\n<p>\u201cEnt\u00e3o \u00e9 um papel duplo aqui que eu tenho que navegar com muito cuidado, e n\u00f3s iremos\u201d, disse Campbell. \u201cE n\u00f3s chegaremos a um lugar onde a fam\u00edlia, \u00e9 claro, tem respostas e uma autoridade de nomea\u00e7\u00e3o apropriada para investigar isso em seu nome e com eles.\u201d <\/p>\n<figure class=\"wp-block-image size-full\"><img loading=\"lazy\" decoding=\"async\" width=\"928\" height=\"629\" src=\"https:\/\/bdc2020.o0bc.com\/wp-content\/uploads\/2024\/09\/SBNZOFQQ6TC44VW33PNIH2OPFM-66e9ed291a397.jpg\" alt=\"\" class=\"wp-image-31746181\" srcset=\"https:\/\/bdc2020.o0bc.com\/wp-content\/uploads\/2024\/09\/SBNZOFQQ6TC44VW33PNIH2OPFM-66e9ed291a397.jpg?width=200 200w, https:\/\/bdc2020.o0bc.com\/wp-content\/uploads\/2024\/09\/SBNZOFQQ6TC44VW33PNIH2OPFM-66e9ed291a397.jpg?width=300 300w, https:\/\/bdc2020.o0bc.com\/wp-content\/uploads\/2024\/09\/SBNZOFQQ6TC44VW33PNIH2OPFM-66e9ed291a397.jpg?width=400 400w, https:\/\/bdc2020.o0bc.com\/wp-content\/uploads\/2024\/09\/SBNZOFQQ6TC44VW33PNIH2OPFM-66e9ed291a397.jpg?width=500 500w, https:\/\/bdc2020.o0bc.com\/wp-content\/uploads\/2024\/09\/SBNZOFQQ6TC44VW33PNIH2OPFM-66e9ed291a397.jpg?width=600 600w, https:\/\/bdc2020.o0bc.com\/wp-content\/uploads\/2024\/09\/SBNZOFQQ6TC44VW33PNIH2OPFM-66e9ed291a397.jpg?width=700 700w, https:\/\/bdc2020.o0bc.com\/wp-content\/uploads\/2024\/09\/SBNZOFQQ6TC44VW33PNIH2OPFM-66e9ed291a397.jpg?width=800 800w, https:\/\/bdc2020.o0bc.com\/wp-content\/uploads\/2024\/09\/SBNZOFQQ6TC44VW33PNIH2OPFM-66e9ed291a397.jpg?width=900 900w\" sizes=\"auto, (max-width: 928px) 100vw, 928px\"\/><figcaption class=\"wp-element-caption\">Enrique Delgado-Garcia.<i> \u2013 Foto fornecida pela fam\u00edlia de Delgado-Garcia por meio do Gabinete do Promotor P\u00fablico de Worcester<\/i><\/figcaption><\/figure>\n<p>Campbell disse que chorou ao saber da morte de Delgado-Garcia, descrevendo o caso como \u201cdevastador\u201d. <\/p>\n<p>\u201cTenho uma unidade da Pol\u00edcia Estadual no escrit\u00f3rio; eles est\u00e3o de cora\u00e7\u00e3o partido\u201d, ela disse. \u201cEu sei que colegas trainees que trabalharam com ele por meses est\u00e3o de cora\u00e7\u00e3o partido, e absolutamente a fam\u00edlia dele est\u00e1 de cora\u00e7\u00e3o partido.\u201d<\/p>\n<p>Campbell tamb\u00e9m disse que entende o senso de urg\u00eancia em torno da investiga\u00e7\u00e3o, especialmente para a fam\u00edlia e a comunidade de Delgado-Garcia. <\/p>\n<p>\u201cEles t\u00eam muitas perguntas\u201d, ela disse. \u201cEles precisam de um ponto de contato para obter respostas a essas perguntas e algu\u00e9m para conduzir essa investiga\u00e7\u00e3o em seu nome.\u201d<\/p>\n<h2 class=\"wp-block-heading\" id=\"h-they-re-going-to-have-to-go-back-to-the-drawing-board\">&#8220;Eles v\u00e3o ter que voltar \u00e0 prancheta&#8221;<\/h2>\n<p>Falando em um evento n\u00e3o relacionado na ter\u00e7a-feira, do lado de fora da State House, a governadora Maura Healey se recusou a comentar sobre quem deveria assumir a investiga\u00e7\u00e3o, de acordo com o <a href=\"https:\/\/www.bostonherald.com\/2024\/09\/17\/healey-does-not-say-if-state-police-should-pause-trainings-at-academy-after-recruits-death\/\" target=\"_blank\" rel=\"noreferrer noopener\"><em>Boston Herald<\/em><\/a>. <\/p>\n<p>Questionado se deveria haver uma pausa nas atividades de treinamento da Academia de Pol\u00edcia Estadual durante a investiga\u00e7\u00e3o, Healey teria alertado contra conclus\u00f5es precipitadas.<\/p>\n<p>\u201cAcho que isso \u00e9 importante at\u00e9 que saibamos os fatos\u201d, disse ela, de acordo com o <em>Arauto<\/em>. \u201cAquela turma, na verdade, est\u00e1 prestes a encerrar o treinamento. Na verdade, haveria uma cerim\u00f4nia de formatura em apenas algumas semanas. Mas vamos garantir que o assunto seja revisado minuciosamente e que entendamos exatamente o que aconteceu.\u201d<\/p>\n<p>Segundo Campbell, a investiga\u00e7\u00e3o tamb\u00e9m proporciona \u00e0 Pol\u00edcia Estadual um momento de introspec\u00e7\u00e3o. <\/p>\n<p>\u201cVoc\u00ea precisa de treinamento, \u00e9 claro, e acho que agora o MSP tem a oportunidade de dizer: &#8216;OK, enquanto garantimos que nosso pessoal tenha um treinamento rigoroso, como garantimos que seja seguro?&#8217;\u201d, ela disse \u00e0 GBH. \u201cEnt\u00e3o eles v\u00e3o ter que voltar \u00e0 prancheta sobre isso, obviamente, e acho que eles v\u00e3o.\u201d<\/p>\n<div class=\"m-block m-generic-cta\t m-generic-cta--post-content\t m-generic-cta--dark\t m-generic-cta--homepage\t m-generic-cta--email-signup\t\t m-generic-cta-block-style--default \tt-amp__generic-cta\"><\/p>\n<div class=\"m-generic-cta__wrap\">\n<div class=\"m-generic-cta__content\">\n<h3 class=\"m-generic-cta__title\">Boston.com Hoje<\/h3>\n<p class=\"m-generic-cta__subtitle\">Inscreva-se para receber as \u00faltimas manchetes na sua caixa de entrada todas as manh\u00e3s.<\/p>\n<\/p><\/div>\n<\/p><\/div>\n<\/div><\/div>\n<p><script>\n\t\tvar consent=\"grant\";\n\t\t\/* The above code is parsing the JSON data from the local storage and storing it in a variable. *\/\n\t\t\t\t\tconst onetrustStorageConsent = JSON.parse(localStorage.getItem( 'consent_one_trust_bdc' ) );\n\t\t\tif ( ( onetrustStorageConsent !== null ) ) {\n\t\t\t\t\/* Checking to see if the user has consented to the use of cookies.\n\t\t\t\t* If they have not, it is deleting the cookie.\n\t\t\t\t* This will comment for now, until further notice.\n\t\t\t\t*\/\n\t\t\t\t\/\/if ( onetrustStorageConsent.C0002 === false ) {\n\t\t\t\t\/\/\tdocument.cookie=\"_fbp=;expires=Thu, 01 Jan 2010 00:00:00 UTC; path=\/; domain=.boston.com\";\n\t\t\t\t\/\/}\n\t\t\t\t\/* Checking if the user has given consent for the cookie C0002.\n\t\t\t\t* If the user has given consent, the variable consent will be set to 'grant'.\n\t\t\t\t* If the user has not given consent,the variable consent will be set to 'revoke'.\n\t\t\t\t* Documentation https:\/\/developers.facebook.com\/docs\/meta-pixel\/implementation\/gdpr\n\t\t\t\t*\/\n\t\t\t\tif ( onetrustStorageConsent.C0002 !== true ) {\n\t\t\t\t\tconsent=\"revoke\";\n\t\t\t\t}\n\t\t\t}\n\t\t\t\t!function(f,b,e,v,n,t,s)\n\t\t{if(f.fbq)return;n=f.fbq=function(){n.callMethod?\n\t\tn.callMethod.apply(n,arguments):n.queue.push(arguments)};\n\t\tif(!f._fbq)f._fbq=n;n.push=n;n.loaded=!0;n.version='2.0';\n\t\tn.queue=[];t=b.createElement(e);t.async=!0;\n\t\tt.src=v;s=b.getElementsByTagName(e)[0];\n\t\ts.parentNode.insertBefore(t,s)}(window, document,'script',\n\t\t'https:\/\/connect.facebook.net\/en_US\/fbevents.js');\n\t\tfbq('consent', consent);\n\t\tfbq('init', '989222871864976');\n\t\tfbq('track', 'PageView');\n\t<\/script><script type=\"module\">\n\t\tvar consent=\"grant\";\n\t\t\/* The above code is parsing the JSON data from the local storage and storing it in a variable. *\/\n\t\t\tconst onetrustStorageConsent = JSON.parse(localStorage.getItem( 'consent_one_trust_bdc' ) );\n\t\t\t\/* Checking to see if the user has consented to the use of cookies.\n\t\t\t* If they have not, it is deleting the cookie.\n\t\t\t* This will comment for now, until further notice.\n\t\t\t*\/\n\t\t\t\/\/if ( onetrustStorageConsent.C0002 === false ) {\n\t\t\t\/\/\tdocument.cookie=\"_fbp=;expires=Thu, 01 Jan 2010 00:00:00 UTC; path=\/; domain=.boston.com\";\n\t\t\t\/\/}\n\t\t\t\/* Checking if the user has given consent for the cookie C0002.\n\t\t\t* If the user has given consent, the variable consent will be set to 'grant'.\n\t\t\t* If the user has not given consent,the variable consent will be set to 'revoke'.\n\t\t\t* Documentation https:\/\/developers.facebook.com\/docs\/meta-pixel\/implementation\/gdpr\n\t\t\t*\/\n\t\t\tif ( ( onetrustStorageConsent !== null ) && (onetrustStorageConsent.C0002 !== true ) ) {\n\t\t\t\tconsent=\"revoke\";\n\t\t\t}\n\t\t\t\t!function(f,b,e,v,n,t,s){if(f.fbq)return;n=f.fbq=function()\n\t\t{n.callMethod? n.callMethod.apply(n,arguments):n.queue.push(arguments)}\n\t\t;if(!f._fbq)f._fbq=n;\n\t\tn.push=n;n.loaded=!0;n.version='2.0';n.queue=[];t=b.createElement(e);t.async=!0;\n\t\tt.src=v;s=b.getElementsByTagName(e)[0];s.parentNode.insertBefore(t,s)}(window,\n\t\tdocument,'script','https:\/\/connect.facebook.net\/en_US\/fbevents.js');\n\t\tfbq('consent', consent);\n\t\tfbq('init', '813236348753005');\n\t\tfbq('track', \"PageView\");\n\t<\/script><br \/>\n<br \/><br \/>\n<br \/><a href=\"https:\/\/www.boston.com\/news\/local-news\/2024\/09\/19\/reports-emerge-of-grueling-conditions-at-state-police-academy-following-recruits-death\/\">Source link <\/a><\/p>","protected":false},"excerpt":{"rendered":"<p>Not\u00edcias locais Antes de sua morte na semana passada, Enrique Delgado-Garcia supostamente descreveu condi\u00e7\u00f5es semelhantes \u00e0s de trote na Academia de Pol\u00edcia Estadual, disse seu amigo pr\u00f3ximo ao The Boston&hellip;<\/p>","protected":false},"author":1,"featured_media":39368,"comment_status":"closed","ping_status":"open","sticky":false,"template":"","format":"standard","meta":{"content-type":"","footnotes":""},"categories":[1],"tags":[],"class_list":["post-39367","post","type-post","status-publish","format-standard","has-post-thumbnail","hentry","category-uncategorized"],"_links":{"self":[{"href":"https:\/\/tvbrazilusa.com\/pt\/wp-json\/wp\/v2\/posts\/39367","targetHints":{"allow":["GET"]}}],"collection":[{"href":"https:\/\/tvbrazilusa.com\/pt\/wp-json\/wp\/v2\/posts"}],"about":[{"href":"https:\/\/tvbrazilusa.com\/pt\/wp-json\/wp\/v2\/types\/post"}],"author":[{"embeddable":true,"href":"https:\/\/tvbrazilusa.com\/pt\/wp-json\/wp\/v2\/users\/1"}],"replies":[{"embeddable":true,"href":"https:\/\/tvbrazilusa.com\/pt\/wp-json\/wp\/v2\/comments?post=39367"}],"version-history":[{"count":1,"href":"https:\/\/tvbrazilusa.com\/pt\/wp-json\/wp\/v2\/posts\/39367\/revisions"}],"predecessor-version":[{"id":39369,"href":"https:\/\/tvbrazilusa.com\/pt\/wp-json\/wp\/v2\/posts\/39367\/revisions\/39369"}],"wp:featuredmedia":[{"embeddable":true,"href":"https:\/\/tvbrazilusa.com\/pt\/wp-json\/wp\/v2\/media\/39368"}],"wp:attachment":[{"href":"https:\/\/tvbrazilusa.com\/pt\/wp-json\/wp\/v2\/media?parent=39367"}],"wp:term":[{"taxonomy":"category","embeddable":true,"href":"https:\/\/tvbrazilusa.com\/pt\/wp-json\/wp\/v2\/categories?post=39367"},{"taxonomy":"post_tag","embeddable":true,"href":"https:\/\/tvbrazilusa.com\/pt\/wp-json\/wp\/v2\/tags?post=39367"}],"curies":[{"name":"wp","href":"https:\/\/api.w.org\/{rel}","templated":true}]}}