{"id":39390,"date":"2024-09-19T19:22:00","date_gmt":"2024-09-19T19:22:00","guid":{"rendered":"https:\/\/tvbrazilusa.com\/2024\/09\/19\/escolas-publicas-de-saugus-processadas-por-grupos-de-direitos-civis-por-registros-de-politicas-de-admissao\/"},"modified":"2024-09-19T19:29:39","modified_gmt":"2024-09-19T19:29:39","slug":"escolas-publicas-de-saugus-processadas-por-grupos-de-direitos-civis-por-registros-de-politicas-de-admissao","status":"publish","type":"post","link":"https:\/\/tvbrazilusa.com\/pt\/2024\/09\/19\/escolas-publicas-de-saugus-processadas-por-grupos-de-direitos-civis-por-registros-de-politicas-de-admissao\/","title":{"rendered":"Escolas p\u00fablicas de Saugus processadas por grupos de direitos civis por registros de pol\u00edticas de admiss\u00e3o"},"content":{"rendered":"<p> <script async src=\"https:\/\/pagead2.googlesyndication.com\/pagead\/js\/adsbygoogle.js?client=ca-pub-8864793242727901\"\r\n     crossorigin=\"anonymous\"><\/script><br \/>\n<\/p>\n<div id=\"\">\n<header class=\"m-article-header m-article-header--standard\">\n\t\t\t\t\t\t\t\t\t\t\t\t<span id=\"article-header-primary-term\"><br \/>\n\t\t\t\t\t\t\t\t<a class=\"a-term a-term--primary\" href=\"https:\/\/www.boston.com\/tag\/local-news\/\"><\/p>\n<p>\t\t\t\t\t\t\t\tNot\u00edcias locais\t\t\t\t\t\t\t\t<\/a><br \/>\n\t\t\t\t\t\t\t<\/span><\/p>\n<h2 class=\"m-article-header__sub-headline\">Os grupos t\u00eam pressionado as autoridades de Saugus a revisar a pol\u00edtica, que eles dizem violar os direitos das crian\u00e7as migrantes e suas fam\u00edlias.<\/h2>\n<figure class=\"a-photo m-article-header__photo\"><figcaption class=\"a-photo__caption\">\n<p>\t Escola Secund\u00e1ria Saugus.<em> Pat Greenhouse\/Boston Globe <\/em>\t<\/figcaption><\/figure>\n<\/header>\n<p>M\u00eas passado,<a href=\"https:\/\/www.boston.com\/news\/local-news\/2024\/08\/19\/migrant-advocates-demand-revision-of-saugus-school-admission-policy\/\"> dois grupos de direitos civis disseram<\/a> que uma pol\u00edtica de admiss\u00e3o das Escolas P\u00fablicas de Saugus viola os direitos constitucionais de fam\u00edlias migrantes usando \u201crequisitos de resid\u00eancia e prova de identidade excessivamente rigorosos\u201d. Agora, esses grupos est\u00e3o processando a cidade em um esfor\u00e7o para obter registros p\u00fablicos sobre a pol\u00edtica. <\/p>\n<p>O <a href=\"https:\/\/lawyersforcivilrights.org\/wp-content\/uploads\/2024\/09\/Saugus-Public-Records-Complaint-9.18.24.pdf\">a\u00e7\u00e3o judicial <\/a>foi movida pelos Advogados pelos Direitos Civis e Defensores das Crian\u00e7as de Massachusetts no Tribunal Superior de Essex na quarta-feira contra a cidade, o distrito escolar e o Comit\u00ea Escolar de Saugus. <\/p>\n<p><a href=\"https:\/\/www.saugus.k12.ma.us\/m\/pages\/index.jsp?dir=J%20-%20STUDENTS&#038;uREC_ID=504154&#038;type=d&#038;termREC_ID=&#038;pREC_ID=987763&#038;hideMenu=0&#038;leftDir=%5B...+left+off+the+folder+name%5D\">A pol\u00edtica<\/a> era <a href=\"https:\/\/vimeo.com\/853781550?turnstile=0.AIR3liZ_rJcKJOEjhoF_iIyjO4hGOHYt0NXNniUIgGpZCOTxV2pFeBFPBDWgjOTDqhU4ZsExE4aYXZ6BpDpyFcqBzlvG29Jo7i06nLqCJm90DHVaU-oLuixVusZfe6Mm8q1OpsZLvjRvJ-GcQGxhDQtzaAlWOP-nKu3Zs-GeATAO2pjxy6gjEVINSFSZ8OU5BzrgblS5K9wsdwMJ4r4cYtNxy_kUWA-ruDR5h5NOU8Ij0shruTwBaK2Lhy297JhJrpA032eyelwz5OigaOiPqkQGB0Q29pZ-v4-Afky1Vr5UOBD4x73-72AJo21Ci7wvTv5lMD6dln2zN59gWUtGPAhI9eRbXG6cYV4IElPGDQ8qxT4m61fY1vqpqaPMI0cjRkKlSlwr3kH8HbxBTGNHLnv2OnhZv4WKtjEYOjH9OE2qqRKXNiajy9EzChxrrK7UOzvgWfQos2-gILff-Ktjuw.sp7VWjxW1cRn5YmsbvwnKQ.702f1475f6870366e3d9d65e7d2b2723cfb2b56ecb0bc0400604213b388e8a81\">aprovado <\/a>pelo Comit\u00ea Escolar de Saugus apenas dois dias ap\u00f3s a governadora Maura Healey <a href=\"https:\/\/www.boston.com\/news\/local-news\/2023\/08\/08\/healey-declares-state-of-emergency-in-response-to-surge-of-migrants-entering-mass\/\">declarou estado de emerg\u00eancia<\/a> sobre o sistema de abrigos sobrecarregado do estado em agosto passado. Um aumento no n\u00famero de migrantes chegando a Massachusetts encheu o sistema e levou Healey a implementar uma s\u00e9rie de restri\u00e7\u00f5es sobre quanto tempo as pessoas podem permanecer nele. <\/p>\n<p>Fam\u00edlias migrantes, incluindo muitos haitianos que fogem do <a href=\"https:\/\/apnews.com\/article\/haiti-gang-violence-soccer-match-penalty-5c2889bf4586524c5bcfd41aafedf195\">viol\u00eancia <\/a>que engolfou sua na\u00e7\u00e3o caribenha, s\u00e3o <a href=\"https:\/\/www.bostonglobe.com\/2024\/08\/15\/metro\/migrants-border-boston\/\">ainda indo <\/a>para Massachusetts, apesar da declara\u00e7\u00e3o de Healey de que o estado est\u00e1 \u201ccheio\u201d. No in\u00edcio desta semana, fam\u00edlias com crian\u00e7as pequenas <a href=\"https:\/\/www.boston.com\/news\/local-news\/2024\/09\/19\/migrant-families-return-to-logan-after-state-tightens-restrictions-shelter-stays\/\">retornou ao Aeroporto Logan<\/a> buscando abrigo, apesar das regras que os pro\u00edbem de faz\u00ea-lo. <\/p>\n<p>De acordo com a pol\u00edtica de Saugus, as fam\u00edlias que se mudam para l\u00e1 devem preencher o censo da cidade para registrar seus filhos em escolas p\u00fablicas. Os pais ou respons\u00e1veis \u200b\u200bpor novos alunos tamb\u00e9m devem fornecer documentos que demonstrem comprovante de resid\u00eancia, ocupa\u00e7\u00e3o e documentos de identifica\u00e7\u00e3o espec\u00edficos, como carteira de motorista v\u00e1lida de Massachusetts ou passaporte dos EUA. <a href=\"https:\/\/lawyersforcivilrights.org\/our-impact\/education\/saugus-sued-over-school-policy\/\">Os grupos de defesa dizem<\/a> esses requisitos excluem desproporcionalmente crian\u00e7as migrantes, violando seus direitos e leis estaduais e locais que pro\u00edbem a discrimina\u00e7\u00e3o em admiss\u00f5es em escolas p\u00fablicas. <\/p>\n<p>\u201cDesde a \u00e9poca em que o Comit\u00ea Escolar de Saugus a promulgou, a pol\u00edtica resultou em in\u00fameros danos a crian\u00e7as pequenas, incluindo meses perdidos de escola, incapacidade de garantir transporte adequado de ida e volta para a escola e outras barreiras \u00e0 entrada\u201d, escreveram eles em uma reclama\u00e7\u00e3o. <\/p>\n<p>Os grupos enviaram uma solicita\u00e7\u00e3o de registros p\u00fablicos ao distrito em maio, pedindo informa\u00e7\u00f5es detalhadas sobre a pol\u00edtica, sua ado\u00e7\u00e3o e como ela foi aplicada at\u00e9 agora. Em resposta, os funcion\u00e1rios de Saugus apenas enviaram de volta a pol\u00edtica em si, de acordo com a reclama\u00e7\u00e3o. Os grupos acusam o distrito de n\u00e3o conduzir uma busca adequada pelos documentos procurados e de n\u00e3o suplementar a resposta inicial com informa\u00e7\u00f5es mais relevantes, incluindo comunica\u00e7\u00f5es internas. <\/p>\n<p>\u201cO p\u00fablico tem o direito de saber por que o Comit\u00ea Escolar de Saugus aprovou essa pol\u00edtica ilegal em primeiro lugar e como ela est\u00e1 sendo usada para excluir crian\u00e7as pequenas da escola\u201d, disse Erika Richmond Walton, advogada da Lawyers for Civil Rights, em uma declara\u00e7\u00e3o. \u201cA transpar\u00eancia \u00e9 cr\u00edtica, particularmente quando o governo est\u00e1 violando os direitos de crian\u00e7as vulner\u00e1veis \u200b\u200bem idade escolar.\u201d<\/p>\n<p>O presidente do comit\u00ea escolar de Saugus, Vincent Serino, defendeu a pol\u00edtica. <\/p>\n<p>\u201cNossa pol\u00edtica de admiss\u00e3o garante que nossos alunos sejam residentes de Saugus e n\u00e3o vivam em cidades e vilas vizinhas. Ela n\u00e3o se aplica a alunos cobertos pelo McKinney-Vento Act, nem o status de imigra\u00e7\u00e3o de um aluno ou de sua fam\u00edlia afetaria sua capacidade de receber educa\u00e7\u00e3o nas escolas de Saugus. Essa pol\u00edtica exata \u00e9 usada em distritos vizinhos sem problemas\u201d, disse Serino em uma declara\u00e7\u00e3o ao Boston.com na quinta-feira. <\/p>\n<p>A pol\u00edtica de Saugus declara especificamente que seus requisitos n\u00e3o se aplicam a estudantes com direito a frequentar as escolas p\u00fablicas da cidade sob o McKinney-Vento Act federal. Sob esse ato, as escolas p\u00fablicas devem matricular imediatamente estudantes sem-teto que vivem no distrito, a menos que seja do melhor interesse deles permanecer em sua \u201cescola de origem\u201d.<\/p>\n<p>A pol\u00edtica tamb\u00e9m esclarece que nenhuma crian\u00e7a que \u201crealmente resida\u201d em Saugus ter\u00e1 o acesso \u00e0 escola negado devido ao seu status de imigra\u00e7\u00e3o ou ao status de imigra\u00e7\u00e3o de seus pais ou respons\u00e1veis. <\/p>\n<p>Os grupos de defesa pediram aos funcion\u00e1rios de Saugus que revisassem a pol\u00edtica antes do in\u00edcio do ano letivo atual, um pedido que n\u00e3o foi atendido. Ent\u00e3o, os grupos entraram com uma <a href=\"https:\/\/lawyersforcivilrights.org\/wp-content\/uploads\/2024\/08\/Saugus-Enrollment-Policy-AG-Letter-Final.pdf\">reclama\u00e7\u00e3o de direitos civis<\/a> com o gabinete da Procuradora Geral Andrea Campbell, pedindo para abrir uma investiga\u00e7\u00e3o sobre o assunto. O gabinete de Campbell disse que esteve em contato com Saugus sobre a pol\u00edtica, mas a pol\u00edtica continua em vigor. <\/p>\n<p>\u201cOs distritos escolares devem acolher os alunos, n\u00e3o promulgar pol\u00edticas excludentes projetadas para impedir a matr\u00edcula\u201d, disse a diretora jur\u00eddica do Massachusetts Advocates for Children, Diana Santiago, em uma declara\u00e7\u00e3o. \u201cRecusar-se a entregar registros p\u00fablicos que esclareceriam por que tal pol\u00edtica foi promulgada e como ela est\u00e1 sendo implementada apenas agrava o problema.\u201d<\/p>\n<div class=\"m-block m-generic-cta\t m-generic-cta--post-content\t m-generic-cta--dark\t m-generic-cta--homepage\t m-generic-cta--email-signup\t\t m-generic-cta-block-style--default \tt-amp__generic-cta\"><\/p>\n<div class=\"m-generic-cta__wrap\">\n<div class=\"m-generic-cta__content\">\n<h3 class=\"m-generic-cta__title\">Boston.com Hoje<\/h3>\n<p class=\"m-generic-cta__subtitle\">Inscreva-se para receber as \u00faltimas manchetes na sua caixa de entrada todas as manh\u00e3s.<\/p>\n<\/p><\/div>\n<\/p><\/div>\n<\/div><\/div>\n<p><script>\n\t\tvar consent=\"grant\";\n\t\t\/* The above code is parsing the JSON data from the local storage and storing it in a variable. *\/\n\t\t\t\t\tconst onetrustStorageConsent = JSON.parse(localStorage.getItem( 'consent_one_trust_bdc' ) );\n\t\t\tif ( ( onetrustStorageConsent !== null ) ) {\n\t\t\t\t\/* Checking to see if the user has consented to the use of cookies.\n\t\t\t\t* If they have not, it is deleting the cookie.\n\t\t\t\t* This will comment for now, until further notice.\n\t\t\t\t*\/\n\t\t\t\t\/\/if ( onetrustStorageConsent.C0002 === false ) {\n\t\t\t\t\/\/\tdocument.cookie=\"_fbp=;expires=Thu, 01 Jan 2010 00:00:00 UTC; path=\/; domain=.boston.com\";\n\t\t\t\t\/\/}\n\t\t\t\t\/* Checking if the user has given consent for the cookie C0002.\n\t\t\t\t* If the user has given consent, the variable consent will be set to 'grant'.\n\t\t\t\t* If the user has not given consent,the variable consent will be set to 'revoke'.\n\t\t\t\t* Documentation https:\/\/developers.facebook.com\/docs\/meta-pixel\/implementation\/gdpr\n\t\t\t\t*\/\n\t\t\t\tif ( onetrustStorageConsent.C0002 !== true ) {\n\t\t\t\t\tconsent=\"revoke\";\n\t\t\t\t}\n\t\t\t}\n\t\t\t\t!function(f,b,e,v,n,t,s)\n\t\t{if(f.fbq)return;n=f.fbq=function(){n.callMethod?\n\t\tn.callMethod.apply(n,arguments):n.queue.push(arguments)};\n\t\tif(!f._fbq)f._fbq=n;n.push=n;n.loaded=!0;n.version='2.0';\n\t\tn.queue=[];t=b.createElement(e);t.async=!0;\n\t\tt.src=v;s=b.getElementsByTagName(e)[0];\n\t\ts.parentNode.insertBefore(t,s)}(window, document,'script',\n\t\t'https:\/\/connect.facebook.net\/en_US\/fbevents.js');\n\t\tfbq('consent', consent);\n\t\tfbq('init', '989222871864976');\n\t\tfbq('track', 'PageView');\n\t<\/script><script type=\"module\">\n\t\tvar consent=\"grant\";\n\t\t\/* The above code is parsing the JSON data from the local storage and storing it in a variable. *\/\n\t\t\tconst onetrustStorageConsent = JSON.parse(localStorage.getItem( 'consent_one_trust_bdc' ) );\n\t\t\t\/* Checking to see if the user has consented to the use of cookies.\n\t\t\t* If they have not, it is deleting the cookie.\n\t\t\t* This will comment for now, until further notice.\n\t\t\t*\/\n\t\t\t\/\/if ( onetrustStorageConsent.C0002 === false ) {\n\t\t\t\/\/\tdocument.cookie=\"_fbp=;expires=Thu, 01 Jan 2010 00:00:00 UTC; path=\/; domain=.boston.com\";\n\t\t\t\/\/}\n\t\t\t\/* Checking if the user has given consent for the cookie C0002.\n\t\t\t* If the user has given consent, the variable consent will be set to 'grant'.\n\t\t\t* If the user has not given consent,the variable consent will be set to 'revoke'.\n\t\t\t* Documentation https:\/\/developers.facebook.com\/docs\/meta-pixel\/implementation\/gdpr\n\t\t\t*\/\n\t\t\tif ( ( onetrustStorageConsent !== null ) && (onetrustStorageConsent.C0002 !== true ) ) {\n\t\t\t\tconsent=\"revoke\";\n\t\t\t}\n\t\t\t\t!function(f,b,e,v,n,t,s){if(f.fbq)return;n=f.fbq=function()\n\t\t{n.callMethod? n.callMethod.apply(n,arguments):n.queue.push(arguments)}\n\t\t;if(!f._fbq)f._fbq=n;\n\t\tn.push=n;n.loaded=!0;n.version='2.0';n.queue=[];t=b.createElement(e);t.async=!0;\n\t\tt.src=v;s=b.getElementsByTagName(e)[0];s.parentNode.insertBefore(t,s)}(window,\n\t\tdocument,'script','https:\/\/connect.facebook.net\/en_US\/fbevents.js');\n\t\tfbq('consent', consent);\n\t\tfbq('init', '813236348753005');\n\t\tfbq('track', \"PageView\");\n\t<\/script><br \/>\n<br \/><br \/>\n<br \/><a href=\"https:\/\/www.boston.com\/news\/local-news\/2024\/09\/19\/saugus-public-schools-sued-by-civil-rights-groups-over-admissions-policy-records\/\">Source link <\/a><\/p>","protected":false},"excerpt":{"rendered":"<p>Not\u00edcias locais Os grupos t\u00eam pressionado as autoridades de Saugus a revisar a pol\u00edtica, que eles dizem violar os direitos das crian\u00e7as migrantes e suas fam\u00edlias. Escola Secund\u00e1ria Saugus. Pat&hellip;<\/p>","protected":false},"author":1,"featured_media":39391,"comment_status":"closed","ping_status":"open","sticky":false,"template":"","format":"standard","meta":{"content-type":"","footnotes":""},"categories":[1],"tags":[],"class_list":["post-39390","post","type-post","status-publish","format-standard","has-post-thumbnail","hentry","category-uncategorized"],"_links":{"self":[{"href":"https:\/\/tvbrazilusa.com\/pt\/wp-json\/wp\/v2\/posts\/39390","targetHints":{"allow":["GET"]}}],"collection":[{"href":"https:\/\/tvbrazilusa.com\/pt\/wp-json\/wp\/v2\/posts"}],"about":[{"href":"https:\/\/tvbrazilusa.com\/pt\/wp-json\/wp\/v2\/types\/post"}],"author":[{"embeddable":true,"href":"https:\/\/tvbrazilusa.com\/pt\/wp-json\/wp\/v2\/users\/1"}],"replies":[{"embeddable":true,"href":"https:\/\/tvbrazilusa.com\/pt\/wp-json\/wp\/v2\/comments?post=39390"}],"version-history":[{"count":1,"href":"https:\/\/tvbrazilusa.com\/pt\/wp-json\/wp\/v2\/posts\/39390\/revisions"}],"predecessor-version":[{"id":39392,"href":"https:\/\/tvbrazilusa.com\/pt\/wp-json\/wp\/v2\/posts\/39390\/revisions\/39392"}],"wp:featuredmedia":[{"embeddable":true,"href":"https:\/\/tvbrazilusa.com\/pt\/wp-json\/wp\/v2\/media\/39391"}],"wp:attachment":[{"href":"https:\/\/tvbrazilusa.com\/pt\/wp-json\/wp\/v2\/media?parent=39390"}],"wp:term":[{"taxonomy":"category","embeddable":true,"href":"https:\/\/tvbrazilusa.com\/pt\/wp-json\/wp\/v2\/categories?post=39390"},{"taxonomy":"post_tag","embeddable":true,"href":"https:\/\/tvbrazilusa.com\/pt\/wp-json\/wp\/v2\/tags?post=39390"}],"curies":[{"name":"wp","href":"https:\/\/api.w.org\/{rel}","templated":true}]}}