{"id":3944,"date":"2024-07-19T15:24:53","date_gmt":"2024-07-19T15:24:53","guid":{"rendered":"https:\/\/tvbrazilusa.com\/2024\/07\/19\/lula-segue-em-silencio-sobre-as-ameacas-de-nicolas-maduro\/"},"modified":"2024-07-19T15:29:52","modified_gmt":"2024-07-19T15:29:52","slug":"lula-segue-em-silencio-sobre-as-ameacas-de-nicolas-maduro","status":"publish","type":"post","link":"https:\/\/tvbrazilusa.com\/pt\/2024\/07\/19\/lula-segue-em-silencio-sobre-as-ameacas-de-nicolas-maduro\/","title":{"rendered":"Lula segue em sil\u00eancio sobre as amea\u00e7as de Nicol\u00e1s Maduro"},"content":{"rendered":"<p> <script async src=\"https:\/\/pagead2.googlesyndication.com\/pagead\/js\/adsbygoogle.js?client=ca-pub-8864793242727901\"\r\n     crossorigin=\"anonymous\"><\/script><br \/>\n<\/p>\n<div>\n<p><em>Foto: EFE\/ Andr\u00e9 Borges<\/em><\/p>\n<p>Recentemente, o presidente venezuelano Nicol\u00e1s Maduro fez declara\u00e7\u00f5es preocupantes a respeito das pr\u00f3ximas elei\u00e7\u00f5es presidenciais em seu pa\u00eds, agendadas para 28 de julho. Em um discurso inflamado, Maduro amea\u00e7ou com um poss\u00edvel \u201cbanho de sangue\u201d e \u201cguerra civil\u201d se a oposi\u00e7\u00e3o sair vitoriosa, afirma\u00e7\u00f5es que levantaram alarme tanto na Venezuela quanto internacionalmente.<\/p>\n<p>Enquanto isso, no Brasil, a postura do presidente Luiz In\u00e1cio Lula da Silva e do Itamaraty tem sido notavelmente reservada. A falta de um posicionamento firme por parte do governo brasileiro vem gerando cr\u00edticas e colocando o pa\u00eds em uma posi\u00e7\u00e3o delicada no cen\u00e1rio internacional.<\/p>\n<h2 class=\"wp-block-heading\">O que significa o sil\u00eancio do Brasil?<\/h2>\n<p><strong>Apesar de sua conhecida defesa pela democracia<\/strong>, Lula manteve um v\u00ednculo diplom\u00e1tico cauteloso com Maduro, evitando criticar diretamente as recentes declara\u00e7\u00f5es do l\u00edder venezuelano. Tal postura pode ser interpretada como um esfor\u00e7o para n\u00e3o deteriorar as j\u00e1 complexas rela\u00e7\u00f5es diplom\u00e1ticas na Am\u00e9rica Latina.<\/p>\n<h2 class=\"wp-block-heading\">Qual deveria ser a resposta ideal do Brasil?<\/h2>\n<p>Analistas pol\u00edticos e especialistas em rela\u00e7\u00f5es internacionais sugerem que o Brasil deveria adotar uma postura mais assertiva. Gunther Rudzit, professor de rela\u00e7\u00f5es internacionais, enfatiza que uma \u201cdeclara\u00e7\u00e3o p\u00fablica forte\u201d seria apropriada, ressaltando o compromisso do Brasil com os princ\u00edpios democr\u00e1ticos e o rep\u00fadio \u00e0 viol\u00eancia como meio de resolu\u00e7\u00e3o de conflitos.<\/p>\n<h2 class=\"wp-block-heading\">Por que a democracia na Venezuela \u00e9 crucial para a Am\u00e9rica Latina?<\/h2>\n<p>A estabilidade pol\u00edtica da Venezuela \u00e9 fundamental n\u00e3o apenas para seus cidad\u00e3os, mas para toda a Am\u00e9rica Latina. Eventuais conflitos ou uma guerra civil poderiam desencadear uma crise humanit\u00e1ria com efeitos diretos nos pa\u00edses vizinhos, incluindo o fluxo de refugiados e a desestabiliza\u00e7\u00e3o econ\u00f4mica regional.<\/p>\n<p>As elei\u00e7\u00f5es venezuelanas representam um momento cr\u00edtico na hist\u00f3ria do pa\u00eds. Segundo pesquisas, a oposi\u00e7\u00e3o tem grandes chances de vit\u00f3ria, o que, para Maduro, parece inaceit\u00e1vel. Suas declara\u00e7\u00f5es sobre uma alian\u00e7a \u201cc\u00edvico-militar-policial\u201d para manuten\u00e7\u00e3o do poder sinalizam uma prepara\u00e7\u00e3o para o confronto, algo que a comunidade internacional deve observar atentamente.<\/p>\n<p>O cen\u00e1rio descrito por Maduro poderia ter implica\u00e7\u00f5es profundas n\u00e3o apenas para a Venezuela, mas para toda a regi\u00e3o latino-americana. \u00c9 imperativo que l\u00edderes globais, incluindo o Brasil, se posicionem de forma a apoiar um processo eleitoral pac\u00edfico e democr\u00e1tico. A resposta do Itamaraty, embora ainda t\u00edmida, \u00e9 aguardada por todos que prezam pela democracia e estabilidade regional.<\/p>\n<ul class=\"wp-block-list\">\n<li>Amea\u00e7as de viol\u00eancia em elei\u00e7\u00f5es s\u00e3o inaceit\u00e1veis.<\/li>\n<li>A import\u00e2ncia de uma resposta firme do Brasil frente \u00e0s declara\u00e7\u00f5es de Maduro.<\/li>\n<li>O papel da democracia venezuelana para a estabilidade da Am\u00e9rica Latina.<\/li>\n<\/ul>\n<p>Neste cen\u00e1rio de tens\u00f5es e expectativas, a comunidade internacional continua de olho nas a\u00e7\u00f5es de Maduro e nas rea\u00e7\u00f5es diplom\u00e1ticas do Brasil e de outros pa\u00edses. A democracia na Venezuela, agora mais do que nunca, mostra-se como um pilar para a paz e seguran\u00e7a de toda a regi\u00e3o.<\/p>\n<\/p><\/div>\n<p><br \/>\n<br \/><a href=\"https:\/\/terrabrasilnoticias.com\/2024\/07\/lula-segue-em-silencio-sobre-as-ameacas-de-nicolas-maduro\/\">Source link <\/a><\/p>","protected":false},"excerpt":{"rendered":"<p>Foto: EFE\/ Andr\u00e9 Borges Recentemente, o presidente venezuelano Nicol\u00e1s Maduro fez declara\u00e7\u00f5es preocupantes a respeito das pr\u00f3ximas elei\u00e7\u00f5es presidenciais em seu pa\u00eds, agendadas para 28 de julho. Em um discurso&hellip;<\/p>","protected":false},"author":1,"featured_media":3945,"comment_status":"closed","ping_status":"open","sticky":false,"template":"","format":"standard","meta":{"content-type":"","footnotes":""},"categories":[16],"tags":[],"class_list":["post-3944","post","type-post","status-publish","format-standard","has-post-thumbnail","hentry","category-noticias"],"_links":{"self":[{"href":"https:\/\/tvbrazilusa.com\/pt\/wp-json\/wp\/v2\/posts\/3944","targetHints":{"allow":["GET"]}}],"collection":[{"href":"https:\/\/tvbrazilusa.com\/pt\/wp-json\/wp\/v2\/posts"}],"about":[{"href":"https:\/\/tvbrazilusa.com\/pt\/wp-json\/wp\/v2\/types\/post"}],"author":[{"embeddable":true,"href":"https:\/\/tvbrazilusa.com\/pt\/wp-json\/wp\/v2\/users\/1"}],"replies":[{"embeddable":true,"href":"https:\/\/tvbrazilusa.com\/pt\/wp-json\/wp\/v2\/comments?post=3944"}],"version-history":[{"count":1,"href":"https:\/\/tvbrazilusa.com\/pt\/wp-json\/wp\/v2\/posts\/3944\/revisions"}],"predecessor-version":[{"id":3946,"href":"https:\/\/tvbrazilusa.com\/pt\/wp-json\/wp\/v2\/posts\/3944\/revisions\/3946"}],"wp:featuredmedia":[{"embeddable":true,"href":"https:\/\/tvbrazilusa.com\/pt\/wp-json\/wp\/v2\/media\/3945"}],"wp:attachment":[{"href":"https:\/\/tvbrazilusa.com\/pt\/wp-json\/wp\/v2\/media?parent=3944"}],"wp:term":[{"taxonomy":"category","embeddable":true,"href":"https:\/\/tvbrazilusa.com\/pt\/wp-json\/wp\/v2\/categories?post=3944"},{"taxonomy":"post_tag","embeddable":true,"href":"https:\/\/tvbrazilusa.com\/pt\/wp-json\/wp\/v2\/tags?post=3944"}],"curies":[{"name":"wp","href":"https:\/\/api.w.org\/{rel}","templated":true}]}}