{"id":39454,"date":"2024-09-19T22:58:49","date_gmt":"2024-09-19T22:58:49","guid":{"rendered":"https:\/\/tvbrazilusa.com\/2024\/09\/19\/argentina-registra-superavit-primario-pelo-oitavo-mes-consecutivo-em-agosto\/"},"modified":"2024-09-19T22:58:50","modified_gmt":"2024-09-19T22:58:50","slug":"argentina-registra-superavit-primario-pelo-oitavo-mes-consecutivo-em-agosto","status":"publish","type":"post","link":"https:\/\/tvbrazilusa.com\/pt\/2024\/09\/19\/argentina-registra-superavit-primario-pelo-oitavo-mes-consecutivo-em-agosto\/","title":{"rendered":"Argentina registra super\u00e1vit prim\u00e1rio pelo oitavo m\u00eas consecutivo em agosto"},"content":{"rendered":"<p> <script async src=\"https:\/\/pagead2.googlesyndication.com\/pagead\/js\/adsbygoogle.js?client=ca-pub-8864793242727901\"\r\n     crossorigin=\"anonymous\"><\/script><br \/>\n<\/p>\n<div id=\"taboola-read-more\" style=\"display:block; width:100%\">\n<p>A Argentina registrou o oitavo super\u00e1vit fiscal prim\u00e1rio consecutivo em agosto, de 899,66 bilh\u00f5es de pesos (US$ 934,7 milh\u00f5es), informou o Minist\u00e9rio da Economia do pa\u00eds nesta quinta-feira (19), conforme o governo adota medidas rigorosas de austeridade para enfrentar a crise econ\u00f4mica.<\/p>\n<p>O presidente libert\u00e1rio Javier Milei prometeu vetar qualquer projeto de lei que ameace o equil\u00edbrio fiscal, argumentando que gastos de governos anteriores contribu\u00edram para a infla\u00e7\u00e3o alt\u00edssima.<\/p>\n<aside class=\"read-too read-too--with-img\">\n<p>Nesta ter\u00e7a-feira (17), Milei, disse durante uma apresenta\u00e7\u00e3o ao Congresso no domingo sobre o or\u00e7amento de 2025 que vai defender o compromisso de seu governo de manter o equil\u00edbrio fiscal e vetar todos os projetos de lei que o ameacem.<\/p>\n<p>Milei, que assumiu o cargo em dezembro, adotou medidas rigorosas de austeridade para combater a infla\u00e7\u00e3o galopante e estabilizar a economia, e considera inegoci\u00e1vel um or\u00e7amento equilibrado.<\/p>\n<p>Ele afirmou que s\u00f3 consideraria aumentar as despesas se os gastos em outros lugares fossem reduzidos na mesma medida.<\/p>\n<p><strong>CNN<\/strong><\/p>\n<\/aside><\/div>\n<p><br \/>\n<br \/><a href=\"https:\/\/diariodobrasilnoticias.com.br\/noticia\/argentina-registra-superavit-primario-pelo-oitavo-mes-consecutivo-em-agosto-66ec854a3d8f0\">Source link <\/a><\/p>","protected":false},"excerpt":{"rendered":"<p>A Argentina registrou o oitavo super\u00e1vit fiscal prim\u00e1rio consecutivo em agosto, de 899,66 bilh\u00f5es de pesos (US$ 934,7 milh\u00f5es), informou o Minist\u00e9rio da Economia do pa\u00eds nesta quinta-feira (19), conforme&hellip;<\/p>","protected":false},"author":1,"featured_media":39455,"comment_status":"closed","ping_status":"open","sticky":false,"template":"","format":"standard","meta":{"content-type":"","footnotes":""},"categories":[16],"tags":[123,2448,5313,1267],"class_list":["post-39454","post","type-post","status-publish","format-standard","has-post-thumbnail","hentry","category-noticias","tag-brasil","tag-diario","tag-noticia","tag-noticias"],"_links":{"self":[{"href":"https:\/\/tvbrazilusa.com\/pt\/wp-json\/wp\/v2\/posts\/39454","targetHints":{"allow":["GET"]}}],"collection":[{"href":"https:\/\/tvbrazilusa.com\/pt\/wp-json\/wp\/v2\/posts"}],"about":[{"href":"https:\/\/tvbrazilusa.com\/pt\/wp-json\/wp\/v2\/types\/post"}],"author":[{"embeddable":true,"href":"https:\/\/tvbrazilusa.com\/pt\/wp-json\/wp\/v2\/users\/1"}],"replies":[{"embeddable":true,"href":"https:\/\/tvbrazilusa.com\/pt\/wp-json\/wp\/v2\/comments?post=39454"}],"version-history":[{"count":1,"href":"https:\/\/tvbrazilusa.com\/pt\/wp-json\/wp\/v2\/posts\/39454\/revisions"}],"predecessor-version":[{"id":39456,"href":"https:\/\/tvbrazilusa.com\/pt\/wp-json\/wp\/v2\/posts\/39454\/revisions\/39456"}],"wp:featuredmedia":[{"embeddable":true,"href":"https:\/\/tvbrazilusa.com\/pt\/wp-json\/wp\/v2\/media\/39455"}],"wp:attachment":[{"href":"https:\/\/tvbrazilusa.com\/pt\/wp-json\/wp\/v2\/media?parent=39454"}],"wp:term":[{"taxonomy":"category","embeddable":true,"href":"https:\/\/tvbrazilusa.com\/pt\/wp-json\/wp\/v2\/categories?post=39454"},{"taxonomy":"post_tag","embeddable":true,"href":"https:\/\/tvbrazilusa.com\/pt\/wp-json\/wp\/v2\/tags?post=39454"}],"curies":[{"name":"wp","href":"https:\/\/api.w.org\/{rel}","templated":true}]}}