{"id":39487,"date":"2024-09-20T00:27:56","date_gmt":"2024-09-20T00:27:56","guid":{"rendered":"https:\/\/tvbrazilusa.com\/2024\/09\/20\/homem-e-detido-por-ameacas-de-morte-a-juizes-da-suprema-corte-dos-eua\/"},"modified":"2024-09-20T00:27:57","modified_gmt":"2024-09-20T00:27:57","slug":"homem-e-detido-por-ameacas-de-morte-a-juizes-da-suprema-corte-dos-eua","status":"publish","type":"post","link":"https:\/\/tvbrazilusa.com\/pt\/2024\/09\/20\/homem-e-detido-por-ameacas-de-morte-a-juizes-da-suprema-corte-dos-eua\/","title":{"rendered":"Homem \u00e9 detido por amea\u00e7as de morte a ju\u00edzes da Suprema Corte dos EUA"},"content":{"rendered":"<p> <script async src=\"https:\/\/pagead2.googlesyndication.com\/pagead\/js\/adsbygoogle.js?client=ca-pub-8864793242727901\"\r\n     crossorigin=\"anonymous\"><\/script><br \/>\n<\/p>\n<div id=\"taboola-read-more\" style=\"display:block; width:100%\">\n<p>O Departamento de Justi\u00e7a dos Estados Unidos anunciou, nesta quinta-feira (19\/9), a pris\u00e3o de Panos Anastasiou, 76 anos, sob acusa\u00e7\u00f5es de ter feito amea\u00e7as de morte e tortura contra seis ministros da Suprema Corte norte-americana.<\/p>\n<p>Nascido no Alasca, Panos teria enviado mais de 465 mensagens racistas, homof\u00f3bicas e violentas pelo site oficial da Corte, conforme a acusa\u00e7\u00e3o apresentada na quarta-feira (18\/9). As amea\u00e7as teriam come\u00e7ado na primavera de 2023 e se estendido at\u00e9 pelo menos julho de 2024.<\/p>\n<p>Ao todo, ele enfrenta 22 acusa\u00e7\u00f5es federais, sendo nove por amea\u00e7as a ju\u00edzes federais e 13 por amea\u00e7as no com\u00e9rcio interestadual. O procurador-geral Merrick Garland afirmou: \u201cAlegamos que o r\u00e9u fez repetidas e hediondas amea\u00e7as de assassinar e torturar ju\u00edzes da Suprema Corte e suas fam\u00edlias para retaliar contra decis\u00f5es que ele discordava.\u201d<\/p>\n<p>Garland destacou a import\u00e2ncia de um sistema judicial que permita decis\u00f5es baseadas na lei, e n\u00e3o no medo: \u201cNossa democracia depende da capacidade dos funcion\u00e1rios p\u00fablicos de desempenharem suas fun\u00e7\u00f5es sem temor por suas vidas ou pela seguran\u00e7a de suas fam\u00edlias.\u201d<\/p>\n<p>A pris\u00e3o de Panos ocorre em um contexto de aumento das amea\u00e7as contra autoridades locais e federais nos EUA. Em resposta, o Departamento de Justi\u00e7a formou uma for\u00e7a-tarefa em junho para investigar e processar essas amea\u00e7as.<\/p>\n<p>Mensagens atribu\u00eddas a Panos incluem declara\u00e7\u00f5es extremas, como: \u201cPRECISAMOS DE ASSASSINATOS EM MASSA. Se voc\u00ea \u00e9 corrupto, voc\u00ea \u00e9 corrupto, oficiais e n\u00e3o oficiais.\u201d Em outra mensagem, ele teria mencionado a inten\u00e7\u00e3o de convocar veteranos do Vietn\u00e3 para realizar a\u00e7\u00f5es violentas contra ju\u00edzes.<\/p>\n<p>Os promotores ressaltaram que as amea\u00e7as de Panos eram \u201cextremas e repetidas\u201d, e sua ret\u00f3rica tinha o objetivo de intimidar altos funcion\u00e1rios do governo a n\u00e3o exercerem suas fun\u00e7\u00f5es oficiais.<\/p>\n<p><strong>Gazeta Brasil\u00a0<\/strong><\/p>\n<\/p><\/div>\n<p><br \/>\n<br \/><a href=\"https:\/\/diariodobrasilnoticias.com.br\/noticia\/homem-e-detido-por-ameacas-de-morte-a-juizes-da-suprema-corte-dos-eua-66ec92e859136\">Source link <\/a><\/p>","protected":false},"excerpt":{"rendered":"<p>O Departamento de Justi\u00e7a dos Estados Unidos anunciou, nesta quinta-feira (19\/9), a pris\u00e3o de Panos Anastasiou, 76 anos, sob acusa\u00e7\u00f5es de ter feito amea\u00e7as de morte e tortura contra seis&hellip;<\/p>","protected":false},"author":1,"featured_media":39488,"comment_status":"closed","ping_status":"open","sticky":false,"template":"","format":"standard","meta":{"content-type":"","footnotes":""},"categories":[16],"tags":[123,2448,5313,1267],"class_list":["post-39487","post","type-post","status-publish","format-standard","has-post-thumbnail","hentry","category-noticias","tag-brasil","tag-diario","tag-noticia","tag-noticias"],"_links":{"self":[{"href":"https:\/\/tvbrazilusa.com\/pt\/wp-json\/wp\/v2\/posts\/39487","targetHints":{"allow":["GET"]}}],"collection":[{"href":"https:\/\/tvbrazilusa.com\/pt\/wp-json\/wp\/v2\/posts"}],"about":[{"href":"https:\/\/tvbrazilusa.com\/pt\/wp-json\/wp\/v2\/types\/post"}],"author":[{"embeddable":true,"href":"https:\/\/tvbrazilusa.com\/pt\/wp-json\/wp\/v2\/users\/1"}],"replies":[{"embeddable":true,"href":"https:\/\/tvbrazilusa.com\/pt\/wp-json\/wp\/v2\/comments?post=39487"}],"version-history":[{"count":1,"href":"https:\/\/tvbrazilusa.com\/pt\/wp-json\/wp\/v2\/posts\/39487\/revisions"}],"predecessor-version":[{"id":39489,"href":"https:\/\/tvbrazilusa.com\/pt\/wp-json\/wp\/v2\/posts\/39487\/revisions\/39489"}],"wp:featuredmedia":[{"embeddable":true,"href":"https:\/\/tvbrazilusa.com\/pt\/wp-json\/wp\/v2\/media\/39488"}],"wp:attachment":[{"href":"https:\/\/tvbrazilusa.com\/pt\/wp-json\/wp\/v2\/media?parent=39487"}],"wp:term":[{"taxonomy":"category","embeddable":true,"href":"https:\/\/tvbrazilusa.com\/pt\/wp-json\/wp\/v2\/categories?post=39487"},{"taxonomy":"post_tag","embeddable":true,"href":"https:\/\/tvbrazilusa.com\/pt\/wp-json\/wp\/v2\/tags?post=39487"}],"curies":[{"name":"wp","href":"https:\/\/api.w.org\/{rel}","templated":true}]}}