{"id":39495,"date":"2024-09-20T01:12:34","date_gmt":"2024-09-20T01:12:34","guid":{"rendered":"https:\/\/tvbrazilusa.com\/2024\/09\/20\/venezuela-possui-mais-presos-politicos-do-que-cuba\/"},"modified":"2024-09-20T01:12:35","modified_gmt":"2024-09-20T01:12:35","slug":"venezuela-possui-mais-presos-politicos-do-que-cuba","status":"publish","type":"post","link":"https:\/\/tvbrazilusa.com\/pt\/2024\/09\/20\/venezuela-possui-mais-presos-politicos-do-que-cuba\/","title":{"rendered":"Venezuela possui mais presos pol\u00edticos do que Cuba"},"content":{"rendered":"<p> <script async src=\"https:\/\/pagead2.googlesyndication.com\/pagead\/js\/adsbygoogle.js?client=ca-pub-8864793242727901\"\r\n     crossorigin=\"anonymous\"><\/script><br \/>\n<\/p>\n<div id=\"taboola-read-more\" style=\"display:block; width:100%\">\n<p>A ONG Foro Penal, que atua em defesa dos direitos humanos na Venezuela, denunciou na quarta-feira, 18, que a ditadura de Nicol\u00e1s Maduro (\u00e0 direita na foto) mant\u00e9m 1.834 presos pol\u00edticos, dos quais 1.692 est\u00e3o detidos desde 29 de julho de 2024, um dia ap\u00f3s a farsa eleitoral montada pelo regime chavista.<\/p>\n<p>Esse n\u00famero \u00e9 bem superior ao de presos pol\u00edticos em Cuba, do ditador Miguel D\u00edaz-Canel Berm\u00fadez (\u00e0 esquerda na foto), que em agosto mantinha 1.105 presos pol\u00edticos, de acordo com a ONG Prisoners Defenders.<\/p>\n<p>\u201cRegistramos e classificamos o maior n\u00famero de presos por motivos pol\u00edticos conhecido na Venezuela, pelo menos no s\u00e9culo 21\u201c, disse a Foro Penal ao divulgar os dados atualizados.<\/p>\n<p>Segundo a organiza\u00e7\u00e3o, s\u00e3o 1.608 homens e 226 mulheres presos por se opor ao regime de Maduro, dos quais s\u00e3o 1.677 civis e 157 militares. Desde 2014, 17.609 pris\u00f5es por motiva\u00e7\u00f5es pol\u00edticas foram registradas na Venezuela.<\/p>\n<p>Em relat\u00f3rio publicado na ter\u00e7a-feira, 17, a Miss\u00e3o Internacional Independente de Apura\u00e7\u00e3o de Fatos da ONU apontou que 158 menores de idade foram detidos ap\u00f3s protestos \u201cacusados \u200b\u200bde graves crimes como o terrorismo\u201d.<\/p>\n<p>\u201cEm alguns dos casos registrados, as v\u00edtimas eram meninos e meninas detidos com defici\u00eancia. Embora os detidos fossem geralmente levados para centros de reintegra\u00e7\u00e3o de adolescentes infratores, em alguns casos eles permaneceram detidos em pris\u00f5es comuns, sem respeitar a separa\u00e7\u00e3o por idade ou sexo. Esta falta de divis\u00e3o nos centros de deten\u00e7\u00e3o colocou meninos e meninas numa situa\u00e7\u00e3o de especial vulnerabilidade.<\/p>\n<p>Segundo informa\u00e7\u00f5es recebidas pela miss\u00e3o, esta situa\u00e7\u00e3o afetou principalmente as meninas, que, em algumas ocasi\u00f5es, foram v\u00edtimas de ass\u00e9dio sexual enquanto estavam detidos junto com homens adultos.\u201d<\/p>\n<h2 id=\"h-presos-politicos-de-cuba\" class=\"wp-block-heading\">Presos pol\u00edticos de Cuba<\/h2>\n<p>Em Cuba, o regime de Miguel D\u00edaz-Canel fez dois novos presos pol\u00edticos em agosto. Segundo a\u00a0<em>Prisioners Defenders<\/em>, houve cancelamentos de registros da lista de prisioneiros por suic\u00eddio, expatria\u00e7\u00e3o for\u00e7ada e 13 senten\u00e7as completas. Mesmo assim, 1.105 pessoas continuam detidas por fazer oposi\u00e7\u00e3o ao regime.<\/p>\n<p><em>\u201cDestacamos a situa\u00e7\u00e3o horr\u00edvel que os presos vivem, famintos, doentes, sem atendimento m\u00e9dico e torturados.\u201d<\/em><\/p>\n<p><strong>O Antagonista\u00a0<\/strong><\/p>\n<\/p><\/div>\n<p><br \/>\n<br \/><a href=\"https:\/\/diariodobrasilnoticias.com.br\/noticia\/venezuela-possui-mais-presos-politicos-do-que-cuba-66ec943766960\">Source link <\/a><\/p>","protected":false},"excerpt":{"rendered":"<p>A ONG Foro Penal, que atua em defesa dos direitos humanos na Venezuela, denunciou na quarta-feira, 18, que a ditadura de Nicol\u00e1s Maduro (\u00e0 direita na foto) mant\u00e9m 1.834 presos&hellip;<\/p>","protected":false},"author":1,"featured_media":39496,"comment_status":"closed","ping_status":"open","sticky":false,"template":"","format":"standard","meta":{"content-type":"","footnotes":""},"categories":[16],"tags":[123,2448,5313,1267],"class_list":["post-39495","post","type-post","status-publish","format-standard","has-post-thumbnail","hentry","category-noticias","tag-brasil","tag-diario","tag-noticia","tag-noticias"],"_links":{"self":[{"href":"https:\/\/tvbrazilusa.com\/pt\/wp-json\/wp\/v2\/posts\/39495","targetHints":{"allow":["GET"]}}],"collection":[{"href":"https:\/\/tvbrazilusa.com\/pt\/wp-json\/wp\/v2\/posts"}],"about":[{"href":"https:\/\/tvbrazilusa.com\/pt\/wp-json\/wp\/v2\/types\/post"}],"author":[{"embeddable":true,"href":"https:\/\/tvbrazilusa.com\/pt\/wp-json\/wp\/v2\/users\/1"}],"replies":[{"embeddable":true,"href":"https:\/\/tvbrazilusa.com\/pt\/wp-json\/wp\/v2\/comments?post=39495"}],"version-history":[{"count":1,"href":"https:\/\/tvbrazilusa.com\/pt\/wp-json\/wp\/v2\/posts\/39495\/revisions"}],"predecessor-version":[{"id":39497,"href":"https:\/\/tvbrazilusa.com\/pt\/wp-json\/wp\/v2\/posts\/39495\/revisions\/39497"}],"wp:featuredmedia":[{"embeddable":true,"href":"https:\/\/tvbrazilusa.com\/pt\/wp-json\/wp\/v2\/media\/39496"}],"wp:attachment":[{"href":"https:\/\/tvbrazilusa.com\/pt\/wp-json\/wp\/v2\/media?parent=39495"}],"wp:term":[{"taxonomy":"category","embeddable":true,"href":"https:\/\/tvbrazilusa.com\/pt\/wp-json\/wp\/v2\/categories?post=39495"},{"taxonomy":"post_tag","embeddable":true,"href":"https:\/\/tvbrazilusa.com\/pt\/wp-json\/wp\/v2\/tags?post=39495"}],"curies":[{"name":"wp","href":"https:\/\/api.w.org\/{rel}","templated":true}]}}