{"id":39507,"date":"2024-09-20T01:49:47","date_gmt":"2024-09-20T01:49:47","guid":{"rendered":"https:\/\/tvbrazilusa.com\/2024\/09\/20\/biden-recebera-zelensky-na-casa-branca-para-discutir-a-guerra-com-a-russia\/"},"modified":"2024-09-20T01:49:48","modified_gmt":"2024-09-20T01:49:48","slug":"biden-recebera-zelensky-na-casa-branca-para-discutir-a-guerra-com-a-russia","status":"publish","type":"post","link":"https:\/\/tvbrazilusa.com\/pt\/2024\/09\/20\/biden-recebera-zelensky-na-casa-branca-para-discutir-a-guerra-com-a-russia\/","title":{"rendered":"Biden receber\u00e1 Zelensky na Casa Branca para discutir a guerra com a R\u00fassia"},"content":{"rendered":"<p> <script async src=\"https:\/\/pagead2.googlesyndication.com\/pagead\/js\/adsbygoogle.js?client=ca-pub-8864793242727901\"\r\n     crossorigin=\"anonymous\"><\/script><br \/>\n<\/p>\n<div>\n<figure class=\"post-image\">\n<\/figure>\n<p><span style=\"font-size: 12px\"> (Emmanuel PEUCHOT\/AFP)<\/span><\/p>\n<div id=\"taboola-read-more\" style=\"display:block; width:100%\">\n<p>O presidente dos Estados Unidos, Joe Biden, receber\u00e1 o mandat\u00e1rio ucraniano, Volodymyr Zelensky, na Casa Branca na pr\u00f3xima quinta-feira, 26. A reuni\u00e3o seguir\u00e1 sua participa\u00e7\u00e3o na Assembleia Geral da ONU em Nova York e na qual discutir\u00e3o o estado da guerra. Em comunicado, a porta-voz da Casa Branca, Karine Jean-Pierre, informou que o l\u00edder ucraniano se reunir\u00e1 separadamente com a candidata democrata \u00e0 presid\u00eancia, a vice-presidente Kamala Harris.<\/p>\n<p>Biden e Zelensky, segundo o texto, discutir\u00e3o o estado da guerra entre R\u00fassia e Ucr\u00e2nia e o apoio dos EUA ao pa\u00eds do Leste Europeu. &#8220;O presidente e a vice-presidente enfatizar\u00e3o seu compromisso inabal\u00e1vel de apoiar a Ucr\u00e2nia at\u00e9 que ela ven\u00e7a essa guerra&#8221;, diz o comunicado. Ano passado, Zelensky tamb\u00e9m viajou para Washington ap\u00f3s a Assembleia Geral das Na\u00e7\u00f5es Unidas, que reunir\u00e1 130 chefes de Estado e de governo em Nova York na semana que vem e onde a guerra na Ucr\u00e2nia ser\u00e1 uma das quest\u00f5es centrais a serem debatidas.<\/p>\n<p class=\"m-0 p-0 lg:text-pretty body-extra-large text-colors-text dark:text-colors-background overflow-hidden py-3 lg:py-4\">Zelenski esteve em Washington pela \u00faltima vez em julho, para a c\u00fapula da Otan. Naquela reuni\u00e3o, Biden anunciou um pacote de ajuda militar para o pa\u00eds europeu que fazia parte da ajuda de US$ 61 bilh\u00f5es aprovada pelo Congresso dos EUA em abril, que veio ap\u00f3s meses de debate devido ao bloqueio dos republicanos.<\/p>\n<p class=\"m-0 p-0 lg:text-pretty body-extra-large text-colors-text dark:text-colors-background overflow-hidden py-3 lg:py-4\"><strong>EXAME\u00a0<\/strong><\/p>\n<p>\u00a0<\/p>\n<\/div>\n<div class=\"row mt-3\">\n<div class=\"col-sm-6\">\n<p><a href=\"https:\/\/chat.whatsapp.com\/GwURnmOyPiN1XheGYvCspN\" target=\"_blank\" rel=\"noopener\"><br \/>\n<img decoding=\"async\" src=\"https:\/\/diariodobrasilnoticias.com.br\/assets-site\/images\/bot_whatsapp.png\"\/><\/a>\n<\/div>\n<div class=\"col-sm-6\">\n<a href=\"https:\/\/t.me\/+_4gTmi5LKo03OTM5\" target=\"_blank\" rel=\"noopener\"><br \/>\n<img decoding=\"async\" src=\"https:\/\/diariodobrasilnoticias.com.br\/assets-site\/images\/bot_telegram.png\"\/><\/a>\n<\/div>\n<\/div>\n<\/div>\n<p><br \/>\n<br \/><a href=\"https:\/\/diariodobrasilnoticias.com.br\/noticia\/biden-recebera-zelensky-na-casa-branca-para-discutir-a-guerra-com-a-russia-66ec96b842b24\">Source link <\/a><\/p>","protected":false},"excerpt":{"rendered":"<p>(Emmanuel PEUCHOT\/AFP) O presidente dos Estados Unidos, Joe Biden, receber\u00e1 o mandat\u00e1rio ucraniano, Volodymyr Zelensky, na Casa Branca na pr\u00f3xima quinta-feira, 26. A reuni\u00e3o seguir\u00e1 sua participa\u00e7\u00e3o na Assembleia Geral&hellip;<\/p>","protected":false},"author":1,"featured_media":39508,"comment_status":"closed","ping_status":"open","sticky":false,"template":"","format":"standard","meta":{"content-type":"","footnotes":""},"categories":[16],"tags":[123,2448,5313,1267],"class_list":["post-39507","post","type-post","status-publish","format-standard","has-post-thumbnail","hentry","category-noticias","tag-brasil","tag-diario","tag-noticia","tag-noticias"],"_links":{"self":[{"href":"https:\/\/tvbrazilusa.com\/pt\/wp-json\/wp\/v2\/posts\/39507","targetHints":{"allow":["GET"]}}],"collection":[{"href":"https:\/\/tvbrazilusa.com\/pt\/wp-json\/wp\/v2\/posts"}],"about":[{"href":"https:\/\/tvbrazilusa.com\/pt\/wp-json\/wp\/v2\/types\/post"}],"author":[{"embeddable":true,"href":"https:\/\/tvbrazilusa.com\/pt\/wp-json\/wp\/v2\/users\/1"}],"replies":[{"embeddable":true,"href":"https:\/\/tvbrazilusa.com\/pt\/wp-json\/wp\/v2\/comments?post=39507"}],"version-history":[{"count":1,"href":"https:\/\/tvbrazilusa.com\/pt\/wp-json\/wp\/v2\/posts\/39507\/revisions"}],"predecessor-version":[{"id":39509,"href":"https:\/\/tvbrazilusa.com\/pt\/wp-json\/wp\/v2\/posts\/39507\/revisions\/39509"}],"wp:featuredmedia":[{"embeddable":true,"href":"https:\/\/tvbrazilusa.com\/pt\/wp-json\/wp\/v2\/media\/39508"}],"wp:attachment":[{"href":"https:\/\/tvbrazilusa.com\/pt\/wp-json\/wp\/v2\/media?parent=39507"}],"wp:term":[{"taxonomy":"category","embeddable":true,"href":"https:\/\/tvbrazilusa.com\/pt\/wp-json\/wp\/v2\/categories?post=39507"},{"taxonomy":"post_tag","embeddable":true,"href":"https:\/\/tvbrazilusa.com\/pt\/wp-json\/wp\/v2\/tags?post=39507"}],"curies":[{"name":"wp","href":"https:\/\/api.w.org\/{rel}","templated":true}]}}