{"id":39515,"date":"2024-09-20T01:59:10","date_gmt":"2024-09-20T01:59:10","guid":{"rendered":"https:\/\/tvbrazilusa.com\/2024\/09\/20\/adolescentes-sao-acusados-de-atirar-em-pessoas-em-somerville-com-armas-de-airsoft\/"},"modified":"2024-09-20T01:59:10","modified_gmt":"2024-09-20T01:59:10","slug":"adolescentes-sao-acusados-de-atirar-em-pessoas-em-somerville-com-armas-de-airsoft","status":"publish","type":"post","link":"https:\/\/tvbrazilusa.com\/pt\/2024\/09\/20\/adolescentes-sao-acusados-de-atirar-em-pessoas-em-somerville-com-armas-de-airsoft\/","title":{"rendered":"Adolescentes s\u00e3o acusados \u200b\u200bde atirar em pessoas em Somerville com armas de airsoft"},"content":{"rendered":"<p> <script async src=\"https:\/\/pagead2.googlesyndication.com\/pagead\/js\/adsbygoogle.js?client=ca-pub-8864793242727901\"\r\n     crossorigin=\"anonymous\"><\/script><br \/>\n<br \/><img decoding=\"async\" src=\"https:\/\/www.boston.com\/wp-content\/themes\/bdc-2020\/images\/tease-defaults\/fallback-tease-image-4x3-medium.png\" \/><\/p>\n<div id=\"\">\n<header class=\"m-article-header m-article-header--standard\">\n\t\t\t\t\t\t\t\t\t\t\t\t<span id=\"article-header-primary-term\"><br \/>\n\t\t\t\t\t\t\t\t<a class=\"a-term a-term--primary\" href=\"https:\/\/www.boston.com\/tag\/local-news\/\"><\/p>\n<p>\t\t\t\t\t\t\t\tNot\u00edcias locais\t\t\t\t\t\t\t\t<\/a><br \/>\n\t\t\t\t\t\t\t<\/span><\/p>\n<h2 class=\"m-article-header__sub-headline\">Dois adolescentes supostamente atiraram em v\u00e1rias pessoas com rifles de airsoft em Somerville esta semana, incluindo uma pessoa que segurava uma crian\u00e7a.<\/h2>\n<figure class=\"a-photo m-article-header__photo\"><figcaption class=\"a-photo__caption\">\n\t<em> <\/em>\t<\/figcaption><\/figure>\n<\/header>\n<p>Dois adolescentes que supostamente atiraram em v\u00e1rias pessoas com rifles de airsoft em Somerville esta semana foram identificados e localizados pela pol\u00edcia na quarta-feira, relataram v\u00e1rios meios de comunica\u00e7\u00e3o.<\/p>\n<p>A pol\u00edcia de Somerville disse <a href=\"https:\/\/whdh.com\/news\/somerville-police-track-down-teens-accused-of-shooting-at-strangers-with-airsoft-guns\/\">Canal 7 Not\u00edcias<\/a> que adolescentes, de 13 a 15 anos, estavam mascarados enquanto andavam de bicicleta e disparavam proje\u00e7\u00f5es contra pessoas na ter\u00e7a e quarta-feira, incluindo uma pessoa segurando uma crian\u00e7a.<\/p>\n<p>Os proj\u00e9teis eram gotas de \u00e1gua, informou o WHDH.<\/p>\n<p>A primeira v\u00edtima foi ferida na ter\u00e7a-feira pelos proj\u00e9teis no cruzamento da Prospect Street com a Somerville Avenue, WCVB <a href=\"https:\/\/www.wcvb.com\/article\/teens-on-bikes-target-somerville-residents-in-airsoft-gun-attacks\/62270285\">relatado<\/a>. Mais tarde naquele dia, outra pessoa foi baleada no Community Path perto das ruas Gilman e Walnut. Ambas as v\u00edtimas tiveram ferimentos leves.<\/p>\n<p>No dia seguinte, uma pessoa foi baleada no olho na Broadway, Boston 25 News <a href=\"https:\/\/www.boston25news.com\/news\/local\/two-juveniles-involved-somerville-airsoft-incidents-identified-police-say\/66YG2FA5BJCGZJA54JB5UYLCNA\/\">relatado<\/a>. O WHDH informou que a v\u00edtima era funcion\u00e1ria do Departamento de Obras P\u00fablicas de Somerville e foi levada ao hospital.<\/p>\n<p>Mais duas pessoas foram baleadas no Lincoln Park, perto da Escola Argenziano, enquanto uma delas segurava um beb\u00ea. <\/p>\n<p>A pol\u00edcia de Somerville deteve dois dos adolescentes, mas est\u00e1 investigando se outros est\u00e3o envolvidos, relataram as esta\u00e7\u00f5es de not\u00edcias. O rep\u00f3rter do Channel 7, Steve Cooper, compartilhou um v\u00eddeo dos adolescentes conversando com a pol\u00edcia nas redes sociais, e um professor estava sentado com os adolescentes.<\/p>\n<figure class=\"wp-block-embed is-type-rich is-provider-twitter wp-block-embed-twitter\">\n<div class=\"wp-block-embed__wrapper\">\n<blockquote class=\"twitter-tweet\" data-width=\"500\" data-dnt=\"true\">\n<p lang=\"en\" dir=\"ltr\">Hoje \u00e0 noite, em apenas uma esta\u00e7\u00e3o, a 7News estava no local h\u00e1 pouco tempo, quando a pol\u00edcia de Somerville disse que localizou os adolescentes que feriram v\u00e1rias pessoas disparando armas de ar comprimido contra eles nos \u00faltimos 2 dias. #7News <a href=\"https:\/\/t.co\/OR1ehVqPXh\">foto.twitter.com\/OR1ehVqPXh<\/a><\/p>\n<p>\u2014 Steve Cooper (@scooperon7) <a href=\"https:\/\/twitter.com\/scooperon7\/status\/1836520649734656345?ref_src=twsrc%5Etfw\">18 de setembro de 2024<\/a><\/p><\/blockquote>\n<\/div>\n<\/figure>\n<div class=\"m-block m-generic-cta\t m-generic-cta--post-content\t m-generic-cta--dark\t m-generic-cta--homepage\t m-generic-cta--email-signup\t\t m-generic-cta-block-style--default \tt-amp__generic-cta\"><\/p>\n<div class=\"m-generic-cta__wrap\">\n<div class=\"m-generic-cta__content\">\n<h3 class=\"m-generic-cta__title\">Boston.com Hoje<\/h3>\n<p class=\"m-generic-cta__subtitle\">Inscreva-se para receber as \u00faltimas manchetes na sua caixa de entrada todas as manh\u00e3s.<\/p>\n<\/p><\/div>\n<\/p><\/div>\n<\/div><\/div>\n<p><script async src=\"\/\/platform.twitter.com\/widgets.js\" charset=\"utf-8\"><\/script><script>\n\t\tvar consent=\"grant\";\n\t\t\/* The above code is parsing the JSON data from the local storage and storing it in a variable. *\/\n\t\t\t\t\tconst onetrustStorageConsent = JSON.parse(localStorage.getItem( 'consent_one_trust_bdc' ) );\n\t\t\tif ( ( onetrustStorageConsent !== null ) ) {\n\t\t\t\t\/* Checking to see if the user has consented to the use of cookies.\n\t\t\t\t* If they have not, it is deleting the cookie.\n\t\t\t\t* This will comment for now, until further notice.\n\t\t\t\t*\/\n\t\t\t\t\/\/if ( onetrustStorageConsent.C0002 === false ) {\n\t\t\t\t\/\/\tdocument.cookie=\"_fbp=;expires=Thu, 01 Jan 2010 00:00:00 UTC; path=\/; domain=.boston.com\";\n\t\t\t\t\/\/}\n\t\t\t\t\/* Checking if the user has given consent for the cookie C0002.\n\t\t\t\t* If the user has given consent, the variable consent will be set to 'grant'.\n\t\t\t\t* If the user has not given consent,the variable consent will be set to 'revoke'.\n\t\t\t\t* Documentation https:\/\/developers.facebook.com\/docs\/meta-pixel\/implementation\/gdpr\n\t\t\t\t*\/\n\t\t\t\tif ( onetrustStorageConsent.C0002 !== true ) {\n\t\t\t\t\tconsent=\"revoke\";\n\t\t\t\t}\n\t\t\t}\n\t\t\t\t!function(f,b,e,v,n,t,s)\n\t\t{if(f.fbq)return;n=f.fbq=function(){n.callMethod?\n\t\tn.callMethod.apply(n,arguments):n.queue.push(arguments)};\n\t\tif(!f._fbq)f._fbq=n;n.push=n;n.loaded=!0;n.version='2.0';\n\t\tn.queue=[];t=b.createElement(e);t.async=!0;\n\t\tt.src=v;s=b.getElementsByTagName(e)[0];\n\t\ts.parentNode.insertBefore(t,s)}(window, document,'script',\n\t\t'https:\/\/connect.facebook.net\/en_US\/fbevents.js');\n\t\tfbq('consent', consent);\n\t\tfbq('init', '989222871864976');\n\t\tfbq('track', 'PageView');\n\t<\/script><script type=\"module\">\n\t\tvar consent=\"grant\";\n\t\t\/* The above code is parsing the JSON data from the local storage and storing it in a variable. *\/\n\t\t\tconst onetrustStorageConsent = JSON.parse(localStorage.getItem( 'consent_one_trust_bdc' ) );\n\t\t\t\/* Checking to see if the user has consented to the use of cookies.\n\t\t\t* If they have not, it is deleting the cookie.\n\t\t\t* This will comment for now, until further notice.\n\t\t\t*\/\n\t\t\t\/\/if ( onetrustStorageConsent.C0002 === false ) {\n\t\t\t\/\/\tdocument.cookie=\"_fbp=;expires=Thu, 01 Jan 2010 00:00:00 UTC; path=\/; domain=.boston.com\";\n\t\t\t\/\/}\n\t\t\t\/* Checking if the user has given consent for the cookie C0002.\n\t\t\t* If the user has given consent, the variable consent will be set to 'grant'.\n\t\t\t* If the user has not given consent,the variable consent will be set to 'revoke'.\n\t\t\t* Documentation https:\/\/developers.facebook.com\/docs\/meta-pixel\/implementation\/gdpr\n\t\t\t*\/\n\t\t\tif ( ( onetrustStorageConsent !== null ) && (onetrustStorageConsent.C0002 !== true ) ) {\n\t\t\t\tconsent=\"revoke\";\n\t\t\t}\n\t\t\t\t!function(f,b,e,v,n,t,s){if(f.fbq)return;n=f.fbq=function()\n\t\t{n.callMethod? n.callMethod.apply(n,arguments):n.queue.push(arguments)}\n\t\t;if(!f._fbq)f._fbq=n;\n\t\tn.push=n;n.loaded=!0;n.version='2.0';n.queue=[];t=b.createElement(e);t.async=!0;\n\t\tt.src=v;s=b.getElementsByTagName(e)[0];s.parentNode.insertBefore(t,s)}(window,\n\t\tdocument,'script','https:\/\/connect.facebook.net\/en_US\/fbevents.js');\n\t\tfbq('consent', consent);\n\t\tfbq('init', '813236348753005');\n\t\tfbq('track', \"PageView\");\n\t<\/script><br \/>\n<br \/><br \/>\n<br \/><a href=\"https:\/\/www.boston.com\/news\/local-news\/2024\/09\/19\/teens-accused-of-shooting-people-in-somerville-with-airsoft-guns\/\">Source link <\/a><\/p>","protected":false},"excerpt":{"rendered":"<p>Not\u00edcias locais Dois adolescentes supostamente atiraram em v\u00e1rias pessoas com rifles de airsoft em Somerville esta semana, incluindo uma pessoa que segurava uma crian\u00e7a. Dois adolescentes que supostamente atiraram em&hellip;<\/p>","protected":false},"author":1,"featured_media":0,"comment_status":"","ping_status":"open","sticky":false,"template":"","format":"standard","meta":{"content-type":"","footnotes":""},"categories":[1],"tags":[],"class_list":["post-39515","post","type-post","status-publish","format-standard","hentry","category-uncategorized"],"_links":{"self":[{"href":"https:\/\/tvbrazilusa.com\/pt\/wp-json\/wp\/v2\/posts\/39515","targetHints":{"allow":["GET"]}}],"collection":[{"href":"https:\/\/tvbrazilusa.com\/pt\/wp-json\/wp\/v2\/posts"}],"about":[{"href":"https:\/\/tvbrazilusa.com\/pt\/wp-json\/wp\/v2\/types\/post"}],"author":[{"embeddable":true,"href":"https:\/\/tvbrazilusa.com\/pt\/wp-json\/wp\/v2\/users\/1"}],"replies":[{"embeddable":true,"href":"https:\/\/tvbrazilusa.com\/pt\/wp-json\/wp\/v2\/comments?post=39515"}],"version-history":[{"count":0,"href":"https:\/\/tvbrazilusa.com\/pt\/wp-json\/wp\/v2\/posts\/39515\/revisions"}],"wp:attachment":[{"href":"https:\/\/tvbrazilusa.com\/pt\/wp-json\/wp\/v2\/media?parent=39515"}],"wp:term":[{"taxonomy":"category","embeddable":true,"href":"https:\/\/tvbrazilusa.com\/pt\/wp-json\/wp\/v2\/categories?post=39515"},{"taxonomy":"post_tag","embeddable":true,"href":"https:\/\/tvbrazilusa.com\/pt\/wp-json\/wp\/v2\/tags?post=39515"}],"curies":[{"name":"wp","href":"https:\/\/api.w.org\/{rel}","templated":true}]}}