{"id":39539,"date":"2024-09-20T01:04:07","date_gmt":"2024-09-20T01:04:07","guid":{"rendered":"https:\/\/tvbrazilusa.com\/2024\/09\/20\/comissario-da-uniao-europeia-que-ameacou-elon-musk-renuncia-ao-cargo-paulo-figueiredo\/"},"modified":"2024-09-20T03:17:35","modified_gmt":"2024-09-20T03:17:35","slug":"comissario-da-uniao-europeia-que-ameacou-elon-musk-renuncia-ao-cargo-paulo-figueiredo","status":"publish","type":"post","link":"https:\/\/tvbrazilusa.com\/pt\/2024\/09\/20\/comissario-da-uniao-europeia-que-ameacou-elon-musk-renuncia-ao-cargo-paulo-figueiredo\/","title":{"rendered":"Comiss\u00e1rio da Uni\u00e3o Europeia que amea\u00e7ou Elon Musk renuncia ao cargo &#8211; Paulo Figueiredo"},"content":{"rendered":"<p> <script async src=\"https:\/\/pagead2.googlesyndication.com\/pagead\/js\/adsbygoogle.js?client=ca-pub-8864793242727901\"\r\n     crossorigin=\"anonymous\"><\/script><br \/>\n<\/p>\n<div id=\"wtr-content\" data-bg=\"#FFFFFF\" data-fg=\"#006d91\" data-width=\"25\" data-mute=\"1\" data-fgopacity=\"1.00\" data-mutedopacity=\"0.5\" data-placement=\"bottom\" data-placement-offset=\"0\" data-content-offset=\"262\" data-placement-touch=\"bottom\" data-placement-offset-touch=\"0\" data-transparent=\"\" data-shadow=\"0\" data-touch=\"1\" data-non-touch=\"1\" data-comments=\"0\" data-commentsbg=\"transparent\" data-location=\"page\" data-mutedfg=\"#006d91\" data-endfg=\"#006d91\" data-rtl=\"\">\n<h3 class=\"wp-block-heading\">Thierry Breton defendia a\u00e7\u00f5es mais r\u00edgidas contra o Twitter\/X no continente<\/h3>\n<p>Enquanto o ministro Alexandre de Moraes, do\u00a0<strong>Supremo Tribunal Federal<\/strong>\u00a0(STF), fecha o cerco contra o Twitter\/X no Brasil, o comiss\u00e1rio da Uni\u00e3o Europeia (UE) para o Mercado Interno, Thierry Breton, renunciou ao cargo na segunda-feira 16. Ele havia amea\u00e7ado censurar o empres\u00e1rio Elon Musk no m\u00eas passado.<\/p>\n<p>Na ter\u00e7a-feira 13, Alexandre de Moraes determinou o confisco de R$ 18,2 milh\u00f5es das contas da Starlink e do Twitter\/X, controladas por Elon Musk. A a\u00e7\u00e3o visa a cobrir multas impostas pelo pr\u00f3prio ministro. A rede social tamb\u00e9m est\u00e1 sob investiga\u00e7\u00e3o da Uni\u00e3o Europeia.<\/p>\n<p>A censura imposta ao Twitter\/X gerou duas cartas abertas internacionais. A primeira, contra Moraes, foi assinada pela ex-primeira-ministra brit\u00e2nica Liz Truss. A segunda, que critica Musk, contou com a assinatura do economista franc\u00eas Thomas Piketty.<\/p>\n<p>Os defensores das a\u00e7\u00f5es de Moraes argumentam que o Brasil estaria se aproximando do modelo europeu de liberdade de express\u00e3o, alternativo ao norte-americano. A Uni\u00e3o Europeia estaria considerando a\u00e7\u00f5es similares.<\/p>\n<p>Em agosto, Thierry Breton, ent\u00e3o comiss\u00e1rio europeu para o Mercado Interno, publicou uma carta dirigida a Musk e \u00e0 CEO do Twitter\/X, Linda Yaccarino, em que menciona supostas viola\u00e7\u00f5es \u00e0 Lei de Servi\u00e7os Digitais (DSA).<\/p>\n<p>\u201cComo voc\u00ea sabe, processos formais j\u00e1 est\u00e3o em tramita\u00e7\u00e3o contra o Twitter\/X sob a DSA\u201d, escreveu Breton. \u201cDestaco em \u00e1reas ligadas \u00e0 dissemina\u00e7\u00e3o de conte\u00fado ilegal e na efetividade de medidas tomadas para combater a desinforma\u00e7\u00e3o.\u201d<\/p>\n<p>O comiss\u00e1rio encerra a carta dizendo que \u201cmeus servi\u00e7os e eu ficaremos extremamente vigilantes quanto a qualquer evid\u00eancia que aponte para a viola\u00e7\u00e3o da DSA, e n\u00e3o hesitaremos em fazer uso pleno dos nossos instrumentos\u201d.<\/p>\n<h3 class=\"wp-block-heading\">Uni\u00e3o Europeia responde<\/h3>\n<p>A resposta na Comiss\u00e3o Europeia foi imediata. O jornal\u00a0<em>Financial Times<\/em>\u00a0informou que \u201cBruxelas acusou seu comiss\u00e1rio de mercado interno de agir por conta pr\u00f3pria\u201d. A Comiss\u00e3o negou que Breton tivesse a aprova\u00e7\u00e3o da presidente Ursula von der Leyen ou de outros comiss\u00e1rios. Um comiss\u00e1rio an\u00f4nimo afirmou que \u201cThierry tem a pr\u00f3pria cabe\u00e7a e forma de trabalhar e pensar\u201d.<\/p>\n<p>\u201cA Uni\u00e3o Europeia precisa tratar do que \u00e9 da conta dela, em vez de tentar interferir na elei\u00e7\u00e3o presidencial dos Estados Unidos\u201d, disse um porta-voz da campanha de Trump.<\/p>\n<p>A Lei de Servi\u00e7os Digitais, aprovada em julho de 2022 pelo Parlamento Europeu, prev\u00ea medidas mais rigorosas para modera\u00e7\u00e3o de conte\u00fado de \u201cdiscurso de \u00f3dio\u201d, maior transpar\u00eancia nos mecanismos de modera\u00e7\u00e3o e maior responsabilidade sobre plataformas com mais de 45 milh\u00f5es de usu\u00e1rios na UE.<\/p>\n<p>Defensores de leis mais duras de remo\u00e7\u00e3o de desinforma\u00e7\u00e3o apoiaram a carta de Breton e fizeram compara\u00e7\u00f5es com o Brasil. \u201cAssim como o Brasil, a Uni\u00e3o Europeia tem um problema com o Twitter\/X\u201d, afirmou a emissora France 24.<\/p>\n<p>Marco Cacciati, colunista da ag\u00eancia de not\u00edcias BNE IntelliNews, disse que, \u201ccom a ousada ordem de Moraes, o Brasil \u2014 um pa\u00eds em desenvolvimento que \u00e9 um membro l\u00edder do sul global \u2014 tomou atitude e mostrou ao mundo quem est\u00e1 no comando da preserva\u00e7\u00e3o da democracia\u201d.<\/p>\n<p>Breton, no entanto, nunca comentou publicamente as a\u00e7\u00f5es de Moraes. Durante a confer\u00eancia Painel Telebrasil Summit 2023, ele declarou que \u201ca UE e o Brasil enfrentam desafios semelhantes no campo digital. A UE esteve na vanguarda enfrentando esses desafios e optou por ser proativa e restaurar a confian\u00e7a e a seguran\u00e7a no espa\u00e7o digital\u201d.<\/p>\n<h3 class=\"wp-block-heading\">Breton renuncia<\/h3>\n<p>Em 16 de setembro, Breton publicou sua carta de ren\u00fancia endere\u00e7ada \u00e0 presidente da Comiss\u00e3o Europeia. \u201cEm 25 de julho, o presidente Emmanuel Macron nomeou-me o candidato oficial da Fran\u00e7a para um segundo mandato\u201d, afirmou. \u201cPoucos dias atr\u00e1s, na reta final das negocia\u00e7\u00f5es para a composi\u00e7\u00e3o do futuro Col\u00e9gio de Comiss\u00e1rios, voc\u00ea pediu \u00e0 Fran\u00e7a que retirasse meu nome por raz\u00f5es pessoais que em nenhum caso voc\u00ea discutiu comigo. Nos \u00faltimos cinco anos, lutei sem descanso para defender e avan\u00e7ar o bem comum europeu acima de interesses nacionais e partid\u00e1rios. Foi uma honra.\u201d<\/p>\n<p>De acordo com o site norte-americano Politico, o distanciamento entre Breton e Ursula von der Leyen durou longos per\u00edodos.<\/p>\n<p>Com a ascens\u00e3o da direita nas elei\u00e7\u00f5es do Parlamento Europeu, Von der Leyen precisa evitar mais desgastes com esse eleitorado, especialmente depois de uma decis\u00e3o judicial que condenou sua gest\u00e3o anterior por violar o direito \u00e0 informa\u00e7\u00e3o dos europeus em contratos sigilosos com farmac\u00eauticas durante a pandemia.<\/p>\n<h3 class=\"wp-block-heading\">Cr\u00edticas de Breton<\/h3>\n<p>Fontes francesas do site Pol\u00edtico afirmam que Breton arriscava sua posi\u00e7\u00e3o com cr\u00edticas p\u00fablicas e nos bastidores desafiava a autoridade de Von der Leyen. Ele chegou a dizer que n\u00e3o se importaria se Von der Leyen fosse substitu\u00edda.<\/p>\n<p>\u201cUrsula von der Leyen \u00e9 uma minoria em seu pr\u00f3prio partido\u201d, disse Breton, em publica\u00e7\u00e3o no Twitter\/X. \u201cO pr\u00f3prio partido n\u00e3o parece acreditar em sua candidata.\u201d<\/p>\n<p>Breton \u201cnunca a reconheceu como chefe e l\u00edder, isso \u00e9 uma base ruim para uma rela\u00e7\u00e3o\u201d, disse um burocrata an\u00f4nimo da UE.<\/p>\n<p>Os dois pol\u00edticos j\u00e1 n\u00e3o se falavam h\u00e1 meses. A carta contra Musk fazia parte desse padr\u00e3o de desafio e independ\u00eancia. Breton frequentemente comentava as \u00e1reas fora de sua compet\u00eancia na comiss\u00e3o.<\/p>\n<p>Macron escolheu como substituto de Breton o chanceler St\u00e9phane S\u00e9journ\u00e9. A Comiss\u00e3o Europeia tem pressionado por mais mulheres indicadas para esse tipo de cargo, mas, \u201cclaramente, era qualquer pessoa, menos Breton\u201d, comentou um ex-funcion\u00e1rio do governo franc\u00eas.<\/p>\n<p>\u201cBon voyage\u201d, disse Musk sobre a ren\u00fancia. \u201cMerci! Sobrou alguma passagem para Marte? Tenho algumas ideias de regulamenta\u00e7\u00e3o para l\u00e1\u201d, respondeu Breton.<\/p>\n<p><strong><a href=\"https:\/\/revistaoeste.com\/mundo\/comissario-da-uniao-europeia-que-ameacou-elon-musk-renuncia-ao-cargo\/\">Source link<\/a><\/strong><\/p>\n<\/div>\n<p><br \/>\n<br \/><a href=\"https:\/\/paulofigueiredoshow.com\/comissario-da-uniao-europeia-que-ameacou-elon-musk-renuncia-ao-cargo\/\">Source link <\/a><\/p>","protected":false},"excerpt":{"rendered":"<p>Thierry Breton defendia a\u00e7\u00f5es mais r\u00edgidas contra o Twitter\/X no continente Enquanto o ministro Alexandre de Moraes, do\u00a0Supremo Tribunal Federal\u00a0(STF), fecha o cerco contra o Twitter\/X no Brasil, o comiss\u00e1rio&hellip;<\/p>","protected":false},"author":1,"featured_media":38780,"comment_status":"closed","ping_status":"open","sticky":false,"template":"","format":"standard","meta":{"content-type":"","footnotes":""},"categories":[16],"tags":[854,495,17973,137,592,5131,1396,356,5133],"class_list":["post-39539","post","type-post","status-publish","format-standard","has-post-thumbnail","hentry","category-noticias","tag-ameaca","tag-censura","tag-comissario","tag-entrevista","tag-eua","tag-europa","tag-renuncia","tag-trump","tag-ue"],"_links":{"self":[{"href":"https:\/\/tvbrazilusa.com\/pt\/wp-json\/wp\/v2\/posts\/39539","targetHints":{"allow":["GET"]}}],"collection":[{"href":"https:\/\/tvbrazilusa.com\/pt\/wp-json\/wp\/v2\/posts"}],"about":[{"href":"https:\/\/tvbrazilusa.com\/pt\/wp-json\/wp\/v2\/types\/post"}],"author":[{"embeddable":true,"href":"https:\/\/tvbrazilusa.com\/pt\/wp-json\/wp\/v2\/users\/1"}],"replies":[{"embeddable":true,"href":"https:\/\/tvbrazilusa.com\/pt\/wp-json\/wp\/v2\/comments?post=39539"}],"version-history":[{"count":1,"href":"https:\/\/tvbrazilusa.com\/pt\/wp-json\/wp\/v2\/posts\/39539\/revisions"}],"predecessor-version":[{"id":39540,"href":"https:\/\/tvbrazilusa.com\/pt\/wp-json\/wp\/v2\/posts\/39539\/revisions\/39540"}],"wp:featuredmedia":[{"embeddable":true,"href":"https:\/\/tvbrazilusa.com\/pt\/wp-json\/wp\/v2\/media\/38780"}],"wp:attachment":[{"href":"https:\/\/tvbrazilusa.com\/pt\/wp-json\/wp\/v2\/media?parent=39539"}],"wp:term":[{"taxonomy":"category","embeddable":true,"href":"https:\/\/tvbrazilusa.com\/pt\/wp-json\/wp\/v2\/categories?post=39539"},{"taxonomy":"post_tag","embeddable":true,"href":"https:\/\/tvbrazilusa.com\/pt\/wp-json\/wp\/v2\/tags?post=39539"}],"curies":[{"name":"wp","href":"https:\/\/api.w.org\/{rel}","templated":true}]}}