{"id":39567,"date":"2024-09-20T05:17:46","date_gmt":"2024-09-20T05:17:46","guid":{"rendered":"https:\/\/tvbrazilusa.com\/2024\/09\/20\/marcal-esta-derretendo-afirma-tarcisio-ao-lado-de-nunes-apos-datafolha\/"},"modified":"2024-09-20T05:17:47","modified_gmt":"2024-09-20T05:17:47","slug":"marcal-esta-derretendo-afirma-tarcisio-ao-lado-de-nunes-apos-datafolha","status":"publish","type":"post","link":"https:\/\/tvbrazilusa.com\/pt\/2024\/09\/20\/marcal-esta-derretendo-afirma-tarcisio-ao-lado-de-nunes-apos-datafolha\/","title":{"rendered":"Mar\u00e7al \u201cest\u00e1 derretendo\u201d, afirma Tarc\u00edsio ao lado de Nunes ap\u00f3s Datafolha"},"content":{"rendered":"<p> <script async src=\"https:\/\/pagead2.googlesyndication.com\/pagead\/js\/adsbygoogle.js?client=ca-pub-8864793242727901\"\r\n     crossorigin=\"anonymous\"><\/script><br \/>\n<\/p>\n<div id=\"taboola-read-more\" style=\"display:block; width:100%\">\n<p>S\u00e3o Paulo \u2013 O governador Tarc\u00edsio de Freitas (Republicanos), que trabalha pela reelei\u00e7\u00e3o do prefeito Ricardo Nunes (MDB) na capital paulista, disse nesta quinta-feira (19\/9) que o advers\u00e1rio Pablo Mar\u00e7al (PRTB) \u201cest\u00e1 derretendo\u201d. O coment\u00e1rio foi feito ao lado de Nunes, ap\u00f3s uma visita ao Mercado Municipal de Pinheiros, na zona oeste da capital, pouco depois de ambos serem informados sobre a nova pesquisa Datafolha, divulgada nesta quinta.<\/p>\n<p>A pesquisa trouxe Nunes com 27% das inten\u00e7\u00f5es de voto, Guilherme Boulos (PSOL) com 26% e Mar\u00e7al com 19%. Em rela\u00e7\u00e3o \u00e0 pesquisa anterior, a \u00fanica mudan\u00e7a foi que Boulos oscilou um ponto para cima.<\/p>\n<p>A pesquisa foi realizada ap\u00f3s Mar\u00e7al ter sido agredido por Jos\u00e9 Luiz Datena (PSDB) no domingo (15\/9), ao vivo, no debate da TV Cultura. Tarc\u00edsio, no entanto, destacou o trabalho do prefeito, em parceria com o estado, como determinante para o resultado.<\/p>\n<p>\u201cAs pessoas de fato come\u00e7am a definir sua posi\u00e7\u00e3o, e isso tem sido determinante. \u00c9 por isso que o Ricardo cresceu\u201d, disse o governador.<\/p>\n<p>Ap\u00f3s a visita ao mercado, o prefeito e o governador se sentaram para tomar caf\u00e9 e comer doces em uma padaria de luxo anexa ao mercado, acompanhados de uma s\u00e9rie de aliados.<\/p>\n<p>L\u00e1, conversaram por chamada de v\u00eddeo com o ex-presidente Jair Bolsonaro (PL), que apoia a candidatura de Nunes para a Prefeitura de S\u00e3o Paulo. A chamada foi feita pelo advogado Fabio Wajngarten, que acompanhava Nunes e Tarc\u00edsio. Eles comentaram sobre a partida de futebol entre Palmeiras e Vasco, que ocorrer\u00e1 no fim de semana, em Bras\u00edlia.<\/p>\n<p><strong>Metr\u00f3poles\u00a0<\/strong><\/p>\n<\/p><\/div>\n<p><br \/>\n<br \/><a href=\"https:\/\/diariodobrasilnoticias.com.br\/noticia\/marcal-esta-derretendo-afirma-tarcisio-ao-lado-de-nunes-apos-datafolha-66ecad3461f5d\">Source link <\/a><\/p>","protected":false},"excerpt":{"rendered":"<p>S\u00e3o Paulo \u2013 O governador Tarc\u00edsio de Freitas (Republicanos), que trabalha pela reelei\u00e7\u00e3o do prefeito Ricardo Nunes (MDB) na capital paulista, disse nesta quinta-feira (19\/9) que o advers\u00e1rio Pablo Mar\u00e7al&hellip;<\/p>","protected":false},"author":1,"featured_media":39568,"comment_status":"closed","ping_status":"open","sticky":false,"template":"","format":"standard","meta":{"content-type":"","footnotes":""},"categories":[16],"tags":[123,2448,5313,1267],"class_list":["post-39567","post","type-post","status-publish","format-standard","has-post-thumbnail","hentry","category-noticias","tag-brasil","tag-diario","tag-noticia","tag-noticias"],"_links":{"self":[{"href":"https:\/\/tvbrazilusa.com\/pt\/wp-json\/wp\/v2\/posts\/39567","targetHints":{"allow":["GET"]}}],"collection":[{"href":"https:\/\/tvbrazilusa.com\/pt\/wp-json\/wp\/v2\/posts"}],"about":[{"href":"https:\/\/tvbrazilusa.com\/pt\/wp-json\/wp\/v2\/types\/post"}],"author":[{"embeddable":true,"href":"https:\/\/tvbrazilusa.com\/pt\/wp-json\/wp\/v2\/users\/1"}],"replies":[{"embeddable":true,"href":"https:\/\/tvbrazilusa.com\/pt\/wp-json\/wp\/v2\/comments?post=39567"}],"version-history":[{"count":1,"href":"https:\/\/tvbrazilusa.com\/pt\/wp-json\/wp\/v2\/posts\/39567\/revisions"}],"predecessor-version":[{"id":39569,"href":"https:\/\/tvbrazilusa.com\/pt\/wp-json\/wp\/v2\/posts\/39567\/revisions\/39569"}],"wp:featuredmedia":[{"embeddable":true,"href":"https:\/\/tvbrazilusa.com\/pt\/wp-json\/wp\/v2\/media\/39568"}],"wp:attachment":[{"href":"https:\/\/tvbrazilusa.com\/pt\/wp-json\/wp\/v2\/media?parent=39567"}],"wp:term":[{"taxonomy":"category","embeddable":true,"href":"https:\/\/tvbrazilusa.com\/pt\/wp-json\/wp\/v2\/categories?post=39567"},{"taxonomy":"post_tag","embeddable":true,"href":"https:\/\/tvbrazilusa.com\/pt\/wp-json\/wp\/v2\/tags?post=39567"}],"curies":[{"name":"wp","href":"https:\/\/api.w.org\/{rel}","templated":true}]}}