{"id":39572,"date":"2024-09-20T05:34:27","date_gmt":"2024-09-20T05:34:27","guid":{"rendered":"https:\/\/tvbrazilusa.com\/2024\/09\/20\/monark-tenta-impedir-flavio-dino-de-julgar-recurso-no-inquerito-relacionado-aos-atos-de-8-1\/"},"modified":"2024-09-20T05:34:28","modified_gmt":"2024-09-20T05:34:28","slug":"monark-tenta-impedir-flavio-dino-de-julgar-recurso-no-inquerito-relacionado-aos-atos-de-8-1","status":"publish","type":"post","link":"https:\/\/tvbrazilusa.com\/pt\/2024\/09\/20\/monark-tenta-impedir-flavio-dino-de-julgar-recurso-no-inquerito-relacionado-aos-atos-de-8-1\/","title":{"rendered":"Monark tenta impedir Fl\u00e1vio Dino de julgar recurso no inqu\u00e9rito relacionado aos atos de 8\/1"},"content":{"rendered":"<p> <script async src=\"https:\/\/pagead2.googlesyndication.com\/pagead\/js\/adsbygoogle.js?client=ca-pub-8864793242727901\"\r\n     crossorigin=\"anonymous\"><\/script><br \/>\n<\/p>\n<p>O influenciador Bruno Aiub Monteiro, o\u00a0<strong>Monark<\/strong>, acionou o Supremo Tribunal Federal (STF) para tentar barrar a participa\u00e7\u00e3o do ministro\u00a0<strong>Fl\u00e1vio Dino<\/strong>\u00a0no julgamento de dois recursos apresentados pelo comunicador no inqu\u00e9rito que apura responsabilidades pelos atos do 8 de janeiro de 2023.<\/p>\n<div>\n<p>A an\u00e1lise dos apelos est\u00e1 marcada para come\u00e7ar nesta sexta-feira (20), no plen\u00e1rio virtual da 1\u00aa Turma do STF. Fl\u00e1vio Dino \u00e9 um dos cinco ministros que comp\u00f5em o colegiado, al\u00e9m de Cristiano Zanin, Alexandre de Moraes, C\u00e1rmen L\u00facia e Luiz Fux.<\/p>\n<div class=\"ita-ad-scope\">\n<p>Ocorre que Monark e Fl\u00e1vio Dino s\u00e3o partes antagonistas em uma a\u00e7\u00e3o que corre na Justi\u00e7a Federal. O ministro processa o influenciador por difama\u00e7\u00e3o e inj\u00faria. O caso \u00e9 relacionado a uma live promovida por Monark em junho do ano passado. Na ocasi\u00e3o, ele chamou Dino \u2014 que ainda era ministro da Justi\u00e7a e Seguran\u00e7a P\u00fablica \u2014 de \u201cgordola\u201d e \u201cfilho da p*\u201d.<\/p>\n<\/div>\n<p>\u00a0<\/p>\n<p>\u00a0<\/p>\n<div class=\"ita-ad-scope\">A defesa de Monark pede que o STF reconhe\u00e7a o impedimento de Fl\u00e1vio Dino para julgar a a\u00e7\u00e3o. \u201cPor tr\u00e1s de todo Magistrado existe, evidentemente, um ser humano. Uma decis\u00e3o judicial, antes de tudo, \u00e9 uma conduta humana. Por consequ\u00eancia, o ato de julgar se sujeita \u00e0 absor\u00e7\u00e3o de ideias de todo um ecossistema que permeia a raz\u00e3o e a emo\u00e7\u00e3o\u201d, destaca a defesa, completando:<\/div>\n<div class=\"ita-ad-scope\">\n<p>\u201cDesta feita, negar que o voto a ser proferido pelo E. Min. Fl\u00e1vio Dino n\u00e3o poder\u00e1 estar sujeito a influ\u00eancia extra autos \u00e9 negar, antes da lei, a vig\u00eancia das raz\u00f5es de exist\u00eancia do ser humano! A quest\u00e3o \u00e9 t\u00e3o elementar que dispensa maiores argumenta\u00e7\u00f5es a respeito e os motivos expostos impedem o exerc\u00edcio da jurisdi\u00e7\u00e3o pela autoridade arguida.\u201d<\/p>\n<p>O pedido est\u00e1 nas m\u00e3os do presidente do STF, ministro Lu\u00eds Roberto Barroso.<\/p>\n<p><strong>Itatiaia\u00a0<\/strong><\/p>\n<\/div>\n<p>\u00a0<\/p>\n<\/div>\n<p><br \/>\n<br \/><a href=\"https:\/\/diariodobrasilnoticias.com.br\/noticia\/monark-tenta-impedir-flavio-dino-de-julgar-recurso-no-inquerito-relacionado-aos-atos-de-8-1-66ecaf8a34d3c\">Source link <\/a><\/p>","protected":false},"excerpt":{"rendered":"<p>O influenciador Bruno Aiub Monteiro, o\u00a0Monark, acionou o Supremo Tribunal Federal (STF) para tentar barrar a participa\u00e7\u00e3o do ministro\u00a0Fl\u00e1vio Dino\u00a0no julgamento de dois recursos apresentados pelo comunicador no inqu\u00e9rito que&hellip;<\/p>","protected":false},"author":1,"featured_media":39573,"comment_status":"closed","ping_status":"open","sticky":false,"template":"","format":"standard","meta":{"content-type":"","footnotes":""},"categories":[16],"tags":[123,2448,5313,1267],"class_list":["post-39572","post","type-post","status-publish","format-standard","has-post-thumbnail","hentry","category-noticias","tag-brasil","tag-diario","tag-noticia","tag-noticias"],"_links":{"self":[{"href":"https:\/\/tvbrazilusa.com\/pt\/wp-json\/wp\/v2\/posts\/39572","targetHints":{"allow":["GET"]}}],"collection":[{"href":"https:\/\/tvbrazilusa.com\/pt\/wp-json\/wp\/v2\/posts"}],"about":[{"href":"https:\/\/tvbrazilusa.com\/pt\/wp-json\/wp\/v2\/types\/post"}],"author":[{"embeddable":true,"href":"https:\/\/tvbrazilusa.com\/pt\/wp-json\/wp\/v2\/users\/1"}],"replies":[{"embeddable":true,"href":"https:\/\/tvbrazilusa.com\/pt\/wp-json\/wp\/v2\/comments?post=39572"}],"version-history":[{"count":1,"href":"https:\/\/tvbrazilusa.com\/pt\/wp-json\/wp\/v2\/posts\/39572\/revisions"}],"predecessor-version":[{"id":39574,"href":"https:\/\/tvbrazilusa.com\/pt\/wp-json\/wp\/v2\/posts\/39572\/revisions\/39574"}],"wp:featuredmedia":[{"embeddable":true,"href":"https:\/\/tvbrazilusa.com\/pt\/wp-json\/wp\/v2\/media\/39573"}],"wp:attachment":[{"href":"https:\/\/tvbrazilusa.com\/pt\/wp-json\/wp\/v2\/media?parent=39572"}],"wp:term":[{"taxonomy":"category","embeddable":true,"href":"https:\/\/tvbrazilusa.com\/pt\/wp-json\/wp\/v2\/categories?post=39572"},{"taxonomy":"post_tag","embeddable":true,"href":"https:\/\/tvbrazilusa.com\/pt\/wp-json\/wp\/v2\/tags?post=39572"}],"curies":[{"name":"wp","href":"https:\/\/api.w.org\/{rel}","templated":true}]}}