{"id":39644,"date":"2024-09-20T11:43:24","date_gmt":"2024-09-20T11:43:24","guid":{"rendered":"https:\/\/tvbrazilusa.com\/2024\/09\/20\/candidata-esponja-transforma-mal-entendido-em-estrategia-eleitoral-entenda\/"},"modified":"2024-09-20T11:43:26","modified_gmt":"2024-09-20T11:43:26","slug":"candidata-esponja-transforma-mal-entendido-em-estrategia-eleitoral-entenda","status":"publish","type":"post","link":"https:\/\/tvbrazilusa.com\/pt\/2024\/09\/20\/candidata-esponja-transforma-mal-entendido-em-estrategia-eleitoral-entenda\/","title":{"rendered":"Candidata &#8216;Esponja&#8217; transforma mal-entendido em estrat\u00e9gia eleitoral; ENTENDA"},"content":{"rendered":"<p> <script async src=\"https:\/\/pagead2.googlesyndication.com\/pagead\/js\/adsbygoogle.js?client=ca-pub-8864793242727901\"\r\n     crossorigin=\"anonymous\"><\/script><br \/>\n<\/p>\n<div id=\"taboola-read-more\" style=\"display:block; width:100%\">\n<p>A candidata \u00e0 Prefeitura do Rio de Janeiro pelo Partido Novo, Carol Sponza, encontrou uma forma criativa de se destacar na campanha eleitoral ao transformar um mal-entendido em estrat\u00e9gia. Ap\u00f3s eleitores confundirem seu sobrenome com &#8220;esponja&#8221;, Carol lan\u00e7ou o &#8220;Esponja\u00e7o&#8221;, um evento com a proposta de &#8220;limpar&#8221; a cidade. Segundo ela, o movimento simboliza seu compromisso com a moraliza\u00e7\u00e3o e combate \u00e0 corrup\u00e7\u00e3o na administra\u00e7\u00e3o p\u00fablica carioca.<\/p>\n<p>\u00c0 coluna Entrelinhas, a candidata apontou que o apelido \u201cCarol Esponja\u201d surgiu de maneira natural nas ruas, o que a motivou a incorpor\u00e1-lo \u00e0 sua campanha. \u201cFoi uma brincadeira que as pessoas fizeram com meu sobrenome e eu resolvi assumir\u201d, contou. Durante o primeiro &#8220;Esponja\u00e7o&#8221;, realizado no dia 18 e que contou com a participa\u00e7\u00e3o dos candidatos a vereador do Partido Novo, Carol explicou sua motiva\u00e7\u00e3o: \u201cO eleitor est\u00e1 cansado de ver propaganda colada nos postes e, na pr\u00e1tica, nada \u00e9 feito para mudar a cidade. O carioca n\u00e3o aguenta mais essa sujeira\u201d.<\/p>\n<p>Segundo Sponza, a estrat\u00e9gia tem atra\u00eddo mais engajamento dos eleitores. Ela destacou que os &#8220;esponja\u00e7os&#8221; ajudam a descontrair o ambiente pol\u00edtico, oferecendo uma alternativa ao cen\u00e1rio polarizado. \u201cAs pessoas est\u00e3o cansadas dessa polariza\u00e7\u00e3o pol\u00edtica e est\u00e3o preferindo se omitir do debate\u201d, observou.<\/p>\n<p>O \u201cEsponja\u00e7o\u201d tamb\u00e9m se popularizou nas redes sociais. Um dos memes destacados pela candidata \u00e9 de um sabonete l\u00edquido, chamado de \u201cClarol\u201d, fazendo alus\u00e3o ao nome dela, com o termo \u201cNovo\u201d no r\u00f3tulo, uma refer\u00eancia ao partido e \u00e0 novidade que Carol representa no cen\u00e1rio eleitoral.<\/p>\n<p>Fonte: Gazeta do Povo<\/p>\n<\/p><\/div>\n<p><br \/>\n<br \/><a href=\"https:\/\/diariodobrasilnoticias.com.br\/noticia\/candidata-esponja-transforma-mal-entendido-em-estrategia-eleitoral-entenda-66ed4bb94bf24\">Source link <\/a><\/p>","protected":false},"excerpt":{"rendered":"<p>A candidata \u00e0 Prefeitura do Rio de Janeiro pelo Partido Novo, Carol Sponza, encontrou uma forma criativa de se destacar na campanha eleitoral ao transformar um mal-entendido em estrat\u00e9gia. Ap\u00f3s&hellip;<\/p>","protected":false},"author":1,"featured_media":39645,"comment_status":"closed","ping_status":"open","sticky":false,"template":"","format":"standard","meta":{"content-type":"","footnotes":""},"categories":[16],"tags":[123,2448,5313,1267],"class_list":["post-39644","post","type-post","status-publish","format-standard","has-post-thumbnail","hentry","category-noticias","tag-brasil","tag-diario","tag-noticia","tag-noticias"],"_links":{"self":[{"href":"https:\/\/tvbrazilusa.com\/pt\/wp-json\/wp\/v2\/posts\/39644","targetHints":{"allow":["GET"]}}],"collection":[{"href":"https:\/\/tvbrazilusa.com\/pt\/wp-json\/wp\/v2\/posts"}],"about":[{"href":"https:\/\/tvbrazilusa.com\/pt\/wp-json\/wp\/v2\/types\/post"}],"author":[{"embeddable":true,"href":"https:\/\/tvbrazilusa.com\/pt\/wp-json\/wp\/v2\/users\/1"}],"replies":[{"embeddable":true,"href":"https:\/\/tvbrazilusa.com\/pt\/wp-json\/wp\/v2\/comments?post=39644"}],"version-history":[{"count":1,"href":"https:\/\/tvbrazilusa.com\/pt\/wp-json\/wp\/v2\/posts\/39644\/revisions"}],"predecessor-version":[{"id":39646,"href":"https:\/\/tvbrazilusa.com\/pt\/wp-json\/wp\/v2\/posts\/39644\/revisions\/39646"}],"wp:featuredmedia":[{"embeddable":true,"href":"https:\/\/tvbrazilusa.com\/pt\/wp-json\/wp\/v2\/media\/39645"}],"wp:attachment":[{"href":"https:\/\/tvbrazilusa.com\/pt\/wp-json\/wp\/v2\/media?parent=39644"}],"wp:term":[{"taxonomy":"category","embeddable":true,"href":"https:\/\/tvbrazilusa.com\/pt\/wp-json\/wp\/v2\/categories?post=39644"},{"taxonomy":"post_tag","embeddable":true,"href":"https:\/\/tvbrazilusa.com\/pt\/wp-json\/wp\/v2\/tags?post=39644"}],"curies":[{"name":"wp","href":"https:\/\/api.w.org\/{rel}","templated":true}]}}